{"id":31570,"date":"2022-10-20T09:41:28","date_gmt":"2022-10-20T12:41:28","guid":{"rendered":"https:\/\/www.muniquintero.cl\/?p=31570"},"modified":"2022-10-20T09:41:28","modified_gmt":"2022-10-20T12:41:28","slug":"comision-de-regimen-interno-estudia-reglamento-de-funcionamiento","status":"publish","type":"post","link":"https:\/\/www.muniquintero.cl\/index.php\/2022\/10\/20\/comision-de-regimen-interno-estudia-reglamento-de-funcionamiento\/","title":{"rendered":"Comisi\u00f3n De R\u00e9gimen Interno Estudia Reglamento De Funcionamiento"},"content":{"rendered":"\n<p>Este mi\u00e9rcoles 19, a partir de las nueve de la ma\u00f1ana, se reunieron en Comisi\u00f3n de R\u00e9gimen Interior, los concejales Jos\u00e9 Varas, Mario Gonz\u00e1lez, Rolando Silva, Tamara Tello&nbsp; y el concejal Alejandro Sep\u00falveda, que preside dicha comisi\u00f3n, para tratar el reglamento de funcionamiento del Concejo Municipal.<\/p>\n\n\n\n<p>Ya que, de acuerdo a lo informado por el concejal Sep\u00falveda, se ha ido modernizando&nbsp; este reglamento desde que asumi\u00f3 el nuevo concejo, lo que permite ahora, por ejemplo, &nbsp;trasmitir las reuniones con el fin de transparentar la informaci\u00f3n y tambi\u00e9n dar a conocer c\u00f3mo se ejecuta la labor de las autoridades dentro de la comuna y&nbsp; c\u00f3mo &nbsp;se representa su voz dentro del Concejo Municipal.<\/p>\n\n\n\n<figure class=\"wp-block-image size-large\"><img fetchpriority=\"high\" decoding=\"async\" width=\"1024\" height=\"768\" src=\"https:\/\/www.muniquintero.cl\/wp-content\/uploads\/2022\/10\/7488ab33-4b1a-47a4-a576-7a8206fb30f7-1024x768.jpg\" alt=\"\" class=\"wp-image-31571\" srcset=\"https:\/\/www.muniquintero.cl\/wp-content\/uploads\/2022\/10\/7488ab33-4b1a-47a4-a576-7a8206fb30f7-1024x768.jpg 1024w, https:\/\/www.muniquintero.cl\/wp-content\/uploads\/2022\/10\/7488ab33-4b1a-47a4-a576-7a8206fb30f7-300x225.jpg 300w, https:\/\/www.muniquintero.cl\/wp-content\/uploads\/2022\/10\/7488ab33-4b1a-47a4-a576-7a8206fb30f7-768x576.jpg 768w, https:\/\/www.muniquintero.cl\/wp-content\/uploads\/2022\/10\/7488ab33-4b1a-47a4-a576-7a8206fb30f7-1536x1153.jpg 1536w, https:\/\/www.muniquintero.cl\/wp-content\/uploads\/2022\/10\/7488ab33-4b1a-47a4-a576-7a8206fb30f7.jpg 1599w\" sizes=\"(max-width: 1024px) 100vw, 1024px\" \/><\/figure>\n\n\n\n<p>El presidente de la Comisi\u00f3n de R\u00e9gimen Interno, explic\u00f3 que el reglamento de funcionamiento est\u00e1 refrendado por un decreto alcaldicio, en que se establecen las funciones del &nbsp;Concejo Municipal, &nbsp;entre las que se encuentra &nbsp;el normar y modificar ciertas acciones, cuando hay acuerdo, para la buena gesti\u00f3n. Todo esto, la &nbsp;opini\u00f3n p\u00fablica debe saberlo, como tambi\u00e9n cu\u00e1ntas comisiones hay, sus funciones, qui\u00e9nes las presiden y qu\u00e9 tareas est\u00e1n realizando.<\/p>\n\n\n\n<p>A la fecha se han hecho otros&nbsp; cambios al reglamento de funcionamiento, aparte de trasmitir las reuniones; por ejemplo, se separ\u00f3&nbsp; la comisi\u00f3n de Educaci\u00f3n, Cultura y Turismo en dos segmentos&nbsp; para que se pudiera sesionar de mejor manera, tambi\u00e9n en el reglamento antiguo los concejales pod\u00edan presidir solo dos comisiones y hoy d\u00eda hay concejales que tienen a cargo tres comisiones, como ocurre con el mismo concejal Alejandro Sep\u00falveda.<\/p>\n\n\n\n<p>Pero hay que seguir modificando, porque durante un tiempo en Estado de Excepci\u00f3n por pandemia, se permiti\u00f3 al Concejo Municipal sesionar de manera mixta, es decir de forma &nbsp;presencial y a la vez, remota, pero esa situaci\u00f3n se acab\u00f3, y la secretaria municipal&nbsp; indic\u00f3 que hay que analizar las formas de sesionar, en casos que alg\u00fan concejal no pueda acercarse al lugar de reuniones, termin\u00f3 diciendo el presidente de la Comisi\u00f3n de R\u00e9gimen Interno.<\/p>\n","protected":false},"excerpt":{"rendered":"<p>Este mi\u00e9rcoles 19, a partir de las nueve de la ma\u00f1ana, se reunieron en Comisi\u00f3n de R\u00e9gimen Interior, los concejales Jos\u00e9 Varas, Mario Gonz\u00e1lez, Rolando Silva, Tamara Tello&nbsp; y el concejal Alejandro Sep\u00falveda, que preside dicha comisi\u00f3n, para tratar el reglamento de funcionamiento del Concejo Municipal. Ya que, de acuerdo a lo informado por el [&hellip;]<\/p>\n","protected":false},"author":7,"featured_media":31571,"comment_status":"closed","ping_status":"closed","sticky":false,"template":"","format":"standard","meta":{"wds_primary_category":0,"footnotes":""},"categories":[2],"tags":[131,175,155],"class_list":["post-31570","post","type-post","status-publish","format-standard","has-post-thumbnail","hentry","category-noticias","tag-comision","tag-concejo-municipal","tag-regimen-interno"],"_links":{"self":[{"href":"https:\/\/www.muniquintero.cl\/index.php\/wp-json\/wp\/v2\/posts\/31570","targetHints":{"allow":["GET"]}}],"collection":[{"href":"https:\/\/www.muniquintero.cl\/index.php\/wp-json\/wp\/v2\/posts"}],"about":[{"href":"https:\/\/www.muniquintero.cl\/index.php\/wp-json\/wp\/v2\/types\/post"}],"author":[{"embeddable":true,"href":"https:\/\/www.muniquintero.cl\/index.php\/wp-json\/wp\/v2\/users\/7"}],"replies":[{"embeddable":true,"href":"https:\/\/www.muniquintero.cl\/index.php\/wp-json\/wp\/v2\/comments?post=31570"}],"version-history":[{"count":1,"href":"https:\/\/www.muniquintero.cl\/index.php\/wp-json\/wp\/v2\/posts\/31570\/revisions"}],"predecessor-version":[{"id":31572,"href":"https:\/\/www.muniquintero.cl\/index.php\/wp-json\/wp\/v2\/posts\/31570\/revisions\/31572"}],"wp:featuredmedia":[{"embeddable":true,"href":"https:\/\/www.muniquintero.cl\/index.php\/wp-json\/wp\/v2\/media\/31571"}],"wp:attachment":[{"href":"https:\/\/www.muniquintero.cl\/index.php\/wp-json\/wp\/v2\/media?parent=31570"}],"wp:term":[{"taxonomy":"category","embeddable":true,"href":"https:\/\/www.muniquintero.cl\/index.php\/wp-json\/wp\/v2\/categories?post=31570"},{"taxonomy":"post_tag","embeddable":true,"href":"https:\/\/www.muniquintero.cl\/index.php\/wp-json\/wp\/v2\/tags?post=31570"}],"curies":[{"name":"wp","href":"https:\/\/api.w.org\/{rel}","templated":true}]}}