{"id":31385,"date":"2022-10-11T08:56:21","date_gmt":"2022-10-11T11:56:21","guid":{"rendered":"https:\/\/www.muniquintero.cl\/?p=31385"},"modified":"2022-10-11T08:56:21","modified_gmt":"2022-10-11T11:56:21","slug":"con-exito-se-realizo-en-quintero-el-primer-encuentro-de-humedales","status":"publish","type":"post","link":"https:\/\/www.muniquintero.cl\/index.php\/2022\/10\/11\/con-exito-se-realizo-en-quintero-el-primer-encuentro-de-humedales\/","title":{"rendered":"Con \u00c9xito Se Realiz\u00f3 En Quintero El Primer Encuentro De Humedales"},"content":{"rendered":"\n<p>Durante los d\u00edas 7 y 8 de octubre, la Municipalidad de Quintero, a trav\u00e9s de la oficina de Asesor\u00eda Urbana que lidera el arquitecto Rodrigo Friz, desarroll\u00f3 el primer &nbsp;encuentro de humedales en que distintos representantes de instituciones p\u00fablicas, privadas, y municipalidades &nbsp;dieron &nbsp;a conocer el valor que tienen estos ecosistemas&nbsp; para la vida de los seres humanos y el medio ambiente, pero tambi\u00e9n las grandes dificultades que cada uno de esta entidades tienen para preservarlos.<\/p>\n\n\n\n<p>Porque no solo la escasez h\u00eddrica y el cambio clim\u00e1tico afectan a estos valiosos sistemas naturales, a\u00a0 su fauna y a su flora, sino especialmente es el comportamiento humano\u00a0 con sus \u00a0pr\u00e1cticas \u00a0depredadoras las que han ido destruyendo sus h\u00e1bitat, junto con ello, el avance inmobiliario en zonas aleda\u00f1as a estos lugares han terminado \u00a0por afectar las napas de agua de las cuales se surten, a lo que se agrega la existencia de animales dom\u00e9sticos que atacan a la fauna\u00a0 que habitualmente vive \u00a0en esos\u00a0 sectores \u00a0o \u00a0que \u00a0los \u00a0visitan en sus migraciones.<\/p>\n\n\n\n<figure class=\"wp-block-image size-large\"><img fetchpriority=\"high\" decoding=\"async\" width=\"1024\" height=\"683\" src=\"https:\/\/www.muniquintero.cl\/wp-content\/uploads\/2022\/10\/ENCUENTRO-UNO-1024x683.jpg\" alt=\"\" class=\"wp-image-31386\" srcset=\"https:\/\/www.muniquintero.cl\/wp-content\/uploads\/2022\/10\/ENCUENTRO-UNO-1024x683.jpg 1024w, https:\/\/www.muniquintero.cl\/wp-content\/uploads\/2022\/10\/ENCUENTRO-UNO-300x200.jpg 300w, https:\/\/www.muniquintero.cl\/wp-content\/uploads\/2022\/10\/ENCUENTRO-UNO-768x512.jpg 768w, https:\/\/www.muniquintero.cl\/wp-content\/uploads\/2022\/10\/ENCUENTRO-UNO-1536x1024.jpg 1536w, https:\/\/www.muniquintero.cl\/wp-content\/uploads\/2022\/10\/ENCUENTRO-UNO.jpg 1560w\" sizes=\"(max-width: 1024px) 100vw, 1024px\" \/><\/figure>\n\n\n\n<p>El encuentro desarrollado principalmente en el Parque Municipal \u201cLuisa Sebir\u00e9\u201d, ofreci\u00f3 visitas guiadas de no m\u00e1s de 20&nbsp; personas, escolares y adultos,&nbsp; a los humedales de El Bato, Santuario Bosque de Petras, Los Juanes, Mantagua y Desembocadura R\u00edo Aconcagua, sector norte, junto con avistar los esteros Mala Cara \u2013 Mantagua y el reconocimiento de avifauna y flora, abundantes luego de las lluvias del invierno. Los recorridos permitieron conocer&nbsp; c\u00f3mo acceder &nbsp;a esos espacios: en silencio, sin dejar&nbsp; desechos y &nbsp;sin afectar &nbsp;ninguna especie. Por otra parte, la feria de emprendedores que trabajan con materiales reciclados, junto a las ONGs que velan&nbsp; sitios de biodiversidad testimoni\u00f3 &nbsp;el incesante trabajo de personas que luchan frente a la poca conciencia de muchos.<\/p>\n\n\n\n<p>Durante la ma\u00f1ana del viernes 7, el alcalde de Quintero, Mauricio Carrasco, dijo que el municipio trabaja con rapidez en un nuevo Plano Regulador que limite, entre muchos aspectos, zonas para distintos tipos de actividades, como tambi\u00e9n las alturas de construcci\u00f3n, que se\u00f1ale las densidades de poblaci\u00f3n en los sectores, &nbsp;que d\u00e9 un destino &nbsp;acorde con el cuidado del &nbsp;medio ambiente &nbsp;a &nbsp;las 400 hect\u00e1reas,&nbsp; a\u00fan no ocupadas y que se&nbsp; encuentran en el barrio industrial de la bah\u00eda de Quintero, la que&nbsp; ya est\u00e1 saturado con &nbsp;empresas que trabajan con metales, combustibles o generan energ\u00eda el\u00e9ctrica. Con respecto a los 12 kil\u00f3metros de dunas en la Playa de Ritoque, dijo que no se autorizar\u00e1&nbsp; proyectos inmobiliarios en el lugar.<\/p>\n\n\n\n<figure class=\"wp-block-image size-large\"><img decoding=\"async\" width=\"1024\" height=\"683\" src=\"https:\/\/www.muniquintero.cl\/wp-content\/uploads\/2022\/10\/ENCUENTRO-DOS-1024x683.jpg\" alt=\"\" class=\"wp-image-31387\" srcset=\"https:\/\/www.muniquintero.cl\/wp-content\/uploads\/2022\/10\/ENCUENTRO-DOS-1024x683.jpg 1024w, https:\/\/www.muniquintero.cl\/wp-content\/uploads\/2022\/10\/ENCUENTRO-DOS-300x200.jpg 300w, https:\/\/www.muniquintero.cl\/wp-content\/uploads\/2022\/10\/ENCUENTRO-DOS-768x512.jpg 768w, https:\/\/www.muniquintero.cl\/wp-content\/uploads\/2022\/10\/ENCUENTRO-DOS-1536x1024.jpg 1536w, https:\/\/www.muniquintero.cl\/wp-content\/uploads\/2022\/10\/ENCUENTRO-DOS.jpg 1560w\" sizes=\"(max-width: 1024px) 100vw, 1024px\" \/><\/figure>\n\n\n\n<p>Acompa\u00f1\u00f3 al alcalde Carrasco el alcalde de Chiguayante, Jos\u00e9 Antonio Rivas, \u00e9l que expuso las acciones realizadas &nbsp;para proteger el &nbsp;bosque nativo en esa comuna.<\/p>\n\n\n\n<p>A continuaci\u00f3n se inici\u00f3 el ciclo de ponencias con \u201cImpacto urbano en los humedales de Quintero\u201d, estudio realizado por el ge\u00f3logo Jos\u00e9 Andrade de Asesor\u00eda Urbana que mostr\u00f3 con im\u00e1genes y estad\u00edsticas los da\u00f1os que est\u00e1 provocando el aumento de la poblaci\u00f3n que ha emigrado de la ciudad al campo.<\/p>\n\n\n\n<p>Luego el acad\u00e9mico Carlos Medina plante\u00f3 la pregunta \u00bfSobrevivir\u00e1 el bosque Las Petras?, &nbsp;y su propuesta: \u201cla comuna deber\u00eda tomar la decisi\u00f3n de construir una planta de tratamiento de aguas servidas en Quintero con un posterior re\u00faso de estas, con lo que se reflejar\u00eda una visi\u00f3n estrat\u00e9gica acorde con la actual sensibilidad ambiental de la ciudadan\u00eda y representar\u00eda para la comuna, adem\u00e1s la forma de dejar atr\u00e1s el estigma de ser considerada zona de sacrificio\u201d.<\/p>\n\n\n\n<p>Le siguieron los informes de&nbsp; Gef Humedales que trabaja en Mantagua con avances y desaf\u00edos y la Fundaci\u00f3n Kennedy con \u201cRestauraci\u00f3n y conservaci\u00f3n del humedal El Bato\u201d, ubicado en la planta que Copec tiene en ese sector.<\/p>\n\n\n\n<p>Por la tarde, se cont\u00f3 con la presencia del seremi de Medio Ambiente, Hern\u00e1n Ram\u00edrez, &nbsp;los alcances&nbsp; de&nbsp; la bi\u00f3loga Lorena Flores acerca del procedimiento que deben cumplir&nbsp; los municipios para las declaratorias de humedales urbanos, y se conocieron las acciones que&nbsp; realizan los municipios de Puchuncav\u00ed y Quillota &nbsp;para la conservaci\u00f3n de sus humedales.<\/p>\n\n\n\n<p>Las charlas continuaron el s\u00e1bado 8, sobre la gobernanza ambiental en el Programa para &nbsp;la recuperaci\u00f3n ambiental y social de Quintero y Puchuncav\u00ed, a cargo del soci\u00f3logo Luis Espinoza&nbsp; y&nbsp; Pr\u00e1cticas de conservaci\u00f3n del humedal de Mantagua por parte de la Posada del Parque, entre otras ponencias finales, adem\u00e1s de continuar con las visitas guiadas a los humedales,&nbsp; sesiones de cuentacuentos y obra de teatro con tema ecol\u00f3gico.<\/p>\n","protected":false},"excerpt":{"rendered":"<p>Durante los d\u00edas 7 y 8 de octubre, la Municipalidad de Quintero, a trav\u00e9s de la oficina de Asesor\u00eda Urbana que lidera el arquitecto Rodrigo Friz, desarroll\u00f3 el primer &nbsp;encuentro de humedales en que distintos representantes de instituciones p\u00fablicas, privadas, y municipalidades &nbsp;dieron &nbsp;a conocer el valor que tienen estos ecosistemas&nbsp; para la vida de [&hellip;]<\/p>\n","protected":false},"author":7,"featured_media":31386,"comment_status":"closed","ping_status":"closed","sticky":false,"template":"","format":"standard","meta":{"wds_primary_category":0,"footnotes":""},"categories":[2],"tags":[213,171,156,214],"class_list":["post-31385","post","type-post","status-publish","format-standard","has-post-thumbnail","hentry","category-noticias","tag-encuentro","tag-humedales","tag-medio-ambiente","tag-secpla"],"_links":{"self":[{"href":"https:\/\/www.muniquintero.cl\/index.php\/wp-json\/wp\/v2\/posts\/31385","targetHints":{"allow":["GET"]}}],"collection":[{"href":"https:\/\/www.muniquintero.cl\/index.php\/wp-json\/wp\/v2\/posts"}],"about":[{"href":"https:\/\/www.muniquintero.cl\/index.php\/wp-json\/wp\/v2\/types\/post"}],"author":[{"embeddable":true,"href":"https:\/\/www.muniquintero.cl\/index.php\/wp-json\/wp\/v2\/users\/7"}],"replies":[{"embeddable":true,"href":"https:\/\/www.muniquintero.cl\/index.php\/wp-json\/wp\/v2\/comments?post=31385"}],"version-history":[{"count":1,"href":"https:\/\/www.muniquintero.cl\/index.php\/wp-json\/wp\/v2\/posts\/31385\/revisions"}],"predecessor-version":[{"id":31388,"href":"https:\/\/www.muniquintero.cl\/index.php\/wp-json\/wp\/v2\/posts\/31385\/revisions\/31388"}],"wp:featuredmedia":[{"embeddable":true,"href":"https:\/\/www.muniquintero.cl\/index.php\/wp-json\/wp\/v2\/media\/31386"}],"wp:attachment":[{"href":"https:\/\/www.muniquintero.cl\/index.php\/wp-json\/wp\/v2\/media?parent=31385"}],"wp:term":[{"taxonomy":"category","embeddable":true,"href":"https:\/\/www.muniquintero.cl\/index.php\/wp-json\/wp\/v2\/categories?post=31385"},{"taxonomy":"post_tag","embeddable":true,"href":"https:\/\/www.muniquintero.cl\/index.php\/wp-json\/wp\/v2\/tags?post=31385"}],"curies":[{"name":"wp","href":"https:\/\/api.w.org\/{rel}","templated":true}]}}