{"id":31283,"date":"2022-09-28T13:12:04","date_gmt":"2022-09-28T16:12:04","guid":{"rendered":"https:\/\/www.muniquintero.cl\/?p=31283"},"modified":"2022-09-28T13:14:35","modified_gmt":"2022-09-28T16:14:35","slug":"se-prepara-operacion-y-gestion-de-residuos-solidos-y-voluminosos","status":"publish","type":"post","link":"https:\/\/www.muniquintero.cl\/index.php\/2022\/09\/28\/se-prepara-operacion-y-gestion-de-residuos-solidos-y-voluminosos\/","title":{"rendered":"Se Prepara Operaci\u00f3n y Gesti\u00f3n De Residuos S\u00f3lidos Y Voluminosos"},"content":{"rendered":"\n<p>Este martes se realiz\u00f3 la \u00faltima reuni\u00f3n del \u00a0equipo de trabajo que prepara la operaci\u00f3n y gesti\u00f3n integral de residuos s\u00f3lidos de la municipalidad de Quintero, que tiene por objetivo se\u00f1alar las responsabilidades y describir las acciones que se llevan a cabo para realizar una adecuada gesti\u00f3n de los residuos que se generan en la comuna.<\/p>\n\n\n\n<figure class=\"wp-block-image size-large\"><img decoding=\"async\" src=\"https:\/\/www.muniquintero.cl\/wp-content\/uploads\/2022\/09\/da159e9c-5ca6-4e2e-b469-98f21330cef3-1024x768.jpg\" alt=\"\" class=\"wp-image-31297\"\/><\/figure>\n\n\n\n<p>Para iniciar la campa\u00f1a comunicacional sobre los residuos se prepara para el pr\u00f3ximo martes 4 de octubre la presentaci\u00f3n &nbsp;de la campa\u00f1a comunicacional sobre la recolecci\u00f3n de residuos voluminosos que se pueden generar en los domicilios y que el Departamento de Servicios Generales comenzar\u00e1 a retirar a partir del mes de noviembre en fechas que ser\u00e1n &nbsp;dadas &nbsp;a conocer de forma previa, por lo que se pedir\u00e1 a los vecinos respetar las fechas para dejar fuera de los domicilios objetos como muebles y enseres, maderas, residuos de aparatos electr\u00f3nicos de gran tama\u00f1o, chatarra. Si esas fechas no se cumplen, se proceder\u00e1 a aplicar multas.<\/p>\n\n\n\n<p>En cuanto a los residuos s\u00f3lidos domiciliarios, los camiones municipales seguir\u00e1n retirados por los camiones dispuestos para ello, en las fechas y horarios habituales&nbsp; conocidos por los vecinos.<\/p>\n\n\n\n<p>La ceremonia de inicio de la&nbsp; campa\u00f1a contempla tambi\u00e9n la instalaci\u00f3n de un punto verde al interior del municipio, con el fin que tanto los funcionarios, como los usuarios puedan utilizarlo; es una se\u00f1al que la municipalidad quiere dar con la intenci\u00f3n de instalar un nuevo trato a los desechos que generamos, lo que implica un ordenamiento a la que todos estamos llamados.<\/p>\n","protected":false},"excerpt":{"rendered":"<p>Este martes se realiz\u00f3 la \u00faltima reuni\u00f3n del \u00a0equipo de trabajo que prepara la operaci\u00f3n y gesti\u00f3n integral de residuos s\u00f3lidos de la municipalidad de Quintero, que tiene por objetivo se\u00f1alar las responsabilidades y describir las acciones que se llevan a cabo para realizar una adecuada gesti\u00f3n de los residuos que se generan en la [&hellip;]<\/p>\n","protected":false},"author":7,"featured_media":31297,"comment_status":"closed","ping_status":"closed","sticky":false,"template":"","format":"standard","meta":{"wds_primary_category":0,"footnotes":""},"categories":[2],"tags":[156,195,193,194],"class_list":["post-31283","post","type-post","status-publish","format-standard","has-post-thumbnail","hentry","category-noticias","tag-medio-ambiente","tag-reclicaje","tag-residuos","tag-residuos-voluminos"],"_links":{"self":[{"href":"https:\/\/www.muniquintero.cl\/index.php\/wp-json\/wp\/v2\/posts\/31283","targetHints":{"allow":["GET"]}}],"collection":[{"href":"https:\/\/www.muniquintero.cl\/index.php\/wp-json\/wp\/v2\/posts"}],"about":[{"href":"https:\/\/www.muniquintero.cl\/index.php\/wp-json\/wp\/v2\/types\/post"}],"author":[{"embeddable":true,"href":"https:\/\/www.muniquintero.cl\/index.php\/wp-json\/wp\/v2\/users\/7"}],"replies":[{"embeddable":true,"href":"https:\/\/www.muniquintero.cl\/index.php\/wp-json\/wp\/v2\/comments?post=31283"}],"version-history":[{"count":1,"href":"https:\/\/www.muniquintero.cl\/index.php\/wp-json\/wp\/v2\/posts\/31283\/revisions"}],"predecessor-version":[{"id":31298,"href":"https:\/\/www.muniquintero.cl\/index.php\/wp-json\/wp\/v2\/posts\/31283\/revisions\/31298"}],"wp:featuredmedia":[{"embeddable":true,"href":"https:\/\/www.muniquintero.cl\/index.php\/wp-json\/wp\/v2\/media\/31297"}],"wp:attachment":[{"href":"https:\/\/www.muniquintero.cl\/index.php\/wp-json\/wp\/v2\/media?parent=31283"}],"wp:term":[{"taxonomy":"category","embeddable":true,"href":"https:\/\/www.muniquintero.cl\/index.php\/wp-json\/wp\/v2\/categories?post=31283"},{"taxonomy":"post_tag","embeddable":true,"href":"https:\/\/www.muniquintero.cl\/index.php\/wp-json\/wp\/v2\/tags?post=31283"}],"curies":[{"name":"wp","href":"https:\/\/api.w.org\/{rel}","templated":true}]}}