{"id":31165,"date":"2022-09-12T09:17:12","date_gmt":"2022-09-12T12:17:12","guid":{"rendered":"https:\/\/www.muniquintero.cl\/?p=31165"},"modified":"2022-09-12T09:17:12","modified_gmt":"2022-09-12T12:17:12","slug":"nueva-red-de-monitoreo-de-calidad-de-aire","status":"publish","type":"post","link":"https:\/\/www.muniquintero.cl\/index.php\/2022\/09\/12\/nueva-red-de-monitoreo-de-calidad-de-aire\/","title":{"rendered":"Nueva Red De Monitoreo De Calidad De Aire"},"content":{"rendered":"\n<p>El pasado jueves profesionales del Ministerio de Medio Ambiente se reunieron en el auditorio DAEM, con directivos docentes, &nbsp;duplas psicosociales y estudiantes de los colegios municipales para dar a conocer la Nueva red de monitoreo de calidad del aire para la comunas de Conc\u00f3n, Quintero y Puchuncav\u00ed.<\/p>\n\n\n\n<p>Al respecto, Hern\u00e1n Ram\u00edrez, secretario regional ministerial de Medio Ambiente, dijo que \u201cla nueva red, es un instrumento p\u00fablico que el\u00a0 ministerio espera tener operando a fines del pr\u00f3ximo a\u00f1o, por lo que es importante darlo a conocer a todos los estamentos, para as\u00ed\u00a0 \u00a0estar al tanto de la opini\u00f3n que la comunidad tiene con respecto a este dise\u00f1o, informar tambi\u00e9n qu\u00e9 componentes se estar\u00edan midiendo\u00a0 y \u00a0qu\u00e9 \u00a0otros elementos es importante medir\u201d.<\/p>\n\n\n\n<figure class=\"wp-block-image size-large\"><img fetchpriority=\"high\" decoding=\"async\" width=\"1024\" height=\"576\" src=\"https:\/\/www.muniquintero.cl\/wp-content\/uploads\/2022\/09\/vlcsnap-2022-09-12-08h13m37s730-1024x576.jpg\" alt=\"\" class=\"wp-image-31166\" srcset=\"https:\/\/www.muniquintero.cl\/wp-content\/uploads\/2022\/09\/vlcsnap-2022-09-12-08h13m37s730-1024x576.jpg 1024w, https:\/\/www.muniquintero.cl\/wp-content\/uploads\/2022\/09\/vlcsnap-2022-09-12-08h13m37s730-300x169.jpg 300w, https:\/\/www.muniquintero.cl\/wp-content\/uploads\/2022\/09\/vlcsnap-2022-09-12-08h13m37s730-768x432.jpg 768w, https:\/\/www.muniquintero.cl\/wp-content\/uploads\/2022\/09\/vlcsnap-2022-09-12-08h13m37s730-1536x864.jpg 1536w, https:\/\/www.muniquintero.cl\/wp-content\/uploads\/2022\/09\/vlcsnap-2022-09-12-08h13m37s730.jpg 1920w\" sizes=\"(max-width: 1024px) 100vw, 1024px\" \/><\/figure>\n\n\n\n<p>Este es un proceso que est\u00e1 en consulta en la p\u00e1gina web del ministerio hasta el 11 de octubre por lo que el seremi Ram\u00edrez hizo \u201cun llamado a la comunidad para hacer sus observaciones, ya que si se hacen por escrito estamos en la obligaci\u00f3n de responderlas &nbsp;y de ponderarlas &nbsp;y&nbsp; de alguna forma incluirlas &nbsp;en este dise\u00f1o de Red p\u00fablica de emisi\u00f3n de contaminantes de las comunas de Quintero, Conc\u00f3n y Puchuncav\u00ed\u201d.<\/p>\n\n\n\n<p>Ante la pregunta de c\u00f3mo eval\u00faa el encuentro con los estamentos de los colegios, el seremi de Medio Ambiente, dijo que \u201cla participaci\u00f3n de los profesores, directores y &nbsp;estudiantes es absolutamente valiosa y necesaria. Agradecemos su &nbsp;asistencia y compromiso de los que hoy vinieron, sus preguntas ayudan a poder mejorar este proyecto de dise\u00f1o de red que se requiere construir para asegurar a la comunidad informaci\u00f3n veraz, transparente e inmediata de la calidad del aire de Quintero y las comunas aleda\u00f1as\u201d.<\/p>\n","protected":false},"excerpt":{"rendered":"<p>El pasado jueves profesionales del Ministerio de Medio Ambiente se reunieron en el auditorio DAEM, con directivos docentes, &nbsp;duplas psicosociales y estudiantes de los colegios municipales para dar a conocer la Nueva red de monitoreo de calidad del aire para la comunas de Conc\u00f3n, Quintero y Puchuncav\u00ed. Al respecto, Hern\u00e1n Ram\u00edrez, secretario regional ministerial de [&hellip;]<\/p>\n","protected":false},"author":7,"featured_media":31166,"comment_status":"closed","ping_status":"closed","sticky":false,"template":"","format":"standard","meta":{"wds_primary_category":0,"footnotes":""},"categories":[2],"tags":[102,156,174,173,139],"class_list":["post-31165","post","type-post","status-publish","format-standard","has-post-thumbnail","hentry","category-noticias","tag-educacion","tag-medio-ambiente","tag-monitoreo","tag-red","tag-salud"],"_links":{"self":[{"href":"https:\/\/www.muniquintero.cl\/index.php\/wp-json\/wp\/v2\/posts\/31165","targetHints":{"allow":["GET"]}}],"collection":[{"href":"https:\/\/www.muniquintero.cl\/index.php\/wp-json\/wp\/v2\/posts"}],"about":[{"href":"https:\/\/www.muniquintero.cl\/index.php\/wp-json\/wp\/v2\/types\/post"}],"author":[{"embeddable":true,"href":"https:\/\/www.muniquintero.cl\/index.php\/wp-json\/wp\/v2\/users\/7"}],"replies":[{"embeddable":true,"href":"https:\/\/www.muniquintero.cl\/index.php\/wp-json\/wp\/v2\/comments?post=31165"}],"version-history":[{"count":1,"href":"https:\/\/www.muniquintero.cl\/index.php\/wp-json\/wp\/v2\/posts\/31165\/revisions"}],"predecessor-version":[{"id":31167,"href":"https:\/\/www.muniquintero.cl\/index.php\/wp-json\/wp\/v2\/posts\/31165\/revisions\/31167"}],"wp:featuredmedia":[{"embeddable":true,"href":"https:\/\/www.muniquintero.cl\/index.php\/wp-json\/wp\/v2\/media\/31166"}],"wp:attachment":[{"href":"https:\/\/www.muniquintero.cl\/index.php\/wp-json\/wp\/v2\/media?parent=31165"}],"wp:term":[{"taxonomy":"category","embeddable":true,"href":"https:\/\/www.muniquintero.cl\/index.php\/wp-json\/wp\/v2\/categories?post=31165"},{"taxonomy":"post_tag","embeddable":true,"href":"https:\/\/www.muniquintero.cl\/index.php\/wp-json\/wp\/v2\/tags?post=31165"}],"curies":[{"name":"wp","href":"https:\/\/api.w.org\/{rel}","templated":true}]}}