{"id":30030,"date":"2022-06-01T12:25:36","date_gmt":"2022-06-01T15:25:36","guid":{"rendered":"https:\/\/www.muniquintero.cl\/?p=30030"},"modified":"2022-06-01T12:29:23","modified_gmt":"2022-06-01T15:29:23","slug":"municipalidad-de-quintero-activo-el-codigo-azul-para-ayudar-a-personas-en-situacion-de-calle","status":"publish","type":"post","link":"https:\/\/www.muniquintero.cl\/index.php\/2022\/06\/01\/municipalidad-de-quintero-activo-el-codigo-azul-para-ayudar-a-personas-en-situacion-de-calle\/","title":{"rendered":"Municipalidad de Quintero activ\u00f3 el C\u00f3digo Azul para ayudar a personas en situaci\u00f3n de calle"},"content":{"rendered":"\n<p>El martes 31 de mayo la Municipalidad de Quintero en conjunto con la Iglesia Pentecostal de Chile, habilitaron un albergue para acoger a las personas en situaci\u00f3n de calle que se ven m\u00e1s afectadas por las bajas temperaturas durante la noche.<\/p>\n\n\n\n<p>Esta iniciativa, busca fortalecer el sistema de atenci\u00f3n en la comuna, comprometiendo a actores p\u00fablicos y privados, y contribuyendo al objetivo de que nadie muera de fr\u00edo en la calle.<\/p>\n\n\n\n<figure class=\"wp-block-image size-large\"><img fetchpriority=\"high\" decoding=\"async\" width=\"1024\" height=\"683\" src=\"https:\/\/www.muniquintero.cl\/wp-content\/uploads\/2022\/06\/IMG_9076-1024x683.jpg\" alt=\"\" class=\"wp-image-30032\" srcset=\"https:\/\/www.muniquintero.cl\/wp-content\/uploads\/2022\/06\/IMG_9076-1024x683.jpg 1024w, https:\/\/www.muniquintero.cl\/wp-content\/uploads\/2022\/06\/IMG_9076-300x200.jpg 300w, https:\/\/www.muniquintero.cl\/wp-content\/uploads\/2022\/06\/IMG_9076-768x512.jpg 768w, https:\/\/www.muniquintero.cl\/wp-content\/uploads\/2022\/06\/IMG_9076-1536x1024.jpg 1536w, https:\/\/www.muniquintero.cl\/wp-content\/uploads\/2022\/06\/IMG_9076-2048x1365.jpg 2048w\" sizes=\"(max-width: 1024px) 100vw, 1024px\" \/><\/figure>\n\n\n\n<p>Alberto Mar\u00edn, coordinador del Programa Calle en Quintero, explic\u00f3 que \u201cprincipalmente vamos a hacer una ruta posterior a la entrega de la cena que da todos los d\u00edas la parroquia, con protocolos b\u00e1sicos como la toma de temperatura y los aforos que vamos a mantener en las dependencias es de aproximadamente 15 personas\u201d.<\/p>\n\n\n\n<figure class=\"wp-block-audio\"><audio controls src=\"https:\/\/www.muniquintero.cl\/wp-content\/uploads\/2022\/06\/ALBERTO-MARIN-PROGRAMA-CALLE.mp3\"><\/audio><figcaption>Alberto Mar\u00edn<\/figcaption><\/figure>\n\n\n\n<p>\u201cVamos a utilizar unas dependencias adosadas a la iglesia que queda en Ernesto Riquelme, la vamos a habilitar con colchones, vamos a trabajar en equipo con un monitor que se va a quedar cuid\u00e1ndolos en la noche\u201d, detall\u00f3 Mar\u00edn. &nbsp;<\/p>\n\n\n\n<p>La activaci\u00f3n del C\u00f3digo Azul, fortalece la red disponible de veh\u00edculos que recorren los puntos en los cuales permanecen las personas en situaci\u00f3n de calle, entreg\u00e1ndoles alimentaci\u00f3n, ropa de abrigo, traslados y orientaci\u00f3n social.<\/p>\n\n\n\n<figure class=\"wp-block-image size-large\"><img decoding=\"async\" width=\"1024\" height=\"683\" src=\"https:\/\/www.muniquintero.cl\/wp-content\/uploads\/2022\/06\/IMG_9081-1024x683.jpg\" alt=\"\" class=\"wp-image-30033\" srcset=\"https:\/\/www.muniquintero.cl\/wp-content\/uploads\/2022\/06\/IMG_9081-1024x683.jpg 1024w, https:\/\/www.muniquintero.cl\/wp-content\/uploads\/2022\/06\/IMG_9081-300x200.jpg 300w, https:\/\/www.muniquintero.cl\/wp-content\/uploads\/2022\/06\/IMG_9081-768x512.jpg 768w, https:\/\/www.muniquintero.cl\/wp-content\/uploads\/2022\/06\/IMG_9081-1536x1024.jpg 1536w, https:\/\/www.muniquintero.cl\/wp-content\/uploads\/2022\/06\/IMG_9081-2048x1365.jpg 2048w\" sizes=\"(max-width: 1024px) 100vw, 1024px\" \/><\/figure>\n\n\n\n<p>Mauricio D\u00edaz, pastor de la Iglesia Pentecostal de Chile, Quintero, se\u00f1al\u00f3 que \u201cse toma como siempre, como lugar de albergue, tambi\u00e9n lugar de punto de encuentro y siempre estaremos dispuestos a trabajar por el pr\u00f3jimo, a practicar la fe y hacer trabajo social\u201d.<\/p>\n\n\n\n<figure class=\"wp-block-audio\"><audio controls src=\"https:\/\/www.muniquintero.cl\/wp-content\/uploads\/2022\/06\/MAURICIO-DIAZ-PASTOR.mp3\"><\/audio><figcaption>Mauricio D\u00edaz<\/figcaption><\/figure>\n\n\n\n<p>El albergue estar\u00e1 funcionando esta primera semana del mes de junio, en la Iglesia Pentecostal de Chile ubicada en Calle Ernesto Riquelme #1098, y se habilit\u00f3 el tel\u00e9fono 32 2379 750 para situaciones de emergencia.<\/p>\n","protected":false},"excerpt":{"rendered":"<p>El martes 31 de mayo la Municipalidad de Quintero en conjunto con la Iglesia Pentecostal de Chile, habilitaron un albergue para acoger a las personas en situaci\u00f3n de calle que se ven m\u00e1s afectadas por las bajas temperaturas durante la noche. Esta iniciativa, busca fortalecer el sistema de atenci\u00f3n en la comuna, comprometiendo a actores [&hellip;]<\/p>\n","protected":false},"author":7,"featured_media":30031,"comment_status":"closed","ping_status":"closed","sticky":false,"template":"","format":"standard","meta":{"wds_primary_category":0,"footnotes":""},"categories":[1],"tags":[],"class_list":["post-30030","post","type-post","status-publish","format-standard","has-post-thumbnail","hentry","category-municipalidad"],"_links":{"self":[{"href":"https:\/\/www.muniquintero.cl\/index.php\/wp-json\/wp\/v2\/posts\/30030","targetHints":{"allow":["GET"]}}],"collection":[{"href":"https:\/\/www.muniquintero.cl\/index.php\/wp-json\/wp\/v2\/posts"}],"about":[{"href":"https:\/\/www.muniquintero.cl\/index.php\/wp-json\/wp\/v2\/types\/post"}],"author":[{"embeddable":true,"href":"https:\/\/www.muniquintero.cl\/index.php\/wp-json\/wp\/v2\/users\/7"}],"replies":[{"embeddable":true,"href":"https:\/\/www.muniquintero.cl\/index.php\/wp-json\/wp\/v2\/comments?post=30030"}],"version-history":[{"count":2,"href":"https:\/\/www.muniquintero.cl\/index.php\/wp-json\/wp\/v2\/posts\/30030\/revisions"}],"predecessor-version":[{"id":30037,"href":"https:\/\/www.muniquintero.cl\/index.php\/wp-json\/wp\/v2\/posts\/30030\/revisions\/30037"}],"wp:featuredmedia":[{"embeddable":true,"href":"https:\/\/www.muniquintero.cl\/index.php\/wp-json\/wp\/v2\/media\/30031"}],"wp:attachment":[{"href":"https:\/\/www.muniquintero.cl\/index.php\/wp-json\/wp\/v2\/media?parent=30030"}],"wp:term":[{"taxonomy":"category","embeddable":true,"href":"https:\/\/www.muniquintero.cl\/index.php\/wp-json\/wp\/v2\/categories?post=30030"},{"taxonomy":"post_tag","embeddable":true,"href":"https:\/\/www.muniquintero.cl\/index.php\/wp-json\/wp\/v2\/tags?post=30030"}],"curies":[{"name":"wp","href":"https:\/\/api.w.org\/{rel}","templated":true}]}}