{"id":29512,"date":"2022-04-21T13:48:55","date_gmt":"2022-04-21T16:48:55","guid":{"rendered":"https:\/\/www.muniquintero.cl\/?p=29512"},"modified":"2022-04-21T13:48:55","modified_gmt":"2022-04-21T16:48:55","slug":"se-inician-jornadas-de-convivencia-escolar-de-los-establecimientos-educacionales-reconstruyendo-el-buen-convivir","status":"publish","type":"post","link":"https:\/\/www.muniquintero.cl\/index.php\/2022\/04\/21\/se-inician-jornadas-de-convivencia-escolar-de-los-establecimientos-educacionales-reconstruyendo-el-buen-convivir\/","title":{"rendered":"SE INICIAN JORNADAS DE CONVIVENCIA ESCOLAR DE LOS ESTABLECIMIENTOS EDUCACIONALES \u201cRECONSTRUYENDO EL BUEN CONVIVIR\u201d"},"content":{"rendered":"\n<p>\u201cEstamos en una primera jornada con representantes de los estudiantes, los apoderados y los encargados de convivencia escolar con un trabajo que busca el buen convivir, el c\u00f3mo decimos no a la violencia, c\u00f3mo decimos s\u00ed al convivir con el otro en paz, en alegr\u00eda en amistad en satisfacci\u00f3n\u201d. Fueron las palabras de la directora de Educaci\u00f3n Municipal, Edith Varas, para caracterizar el trabajo realizado este martes 19 de abril.<\/p>\n\n\n\n<figure class=\"wp-block-image size-large\"><img fetchpriority=\"high\" decoding=\"async\" width=\"1024\" height=\"576\" src=\"https:\/\/www.muniquintero.cl\/wp-content\/uploads\/2022\/04\/JORNADA-CUATRO-1-1024x576.jpg\" alt=\"\" class=\"wp-image-29514\" srcset=\"https:\/\/www.muniquintero.cl\/wp-content\/uploads\/2022\/04\/JORNADA-CUATRO-1-1024x576.jpg 1024w, https:\/\/www.muniquintero.cl\/wp-content\/uploads\/2022\/04\/JORNADA-CUATRO-1-300x169.jpg 300w, https:\/\/www.muniquintero.cl\/wp-content\/uploads\/2022\/04\/JORNADA-CUATRO-1-768x432.jpg 768w, https:\/\/www.muniquintero.cl\/wp-content\/uploads\/2022\/04\/JORNADA-CUATRO-1-1536x864.jpg 1536w, https:\/\/www.muniquintero.cl\/wp-content\/uploads\/2022\/04\/JORNADA-CUATRO-1.jpg 1920w\" sizes=\"(max-width: 1024px) 100vw, 1024px\" \/><\/figure>\n\n\n\n<p>Porque, dijo, que se debe trabajar con dos de los segmentos m\u00e1s importantes de la comunidad escolar, como son los estudiantes y los apoderados, para hacer un an\u00e1lisis, un levantamiento de informaci\u00f3n y trabajar pr\u00f3ximamente en una nueva reuni\u00f3n para planificar un Plan Integral de Convivencia Escolar Comunal, para que de verdad se pueda recuperar no solamente aprendizajes, sino recuperar el buen vivir, el saber c\u00f3mo respeto al otro, c\u00f3mo poder pensar distinto, pero trabajar con respeto.<\/p>\n\n\n\n<p>La jornada de reflexi\u00f3n y trabajo de la convivencia escolar de los establecimientos municipales de Quintero que llev\u00f3 por nombre \u201cReconstruyendo el buen convivir\u201d diagnostic\u00f3 en el actual contexto lo que est\u00e1n viviendo las comunidades educativas en el post retorno a la presencialidad, como tambi\u00e9n, definir las bases de los lineamientos para la gesti\u00f3n de la convivencia con una perspectiva comunal.<\/p>\n\n\n\n<figure class=\"wp-block-image size-large\"><img decoding=\"async\" width=\"1024\" height=\"576\" src=\"https:\/\/www.muniquintero.cl\/wp-content\/uploads\/2022\/04\/JORNADA-UNO-1024x576.jpg\" alt=\"\" class=\"wp-image-29515\" srcset=\"https:\/\/www.muniquintero.cl\/wp-content\/uploads\/2022\/04\/JORNADA-UNO-1024x576.jpg 1024w, https:\/\/www.muniquintero.cl\/wp-content\/uploads\/2022\/04\/JORNADA-UNO-300x169.jpg 300w, https:\/\/www.muniquintero.cl\/wp-content\/uploads\/2022\/04\/JORNADA-UNO-768x432.jpg 768w, https:\/\/www.muniquintero.cl\/wp-content\/uploads\/2022\/04\/JORNADA-UNO-1536x864.jpg 1536w, https:\/\/www.muniquintero.cl\/wp-content\/uploads\/2022\/04\/JORNADA-UNO.jpg 1920w\" sizes=\"(max-width: 1024px) 100vw, 1024px\" \/><\/figure>\n\n\n\n<p>Participaron los encargados de Convivencia Escolar, las duplas psicosociales, representantes de los centros de estudiantes y de los centros de padres, madres y apoderados, junto con el equipo del Departamento de Educaci\u00f3n Municipal, liderados por la directora Edith Varas.<\/p>\n\n\n\n<p>Todos ellos se dispusieron en grupos con un moderador integrante del equipo de la Unidad T\u00e9cnico \u2013 Pedag\u00f3gica del DAEM para trabajar temas que al final de la jornada fueron expuestas frente a los participantes que buscaban conocer c\u00f3mo se encontraban luego de casi dos meses de trabajo en las escuelas y c\u00f3mo vivieron desde su propia experiencia la vuelta a la presencialidad, tambi\u00e9n se habl\u00f3 acerca de las expectativas que cada uno tiene para el presente a\u00f1o escolar y finalmente se consult\u00f3 acerca de que es necesario hacer, qu\u00e9 falta y c\u00f3mo contribuir a la comunidad escolar a la que pertenece en relaci\u00f3n a la \u201cNo violencia\u201d.<\/p>\n\n\n\n<p>Luego de la exposici\u00f3n de los distintos grupos el equipo de la UTP &nbsp;&nbsp;realiz\u00f3 una s\u00edntesis con las principales ideas y conceptos extra\u00eddos de lo expuesto, los que servir\u00e1n, como se dijo, para hacer un lineamiento comunal a los que se deba acudir para ir mejorando y construyendo la buena convivencia escolar.<\/p>\n","protected":false},"excerpt":{"rendered":"<p>\u201cEstamos en una primera jornada con representantes de los estudiantes, los apoderados y los encargados de convivencia escolar con un trabajo que busca el buen convivir, el c\u00f3mo decimos no a la violencia, c\u00f3mo decimos s\u00ed al convivir con el otro en paz, en alegr\u00eda en amistad en satisfacci\u00f3n\u201d. Fueron las palabras de la directora [&hellip;]<\/p>\n","protected":false},"author":12,"featured_media":29513,"comment_status":"closed","ping_status":"closed","sticky":false,"template":"","format":"standard","meta":{"wds_primary_category":0,"footnotes":""},"categories":[1],"tags":[],"class_list":["post-29512","post","type-post","status-publish","format-standard","has-post-thumbnail","hentry","category-municipalidad"],"_links":{"self":[{"href":"https:\/\/www.muniquintero.cl\/index.php\/wp-json\/wp\/v2\/posts\/29512","targetHints":{"allow":["GET"]}}],"collection":[{"href":"https:\/\/www.muniquintero.cl\/index.php\/wp-json\/wp\/v2\/posts"}],"about":[{"href":"https:\/\/www.muniquintero.cl\/index.php\/wp-json\/wp\/v2\/types\/post"}],"author":[{"embeddable":true,"href":"https:\/\/www.muniquintero.cl\/index.php\/wp-json\/wp\/v2\/users\/12"}],"replies":[{"embeddable":true,"href":"https:\/\/www.muniquintero.cl\/index.php\/wp-json\/wp\/v2\/comments?post=29512"}],"version-history":[{"count":1,"href":"https:\/\/www.muniquintero.cl\/index.php\/wp-json\/wp\/v2\/posts\/29512\/revisions"}],"predecessor-version":[{"id":29516,"href":"https:\/\/www.muniquintero.cl\/index.php\/wp-json\/wp\/v2\/posts\/29512\/revisions\/29516"}],"wp:featuredmedia":[{"embeddable":true,"href":"https:\/\/www.muniquintero.cl\/index.php\/wp-json\/wp\/v2\/media\/29513"}],"wp:attachment":[{"href":"https:\/\/www.muniquintero.cl\/index.php\/wp-json\/wp\/v2\/media?parent=29512"}],"wp:term":[{"taxonomy":"category","embeddable":true,"href":"https:\/\/www.muniquintero.cl\/index.php\/wp-json\/wp\/v2\/categories?post=29512"},{"taxonomy":"post_tag","embeddable":true,"href":"https:\/\/www.muniquintero.cl\/index.php\/wp-json\/wp\/v2\/tags?post=29512"}],"curies":[{"name":"wp","href":"https:\/\/api.w.org\/{rel}","templated":true}]}}