{"id":29450,"date":"2022-04-18T11:12:24","date_gmt":"2022-04-18T14:12:24","guid":{"rendered":"https:\/\/www.muniquintero.cl\/?p=29450"},"modified":"2022-04-18T11:24:50","modified_gmt":"2022-04-18T14:24:50","slug":"subsecretario-de-medio-ambiente-escucho-a-vecinos-de-la-bahia-quintero-puchuncavi","status":"publish","type":"post","link":"https:\/\/www.muniquintero.cl\/index.php\/2022\/04\/18\/subsecretario-de-medio-ambiente-escucho-a-vecinos-de-la-bahia-quintero-puchuncavi\/","title":{"rendered":"Subsecretario de Medio Ambiente escuch\u00f3 a vecinos de la bah\u00eda Quintero Puchuncav\u00ed"},"content":{"rendered":"\n<p>El mi\u00e9rcoles 13 abril visit\u00f3 la bah\u00eda de Quintero Puchuncav\u00ed, el Subsecretario de Medio Ambiente Maximiliano Proa\u00f1o, para conocer de primera fuente las demandas y problemas de los vecinos de ambas comunas.<\/p>\n\n\n\n<p>El Subsecretario de Medio Ambiente fue acompa\u00f1ado por el SEREMI Hern\u00e1n Ram\u00edrez, quienes fueron recibidos por el alcalde de Puchuncav\u00ed Marcos Morales y su Concejo Municipal en la sede del Sindicato de Pescadores Artesanales de Ventanas, hasta donde llegaron representantes de organizaciones ambientales, pescadores artesanales y representantes de la Municipalidad de Quintero.<\/p>\n\n\n\n<p>Maximiliano Proa\u00f1o, luego de escuchar a la comunidad indic\u00f3 que \u201cnosotros como gobierno tenemos el compromiso de avanzar decididamente en esta zona con soluciones definitivas mediante un proceso de corto, mediano y largo plazo que hemos denominado un proceso de Transici\u00f3n Socio-Ecol\u00f3gica Justa en conjunto con la comunidad y todos los actores involucrados para la recuperaci\u00f3n de este territorio, la reparaci\u00f3n ecol\u00f3gica y hacia la ciudadan\u00eda\u201d.<\/p>\n\n\n\n<figure class=\"wp-block-audio\"><audio controls src=\"https:\/\/www.muniquintero.cl\/wp-content\/uploads\/2022\/04\/Maximiliano-Proan\u0303o-Subsecretario-de-Medio-Ambiente-.mp3\"><\/audio><figcaption>Maximiliano Proa\u00f1o <\/figcaption><\/figure>\n\n\n\n<p>La idea del Ministerio del Medio Ambiente es abordar el problema multi-sectorialmente y a todo nivel \u201cpara trabajar en conjunto en planes que permiytan esta transici\u00f3n, o sea que la comuna vaya avanzando en un nuevo modelo de desarrollo\u201d, adelanto el Subsecretario de Medioambiente.<\/p>\n\n\n\n<p>El SEREMI de Medio Ambiente Hern\u00e1n Ram\u00edrez tras concluir la reuni\u00f3n, destac\u00f3 el encuentro ya que \u201cescuchar de forma directa de los habitantes, de pescadores, de personas vinculadas a diferentes actividades productivas y tambi\u00e9n de autoridades como el alcalde de Puchuncav\u00ed, el Concejo y tambi\u00e9n de representantes de Quintero permite poder ir visualizando, ir haciendo los lineamientos necesarios para poder establecer las medidas que requiere la comunidad\u201d.<\/p>\n\n\n\n<figure class=\"wp-block-audio\"><audio controls src=\"https:\/\/www.muniquintero.cl\/wp-content\/uploads\/2022\/04\/HERNAN-RAMIREZ-SEREMI-de-Medio-Ambiente-.mp3\"><\/audio><figcaption>Hern\u00e1n Ram\u00edrez<\/figcaption><\/figure>\n\n\n\n<p>\u00a0A su vez Lizet Lobos Jefa del Departamento de Medio Ambiente de la Municipalidad de Quintero, valor\u00f3 positivamente la visita de la autoridad a la zona y pues pudieron manifestar \u201ctodas las aprensiones que la comunidad tanto de Quintero como Puchuncav\u00ed tienen respecto a las distintas normativas, a la falta de catastro de emisiones, al no poder todav\u00eda cumplir con el congelamiento de los terrenos que quedan en el parque industrial, y que el Subsecretario pudiese tener de primera fuente esta informaci\u00f3n que es tal vital para ambas comunas\u201d.<\/p>\n\n\n\n<figure class=\"wp-block-audio\"><audio controls src=\"https:\/\/www.muniquintero.cl\/wp-content\/uploads\/2022\/04\/Lizet-Lobos-Jefa-del-Departamento-de-Medio-Ambiente-de-la-Municipalidad-de-Quintero.mp3\"><\/audio><figcaption>Lizet Lobos<\/figcaption><\/figure>\n\n\n\n<figure class=\"wp-block-gallery has-nested-images columns-default is-cropped wp-block-gallery-1 is-layout-flex wp-block-gallery-is-layout-flex\">\n<figure class=\"wp-block-image size-large\"><img fetchpriority=\"high\" decoding=\"async\" width=\"1024\" height=\"683\" data-id=\"29455\" src=\"https:\/\/www.muniquintero.cl\/wp-content\/uploads\/2022\/04\/IMG_3977-1024x683.jpg\" alt=\"\" class=\"wp-image-29455\" srcset=\"https:\/\/www.muniquintero.cl\/wp-content\/uploads\/2022\/04\/IMG_3977-1024x683.jpg 1024w, https:\/\/www.muniquintero.cl\/wp-content\/uploads\/2022\/04\/IMG_3977-300x200.jpg 300w, https:\/\/www.muniquintero.cl\/wp-content\/uploads\/2022\/04\/IMG_3977-768x512.jpg 768w, https:\/\/www.muniquintero.cl\/wp-content\/uploads\/2022\/04\/IMG_3977-1536x1024.jpg 1536w, https:\/\/www.muniquintero.cl\/wp-content\/uploads\/2022\/04\/IMG_3977-2048x1365.jpg 2048w\" sizes=\"(max-width: 1024px) 100vw, 1024px\" \/><\/figure>\n\n\n\n<figure class=\"wp-block-image size-large\"><img decoding=\"async\" width=\"1024\" height=\"683\" data-id=\"29457\" src=\"https:\/\/www.muniquintero.cl\/wp-content\/uploads\/2022\/04\/IMG_3986-1024x683.jpg\" alt=\"\" class=\"wp-image-29457\" srcset=\"https:\/\/www.muniquintero.cl\/wp-content\/uploads\/2022\/04\/IMG_3986-1024x683.jpg 1024w, https:\/\/www.muniquintero.cl\/wp-content\/uploads\/2022\/04\/IMG_3986-300x200.jpg 300w, https:\/\/www.muniquintero.cl\/wp-content\/uploads\/2022\/04\/IMG_3986-768x512.jpg 768w, https:\/\/www.muniquintero.cl\/wp-content\/uploads\/2022\/04\/IMG_3986-1536x1024.jpg 1536w, https:\/\/www.muniquintero.cl\/wp-content\/uploads\/2022\/04\/IMG_3986-2048x1366.jpg 2048w\" sizes=\"(max-width: 1024px) 100vw, 1024px\" \/><\/figure>\n\n\n\n<figure class=\"wp-block-image size-large\"><img decoding=\"async\" width=\"1024\" height=\"683\" data-id=\"29456\" src=\"https:\/\/www.muniquintero.cl\/wp-content\/uploads\/2022\/04\/IMG_3989-1024x683.jpg\" alt=\"\" class=\"wp-image-29456\" srcset=\"https:\/\/www.muniquintero.cl\/wp-content\/uploads\/2022\/04\/IMG_3989-1024x683.jpg 1024w, https:\/\/www.muniquintero.cl\/wp-content\/uploads\/2022\/04\/IMG_3989-300x200.jpg 300w, https:\/\/www.muniquintero.cl\/wp-content\/uploads\/2022\/04\/IMG_3989-768x512.jpg 768w, https:\/\/www.muniquintero.cl\/wp-content\/uploads\/2022\/04\/IMG_3989-1536x1024.jpg 1536w, https:\/\/www.muniquintero.cl\/wp-content\/uploads\/2022\/04\/IMG_3989-2048x1365.jpg 2048w\" sizes=\"(max-width: 1024px) 100vw, 1024px\" \/><\/figure>\n<\/figure>\n\n\n\n<p>&#8211;<\/p>\n","protected":false},"excerpt":{"rendered":"<p>El mi\u00e9rcoles 13 abril visit\u00f3 la bah\u00eda de Quintero Puchuncav\u00ed, el Subsecretario de Medio Ambiente Maximiliano Proa\u00f1o, para conocer de primera fuente las demandas y problemas de los vecinos de ambas comunas. El Subsecretario de Medio Ambiente fue acompa\u00f1ado por el SEREMI Hern\u00e1n Ram\u00edrez, quienes fueron recibidos por el alcalde de Puchuncav\u00ed Marcos Morales y [&hellip;]<\/p>\n","protected":false},"author":7,"featured_media":29451,"comment_status":"closed","ping_status":"closed","sticky":false,"template":"","format":"standard","meta":{"wds_primary_category":0,"footnotes":""},"categories":[1,2],"tags":[],"class_list":["post-29450","post","type-post","status-publish","format-standard","has-post-thumbnail","hentry","category-municipalidad","category-noticias"],"_links":{"self":[{"href":"https:\/\/www.muniquintero.cl\/index.php\/wp-json\/wp\/v2\/posts\/29450","targetHints":{"allow":["GET"]}}],"collection":[{"href":"https:\/\/www.muniquintero.cl\/index.php\/wp-json\/wp\/v2\/posts"}],"about":[{"href":"https:\/\/www.muniquintero.cl\/index.php\/wp-json\/wp\/v2\/types\/post"}],"author":[{"embeddable":true,"href":"https:\/\/www.muniquintero.cl\/index.php\/wp-json\/wp\/v2\/users\/7"}],"replies":[{"embeddable":true,"href":"https:\/\/www.muniquintero.cl\/index.php\/wp-json\/wp\/v2\/comments?post=29450"}],"version-history":[{"count":2,"href":"https:\/\/www.muniquintero.cl\/index.php\/wp-json\/wp\/v2\/posts\/29450\/revisions"}],"predecessor-version":[{"id":29459,"href":"https:\/\/www.muniquintero.cl\/index.php\/wp-json\/wp\/v2\/posts\/29450\/revisions\/29459"}],"wp:featuredmedia":[{"embeddable":true,"href":"https:\/\/www.muniquintero.cl\/index.php\/wp-json\/wp\/v2\/media\/29451"}],"wp:attachment":[{"href":"https:\/\/www.muniquintero.cl\/index.php\/wp-json\/wp\/v2\/media?parent=29450"}],"wp:term":[{"taxonomy":"category","embeddable":true,"href":"https:\/\/www.muniquintero.cl\/index.php\/wp-json\/wp\/v2\/categories?post=29450"},{"taxonomy":"post_tag","embeddable":true,"href":"https:\/\/www.muniquintero.cl\/index.php\/wp-json\/wp\/v2\/tags?post=29450"}],"curies":[{"name":"wp","href":"https:\/\/api.w.org\/{rel}","templated":true}]}}