{"id":29447,"date":"2022-04-18T10:57:36","date_gmt":"2022-04-18T13:57:36","guid":{"rendered":"https:\/\/www.muniquintero.cl\/?p=29447"},"modified":"2022-04-18T18:27:20","modified_gmt":"2022-04-18T21:27:20","slug":"por-segundo-ano-consecutivo-proyecto-gef-humedales-realiza-capacitacion-para-docentes-y-educadores-de-establecimientos-municipales-de-quintero","status":"publish","type":"post","link":"https:\/\/www.muniquintero.cl\/index.php\/2022\/04\/18\/por-segundo-ano-consecutivo-proyecto-gef-humedales-realiza-capacitacion-para-docentes-y-educadores-de-establecimientos-municipales-de-quintero\/","title":{"rendered":"Por segundo a\u00f1o consecutivo Proyecto Gef Humedales\u00a0 realiza\u00a0 capacitaci\u00f3n para docentes y educadores de establecimientos municipales de Quintero"},"content":{"rendered":"\n<p>Con el&nbsp; \u00e9nfasis puesto en realizar con \u00e9xito el&nbsp; Sistema Nacional de Certificaci\u00f3n Ambiental Educativa por parte de los colegios municipales de Quintero, que se renueva cada cuatro a\u00f1os, se dio inicio &nbsp;la capacitaci\u00f3n para docentes y educadoras organizada por el Programa GEF Humedales y la Seremi de Medio Ambiente Regi\u00f3n Valpara\u00edso, en estrecha colaboraci\u00f3n con el DAEM.<\/p>\n\n\n\n<p>Sebasti\u00e1n Fuentes, coordinador de Educaci\u00f3n Extraescolar del DAEM Quintero, explic\u00f3 que esta unidad viene vincul\u00e1ndose \u00a0desde el 2019 con diversas iniciativas que promueven la Educaci\u00f3n Medio Ambiental.<\/p>\n\n\n\n<figure class=\"wp-block-image size-large\"><img fetchpriority=\"high\" decoding=\"async\" width=\"1024\" height=\"768\" src=\"https:\/\/www.muniquintero.cl\/wp-content\/uploads\/2022\/04\/WhatsApp-Image-2022-04-18-at-15.40.42-1-1-1024x768.jpeg\" alt=\"\" class=\"wp-image-29468\" srcset=\"https:\/\/www.muniquintero.cl\/wp-content\/uploads\/2022\/04\/WhatsApp-Image-2022-04-18-at-15.40.42-1-1-1024x768.jpeg 1024w, https:\/\/www.muniquintero.cl\/wp-content\/uploads\/2022\/04\/WhatsApp-Image-2022-04-18-at-15.40.42-1-1-300x225.jpeg 300w, https:\/\/www.muniquintero.cl\/wp-content\/uploads\/2022\/04\/WhatsApp-Image-2022-04-18-at-15.40.42-1-1-768x576.jpeg 768w, https:\/\/www.muniquintero.cl\/wp-content\/uploads\/2022\/04\/WhatsApp-Image-2022-04-18-at-15.40.42-1-1-1536x1152.jpeg 1536w, https:\/\/www.muniquintero.cl\/wp-content\/uploads\/2022\/04\/WhatsApp-Image-2022-04-18-at-15.40.42-1-1.jpeg 1600w\" sizes=\"(max-width: 1024px) 100vw, 1024px\" \/><\/figure>\n\n\n\n<p>Una &nbsp;de estas,&nbsp; es el Proyecto GEF Humedales que articula en Quintero &nbsp;el Departamento Municipal de Medio Ambiente; a trav\u00e9s de este trabajo&nbsp; se dieron cuenta de la necesidad de realizar un lineamiento comunal en torno a este tipo de aprendizajes &nbsp;en los colegios, por lo que &nbsp;naci\u00f3 &nbsp;un programa que se preocupa de&nbsp; promover la Educaci\u00f3n Ambiental y&nbsp; certificaci\u00f3n de las escuelas en esta \u00e1rea, &nbsp;adem\u00e1s de &nbsp;promover el cuidado de la flora y fauna del sector. Aun en pandemia,&nbsp; los&nbsp; profesores se pudieron capacitar &nbsp;visitando en terreno &nbsp;el Bosque de Petras, el Cerro Mauco, los humedales y las dunas de Ritoque.<\/p>\n\n\n\n<p>De ah\u00ed entonces, \u00a0se han ido realizando distintas acciones respetando la particularidad de cada establecimiento y sus distintos sellos, en los que se incluye, como se dijo, \u00a0el proceso de certificaci\u00f3n. El 2021 de los diez colegios a cargo del DAEM, s\u00f3lo cuatro lograron la aprobaci\u00f3n en este \u00e1mbito, de manera que este a\u00f1o \u00a0el Proyecto GEF Humedales coopera para que\u00a0 los seis restantes logren\u00a0 alcanzar dicha certificaci\u00f3n.<\/p>\n\n\n\n<figure class=\"wp-block-image size-large\"><img decoding=\"async\" width=\"1024\" height=\"768\" src=\"https:\/\/www.muniquintero.cl\/wp-content\/uploads\/2022\/04\/WhatsApp-Image-2022-04-18-at-15.40.43-1024x768.jpeg\" alt=\"\" class=\"wp-image-29470\" srcset=\"https:\/\/www.muniquintero.cl\/wp-content\/uploads\/2022\/04\/WhatsApp-Image-2022-04-18-at-15.40.43-1024x768.jpeg 1024w, https:\/\/www.muniquintero.cl\/wp-content\/uploads\/2022\/04\/WhatsApp-Image-2022-04-18-at-15.40.43-300x225.jpeg 300w, https:\/\/www.muniquintero.cl\/wp-content\/uploads\/2022\/04\/WhatsApp-Image-2022-04-18-at-15.40.43-768x576.jpeg 768w, https:\/\/www.muniquintero.cl\/wp-content\/uploads\/2022\/04\/WhatsApp-Image-2022-04-18-at-15.40.43-1536x1152.jpeg 1536w, https:\/\/www.muniquintero.cl\/wp-content\/uploads\/2022\/04\/WhatsApp-Image-2022-04-18-at-15.40.43.jpeg 1600w\" sizes=\"(max-width: 1024px) 100vw, 1024px\" \/><\/figure>\n\n\n\n<p>Cinthia Mizobe, coordinadora local del Proyecto GEF Humedales Costeros explic\u00f3 que el a\u00f1o pasado en colaboraci\u00f3n con el DAEM \u00a0se inici\u00f3 el \u00a0programa de Educaci\u00f3n Ambiental en Quintero con docentes de los colegios \u00a0\u00a0municipales,\u00a0 por lo que este a\u00f1o se realiz\u00f3 una nueva versi\u00f3n en que se ampli\u00f3 tanto los \u00a0contenidos, \u00a0como el p\u00fablico al que estaba dirigido, ya que se consider\u00f3 \u00a0a colegios de Puchuncav\u00ed y Conc\u00f3n, interactuando con los municipios, los DAEM y los departamentos de Medio Ambiente, para tratar temas\u00a0 ambientales e informaci\u00f3n del \u00a0Sistema Nacional de Certificaci\u00f3n Ambiental Educativa \u00a0que \u00a0lidera el Departamento de Medio Ambiente, con el que se dio inicio a esta capacitaci\u00f3n.<\/p>\n\n\n\n<figure class=\"wp-block-image size-large\"><img decoding=\"async\" width=\"1024\" height=\"576\" src=\"https:\/\/www.muniquintero.cl\/wp-content\/uploads\/2022\/04\/WhatsApp-Image-2022-04-18-at-15.40.42-1024x576.jpeg\" alt=\"\" class=\"wp-image-29471\" srcset=\"https:\/\/www.muniquintero.cl\/wp-content\/uploads\/2022\/04\/WhatsApp-Image-2022-04-18-at-15.40.42-1024x576.jpeg 1024w, https:\/\/www.muniquintero.cl\/wp-content\/uploads\/2022\/04\/WhatsApp-Image-2022-04-18-at-15.40.42-300x169.jpeg 300w, https:\/\/www.muniquintero.cl\/wp-content\/uploads\/2022\/04\/WhatsApp-Image-2022-04-18-at-15.40.42-768x432.jpeg 768w, https:\/\/www.muniquintero.cl\/wp-content\/uploads\/2022\/04\/WhatsApp-Image-2022-04-18-at-15.40.42-1536x864.jpeg 1536w, https:\/\/www.muniquintero.cl\/wp-content\/uploads\/2022\/04\/WhatsApp-Image-2022-04-18-at-15.40.42.jpeg 1600w\" sizes=\"(max-width: 1024px) 100vw, 1024px\" \/><\/figure>\n\n\n\n<p>Por eso el pasado mi\u00e9rcoles en&nbsp; el auditorio del Departamento de Educaci\u00f3n, expuso Camila Alarc\u00f3n, representante de la Secci\u00f3n de Educaci\u00f3n Ambiental y Participaci\u00f3n Ciudadana de la Seremi de Medio Ambiente de la Regi\u00f3n de&nbsp; Valpara\u00edso, acerca del Sistema Nacional de Certificaci\u00f3n Ambiental Educativa y c\u00f3mo enfrentarlo, &nbsp;de manera de vincular el trabajo que se realiza en el marco del&nbsp; Programa GEF Humedales desde la mirada de esta certificaci\u00f3n, ya que &nbsp;promueve una metodolog\u00eda para lograr este objetivo educativo.<\/p>\n\n\n\n<p>La expositora dijo que ese &nbsp;es el prop\u00f3sito final, porque si los docentes que se capacitan tienen una mirada m\u00e1s amplia de todo lo adquirido podr\u00e1n&nbsp; dar a &nbsp;conocer a &nbsp;su &nbsp;comunidad escolar de mejor manera sus conocimientos y as\u00ed &nbsp;ayudar a realizar la&nbsp; certificaci\u00f3n de manera exitosa.<\/p>\n","protected":false},"excerpt":{"rendered":"<p>Con el&nbsp; \u00e9nfasis puesto en realizar con \u00e9xito el&nbsp; Sistema Nacional de Certificaci\u00f3n Ambiental Educativa por parte de los colegios municipales de Quintero, que se renueva cada cuatro a\u00f1os, se dio inicio &nbsp;la capacitaci\u00f3n para docentes y educadoras organizada por el Programa GEF Humedales y la Seremi de Medio Ambiente Regi\u00f3n Valpara\u00edso, en estrecha colaboraci\u00f3n [&hellip;]<\/p>\n","protected":false},"author":12,"featured_media":29467,"comment_status":"closed","ping_status":"closed","sticky":false,"template":"","format":"standard","meta":{"wds_primary_category":0,"footnotes":""},"categories":[1],"tags":[],"class_list":["post-29447","post","type-post","status-publish","format-standard","has-post-thumbnail","hentry","category-municipalidad"],"_links":{"self":[{"href":"https:\/\/www.muniquintero.cl\/index.php\/wp-json\/wp\/v2\/posts\/29447","targetHints":{"allow":["GET"]}}],"collection":[{"href":"https:\/\/www.muniquintero.cl\/index.php\/wp-json\/wp\/v2\/posts"}],"about":[{"href":"https:\/\/www.muniquintero.cl\/index.php\/wp-json\/wp\/v2\/types\/post"}],"author":[{"embeddable":true,"href":"https:\/\/www.muniquintero.cl\/index.php\/wp-json\/wp\/v2\/users\/12"}],"replies":[{"embeddable":true,"href":"https:\/\/www.muniquintero.cl\/index.php\/wp-json\/wp\/v2\/comments?post=29447"}],"version-history":[{"count":2,"href":"https:\/\/www.muniquintero.cl\/index.php\/wp-json\/wp\/v2\/posts\/29447\/revisions"}],"predecessor-version":[{"id":29472,"href":"https:\/\/www.muniquintero.cl\/index.php\/wp-json\/wp\/v2\/posts\/29447\/revisions\/29472"}],"wp:featuredmedia":[{"embeddable":true,"href":"https:\/\/www.muniquintero.cl\/index.php\/wp-json\/wp\/v2\/media\/29467"}],"wp:attachment":[{"href":"https:\/\/www.muniquintero.cl\/index.php\/wp-json\/wp\/v2\/media?parent=29447"}],"wp:term":[{"taxonomy":"category","embeddable":true,"href":"https:\/\/www.muniquintero.cl\/index.php\/wp-json\/wp\/v2\/categories?post=29447"},{"taxonomy":"post_tag","embeddable":true,"href":"https:\/\/www.muniquintero.cl\/index.php\/wp-json\/wp\/v2\/tags?post=29447"}],"curies":[{"name":"wp","href":"https:\/\/api.w.org\/{rel}","templated":true}]}}