{"id":28845,"date":"2022-02-18T10:08:29","date_gmt":"2022-02-18T13:08:29","guid":{"rendered":"https:\/\/www.muniquintero.cl\/?p=28845"},"modified":"2022-02-18T10:12:52","modified_gmt":"2022-02-18T13:12:52","slug":"director-municipal-de-seguridad-publica-evalua-trabajo-realizado-este-verano","status":"publish","type":"post","link":"https:\/\/www.muniquintero.cl\/index.php\/2022\/02\/18\/director-municipal-de-seguridad-publica-evalua-trabajo-realizado-este-verano\/","title":{"rendered":"Director municipal de Seguridad P\u00fablica eval\u00faa trabajo realizado este verano"},"content":{"rendered":"\n<p>Una evaluaci\u00f3n de los resultados del trabajo realizado por el Plan Verano Seguro 2022 en Quintero y las expectativas que nuestra comunidad tiene acerca de este importante accionar, realiz\u00f3 el abogado Patricio Aran\u00edbar, director de Seguridad P\u00fablica Municipal.<\/p>\n\n\n\n<p>En &nbsp;primer&nbsp; t\u00e9rmino,&nbsp; explica,&nbsp; que &nbsp;el plan funciona &nbsp;conforme a la problem\u00e1tica&nbsp; establecida en otros veranos, tomando en cuenta que al disminuir las restricciones sanitarias &nbsp;la poblaci\u00f3n flotante &nbsp;aument\u00f3 esta temporada estival y aunque &nbsp;ha habido &nbsp;aciertos desde muchos puntos de vista,&nbsp; la &nbsp;problem\u00e1tica &nbsp;delictual es mucho m\u00e1s amplia que la oferta program\u00e1tica que pueda tener una <a>Direcci\u00f3n de Seguridad P\u00fablica Municipal <\/a>o de Carabineros de Chile.<\/p>\n\n\n\n<figure class=\"wp-block-image size-large\"><img fetchpriority=\"high\" decoding=\"async\" width=\"1024\" height=\"498\" src=\"https:\/\/www.muniquintero.cl\/wp-content\/uploads\/2022\/02\/WhatsApp-Image-2022-02-17-at-23.09.25-1024x498.jpeg\" alt=\"\" class=\"wp-image-28846\" srcset=\"https:\/\/www.muniquintero.cl\/wp-content\/uploads\/2022\/02\/WhatsApp-Image-2022-02-17-at-23.09.25-1024x498.jpeg 1024w, https:\/\/www.muniquintero.cl\/wp-content\/uploads\/2022\/02\/WhatsApp-Image-2022-02-17-at-23.09.25-300x146.jpeg 300w, https:\/\/www.muniquintero.cl\/wp-content\/uploads\/2022\/02\/WhatsApp-Image-2022-02-17-at-23.09.25-768x373.jpeg 768w, https:\/\/www.muniquintero.cl\/wp-content\/uploads\/2022\/02\/WhatsApp-Image-2022-02-17-at-23.09.25-1536x746.jpeg 1536w, https:\/\/www.muniquintero.cl\/wp-content\/uploads\/2022\/02\/WhatsApp-Image-2022-02-17-at-23.09.25.jpeg 1599w\" sizes=\"(max-width: 1024px) 100vw, 1024px\" \/><figcaption><em>Patricio Aran\u00edbar Astudillo, director de Seguridad P\u00fablica IMQ<\/em><\/figcaption><\/figure>\n\n\n\n<p>Sobre la base de estos antecedentes, &nbsp;el&nbsp; trabajo se ha focalizado de acuerdo a las competencias que &nbsp;tiene un municipio, porque esencialmente la seguridad p\u00fablica le corresponde al Estado de Chile, y en la zona la debe implementar el delegado presidencial y no el &nbsp;alcalde.<\/p>\n\n\n\n<p>Patricio Aran\u00edbar &nbsp;explica que &nbsp;\u201clos municipios tienen &nbsp;facultades de seguridad p\u00fablica, pero son de prevenci\u00f3n situacional, esto significa que se contribuye de forma disuasiva &nbsp;a la mantenci\u00f3n de la seguridad comunal, un ejemplo de ello, es que si hubiere personas consumiendo alcohol en la Puntilla Sanfuentes muchas veces basta que un veh\u00edculo de seguridad vaya con las balizas prendidas para que se act\u00fae de manera convincente y &nbsp;las personas se vayan, ahora si esas personas no lo hacen &nbsp;corresponde que act\u00fae la polic\u00eda y se cumple con llamar&nbsp; a Carabineros de Chile. Entonces hay una distinci\u00f3n clara de cu\u00e1l es nuestra labor\u201d.<\/p>\n\n\n\n<p>Al focalizar, dice el director de seguridad, se ha puesto \u00e9nfasis en situaciones de competencia municipal, como &nbsp;operativos en el borde costero por venta ilegal de alcohol y drogas, atender da\u00f1os por colisiones, entre otros; &nbsp;en d\u00edas pasados ocurri\u00f3 un accidente provocado por una persona que manejaba en estado de ebriedad que&nbsp; atropell\u00f3 a&nbsp; un ni\u00f1o de no m\u00e1s de tres a\u00f1os y se cumpli\u00f3 en ese caso de hacer de veh\u00edculo de emergencia, de tal manera que la ambulancia pudiera tener una pronta llegada al centro asistencial de salud, eso es tambi\u00e9n parte de la seguridad comunal, tambi\u00e9n han habido otros casos,&nbsp; como actuar ante la flagrancia, que se entiende detener a personas con las manos en la masa, muchas de estas personas hacen turismo delictual, o sea vienen de otras comunas, espec\u00edficamente de Santiago a delinquir a Quintero, entonces surge la consulta, si Seguridad Municipal est\u00e1 en condiciones de detener y la respuesta es que se rige por la norma que est\u00e1n en el C\u00f3digo Procesal Penal, por lo que se detiene en flagrancia, lo que cualquier persona&nbsp; puede hacer, &nbsp;y aun as\u00ed lo hacemos por mandato conforme a los procedimientos establecidos.<\/p>\n\n\n\n<p>Se debe seguir mejorando, se trabaja &nbsp;para ello, y en este verano &nbsp;se ha &nbsp;realizado una buena cantidad de procedimientos y de situaciones que se han podido abordar, \u201cno por nada es dentro de los cuerpos de orden y seguridad, de acuerdo a encuestas, el que mejor nota alcanza, porque todo Quintero sabe que ante cualquier procedimiento los primeros que llegan somos nosotros\u201d, dice Aran\u00edbar.<\/p>\n\n\n\n<p>Finalmente propone \u201cque ha llegado el momento de discutir seriamente de qu\u00e9 manera la Seguridad P\u00fablica que pide la ciudadan\u00eda de Quintero le corresponde a la municipalidad o al Estado de Chile, ha llegado el momento que tenemos que separar esa l\u00ednea y debemos comenzar a trabajarla de manera program\u00e1tica, porque en alguna medida al municipio se le endosan competencias de seguridad p\u00fablica que no tiene, entonces desde ese punto de vista es necesario trabajar fuertemente con las juntas de vecinos, juntas de adelantos y sus dirigentes, de tal manera que nosotros podamos tecnificar esas denuncias y &nbsp;dirigirlas&nbsp; a qui\u00e9n realmente las pueda resolver, porque &nbsp;mayormente son del Estado y residualmente son del municipio\u201d.<\/p>\n","protected":false},"excerpt":{"rendered":"<p>Una evaluaci\u00f3n de los resultados del trabajo realizado por el Plan Verano Seguro 2022 en Quintero y las expectativas que nuestra comunidad tiene acerca de este importante accionar, realiz\u00f3 el abogado Patricio Aran\u00edbar, director de Seguridad P\u00fablica Municipal. En &nbsp;primer&nbsp; t\u00e9rmino,&nbsp; explica,&nbsp; que &nbsp;el plan funciona &nbsp;conforme a la problem\u00e1tica&nbsp; establecida en otros veranos, tomando [&hellip;]<\/p>\n","protected":false},"author":12,"featured_media":28847,"comment_status":"closed","ping_status":"closed","sticky":false,"template":"","format":"standard","meta":{"wds_primary_category":0,"footnotes":""},"categories":[1],"tags":[],"class_list":["post-28845","post","type-post","status-publish","format-standard","has-post-thumbnail","hentry","category-municipalidad"],"_links":{"self":[{"href":"https:\/\/www.muniquintero.cl\/index.php\/wp-json\/wp\/v2\/posts\/28845","targetHints":{"allow":["GET"]}}],"collection":[{"href":"https:\/\/www.muniquintero.cl\/index.php\/wp-json\/wp\/v2\/posts"}],"about":[{"href":"https:\/\/www.muniquintero.cl\/index.php\/wp-json\/wp\/v2\/types\/post"}],"author":[{"embeddable":true,"href":"https:\/\/www.muniquintero.cl\/index.php\/wp-json\/wp\/v2\/users\/12"}],"replies":[{"embeddable":true,"href":"https:\/\/www.muniquintero.cl\/index.php\/wp-json\/wp\/v2\/comments?post=28845"}],"version-history":[{"count":2,"href":"https:\/\/www.muniquintero.cl\/index.php\/wp-json\/wp\/v2\/posts\/28845\/revisions"}],"predecessor-version":[{"id":28850,"href":"https:\/\/www.muniquintero.cl\/index.php\/wp-json\/wp\/v2\/posts\/28845\/revisions\/28850"}],"wp:featuredmedia":[{"embeddable":true,"href":"https:\/\/www.muniquintero.cl\/index.php\/wp-json\/wp\/v2\/media\/28847"}],"wp:attachment":[{"href":"https:\/\/www.muniquintero.cl\/index.php\/wp-json\/wp\/v2\/media?parent=28845"}],"wp:term":[{"taxonomy":"category","embeddable":true,"href":"https:\/\/www.muniquintero.cl\/index.php\/wp-json\/wp\/v2\/categories?post=28845"},{"taxonomy":"post_tag","embeddable":true,"href":"https:\/\/www.muniquintero.cl\/index.php\/wp-json\/wp\/v2\/tags?post=28845"}],"curies":[{"name":"wp","href":"https:\/\/api.w.org\/{rel}","templated":true}]}}