{"id":26883,"date":"2021-12-07T10:13:01","date_gmt":"2021-12-07T13:13:01","guid":{"rendered":"https:\/\/www.muniquintero.cl\/?p=26883"},"modified":"2021-12-07T10:13:03","modified_gmt":"2021-12-07T13:13:03","slug":"manana-de-villancicos-se-vivio-en-el-frontis-de-casa-estacion","status":"publish","type":"post","link":"https:\/\/www.muniquintero.cl\/index.php\/2021\/12\/07\/manana-de-villancicos-se-vivio-en-el-frontis-de-casa-estacion\/","title":{"rendered":"Ma\u00f1ana De Villancicos Se Vivi\u00f3 En El Frontis De Casa Estaci\u00f3n"},"content":{"rendered":"\n<p>La ma\u00f1ana de este lunes 6 de diciembre, la Plaza Ignacio Carrera Pinto se llen\u00f3 de m\u00fasica navide\u00f1a, y aunque la vaguada costera manten\u00eda una temperatura bastante baja, no pudo opacar la alegr\u00eda de las delegaciones de estudiantes de los seis colegios municipales que repletaron las butacas instaladas en el frontis de Casa Estaci\u00f3n.<\/p>\n\n\n\n<p>Era la \u00faltima actividad escolar del a\u00f1o 2022 con que el Departamento de Educaci\u00f3n Municipal, que dirige su directora Edith Varas Villagra, desped\u00eda a los ni\u00f1os y ni\u00f1as de los talleres de m\u00fasica que se congregaron en el Festival de Villancicos, evento que se celebra por cuarto a\u00f1o consecutivo.<\/p>\n\n\n\n<figure class=\"wp-block-image size-large\"><img fetchpriority=\"high\" decoding=\"async\" width=\"1024\" height=\"768\" src=\"https:\/\/www.muniquintero.cl\/wp-content\/uploads\/2021\/12\/villancico2-1024x768.jpg\" alt=\"\" class=\"wp-image-26885\" srcset=\"https:\/\/www.muniquintero.cl\/wp-content\/uploads\/2021\/12\/villancico2-1024x768.jpg 1024w, https:\/\/www.muniquintero.cl\/wp-content\/uploads\/2021\/12\/villancico2-300x225.jpg 300w, https:\/\/www.muniquintero.cl\/wp-content\/uploads\/2021\/12\/villancico2-768x576.jpg 768w, https:\/\/www.muniquintero.cl\/wp-content\/uploads\/2021\/12\/villancico2-1536x1153.jpg 1536w, https:\/\/www.muniquintero.cl\/wp-content\/uploads\/2021\/12\/villancico2.jpg 1599w\" sizes=\"(max-width: 1024px) 100vw, 1024px\" \/><\/figure>\n\n\n\n<p>De este modo los padres y apoderados, los profesores y asistentes de la educaci\u00f3n pudieron admirar bailes y canciones alusivas a la Navidad con melod\u00edas hispanas, angloamericanas y latinas, como Los Peces en el R\u00edo, Blanca Navidad, Feliz Navidad, o el Wuechecito, un villancico mapuche. Al final recibieron muchos aplausos y regalos por parte del DAEM.<\/p>\n\n\n\n<p>Antes de cada presentaci\u00f3n estudiantes de los Colegios Valle de Narau, Costa Mauco, Juan Jos\u00e9 Tortel, Mantagua, Rep\u00fablica de Francia y Liceo Polit\u00e9cnico, entregaron mensajes de buenos deseos por parte &nbsp;de sus comunidades educativas al p\u00fablico reunido en la plaza.<\/p>\n\n\n\n<p>\u00a1Felicitaciones para todos ellos!<\/p>\n\n\n\n<figure class=\"wp-block-image size-large\"><img decoding=\"async\" width=\"1024\" height=\"768\" src=\"https:\/\/www.muniquintero.cl\/wp-content\/uploads\/2021\/12\/villancico3-1024x768.jpeg\" alt=\"\" class=\"wp-image-26886\" srcset=\"https:\/\/www.muniquintero.cl\/wp-content\/uploads\/2021\/12\/villancico3-1024x768.jpeg 1024w, https:\/\/www.muniquintero.cl\/wp-content\/uploads\/2021\/12\/villancico3-300x225.jpeg 300w, https:\/\/www.muniquintero.cl\/wp-content\/uploads\/2021\/12\/villancico3-768x576.jpeg 768w, https:\/\/www.muniquintero.cl\/wp-content\/uploads\/2021\/12\/villancico3-1536x1153.jpeg 1536w, https:\/\/www.muniquintero.cl\/wp-content\/uploads\/2021\/12\/villancico3.jpeg 1599w\" sizes=\"(max-width: 1024px) 100vw, 1024px\" \/><\/figure>\n","protected":false},"excerpt":{"rendered":"<p>La ma\u00f1ana de este lunes 6 de diciembre, la Plaza Ignacio Carrera Pinto se llen\u00f3 de m\u00fasica navide\u00f1a, y aunque la vaguada costera manten\u00eda una temperatura bastante baja, no pudo opacar la alegr\u00eda de las delegaciones de estudiantes de los seis colegios municipales que repletaron las butacas instaladas en el frontis de Casa Estaci\u00f3n. Era [&hellip;]<\/p>\n","protected":false},"author":7,"featured_media":26884,"comment_status":"closed","ping_status":"closed","sticky":false,"template":"","format":"standard","meta":{"wds_primary_category":0,"footnotes":""},"categories":[2],"tags":[117,101,116],"class_list":["post-26883","post","type-post","status-publish","format-standard","has-post-thumbnail","hentry","category-noticias","tag-colegios","tag-daem","tag-villancicos"],"_links":{"self":[{"href":"https:\/\/www.muniquintero.cl\/index.php\/wp-json\/wp\/v2\/posts\/26883","targetHints":{"allow":["GET"]}}],"collection":[{"href":"https:\/\/www.muniquintero.cl\/index.php\/wp-json\/wp\/v2\/posts"}],"about":[{"href":"https:\/\/www.muniquintero.cl\/index.php\/wp-json\/wp\/v2\/types\/post"}],"author":[{"embeddable":true,"href":"https:\/\/www.muniquintero.cl\/index.php\/wp-json\/wp\/v2\/users\/7"}],"replies":[{"embeddable":true,"href":"https:\/\/www.muniquintero.cl\/index.php\/wp-json\/wp\/v2\/comments?post=26883"}],"version-history":[{"count":1,"href":"https:\/\/www.muniquintero.cl\/index.php\/wp-json\/wp\/v2\/posts\/26883\/revisions"}],"predecessor-version":[{"id":26887,"href":"https:\/\/www.muniquintero.cl\/index.php\/wp-json\/wp\/v2\/posts\/26883\/revisions\/26887"}],"wp:featuredmedia":[{"embeddable":true,"href":"https:\/\/www.muniquintero.cl\/index.php\/wp-json\/wp\/v2\/media\/26884"}],"wp:attachment":[{"href":"https:\/\/www.muniquintero.cl\/index.php\/wp-json\/wp\/v2\/media?parent=26883"}],"wp:term":[{"taxonomy":"category","embeddable":true,"href":"https:\/\/www.muniquintero.cl\/index.php\/wp-json\/wp\/v2\/categories?post=26883"},{"taxonomy":"post_tag","embeddable":true,"href":"https:\/\/www.muniquintero.cl\/index.php\/wp-json\/wp\/v2\/tags?post=26883"}],"curies":[{"name":"wp","href":"https:\/\/api.w.org\/{rel}","templated":true}]}}