{"id":26857,"date":"2021-12-02T11:40:43","date_gmt":"2021-12-02T14:40:43","guid":{"rendered":"https:\/\/www.muniquintero.cl\/?p=26857"},"modified":"2021-12-02T11:40:45","modified_gmt":"2021-12-02T14:40:45","slug":"llamado-a-concurso-publico-para-cargo-de-gestor-psicosocial-y-gestor-comunitario-y-de-redes-del-programa-para-personas-en-situacion-de-calle","status":"publish","type":"post","link":"https:\/\/www.muniquintero.cl\/index.php\/2021\/12\/02\/llamado-a-concurso-publico-para-cargo-de-gestor-psicosocial-y-gestor-comunitario-y-de-redes-del-programa-para-personas-en-situacion-de-calle\/","title":{"rendered":"Llamado a Concurso P\u00fablico para cargo de Gestor Psicosocial y Gestor Comunitario y de Redes del Programa para Personas en situaci\u00f3n de calle"},"content":{"rendered":"\n<p><em>\u201cLl\u00e1mese a concurso p\u00fablico para proveer 01 Cargo gestor psicosocial y gestor comunitario y de redes, para el Programa para personas en situaci\u00f3n de calle del subsistema Seguridades y Oportunidades de la comuna de Quintero \u201c.<\/em><\/p>\n\n\n\n<p><strong><u>Cargo a Contratar:<\/u><\/strong><\/p>\n\n\n\n<p><strong><u>01 Cargo con media jornada (22 horas) de Gestor Psicosocial y adem\u00e1s 01 cargo con media jornada (22 horas) de gestor comunitario y de redes<\/u><\/strong>; modalidad de <strong><u>contrato a honorarios<\/u><\/strong>, jornada de 44 horas con una remuneraci\u00f3n bruta de $980.000(novecientos ochenta mil pesos), financiado con recursos del Ministerio de Desarrollo Social y Familia.<\/p>\n\n\n\n<p><strong><u>Plazo del Contrato:<\/u><\/strong><\/p>\n\n\n\n<p>Contrato por 12 meses desde 15 diciembre 2021 al 31 diciembre 2022. <strong>Sujeto a evaluaci\u00f3n de desempe\u00f1o al tercer mes; as\u00ed como tambi\u00e9n la renovaci\u00f3n del a\u00f1o 2023.<\/strong><\/p>\n\n\n\n<div data-wp-interactive=\"core\/file\" class=\"wp-block-file\"><object data-wp-bind--hidden=\"!state.hasPdfPreview\" hidden class=\"wp-block-file__embed\" data=\"https:\/\/www.muniquintero.cl\/wp-content\/uploads\/2021\/12\/bases-concurso-publico-calle-final.pdf\" type=\"application\/pdf\" style=\"width:100%;height:600px\" aria-label=\"Incrustado de Incrustado de bases-concurso-publico-calle-final..\"><\/object><a href=\"https:\/\/www.muniquintero.cl\/wp-content\/uploads\/2021\/12\/bases-concurso-publico-calle-final.pdf\">bases-concurso-publico-calle-final<\/a><a href=\"https:\/\/www.muniquintero.cl\/wp-content\/uploads\/2021\/12\/bases-concurso-publico-calle-final.pdf\" class=\"wp-block-file__button\" download>Descarga<\/a><\/div>\n","protected":false},"excerpt":{"rendered":"<p>\u201cLl\u00e1mese a concurso p\u00fablico para proveer 01 Cargo gestor psicosocial y gestor comunitario y de redes, para el Programa para personas en situaci\u00f3n de calle del subsistema Seguridades y Oportunidades de la comuna de Quintero \u201c. Cargo a Contratar: 01 Cargo con media jornada (22 horas) de Gestor Psicosocial y adem\u00e1s 01 cargo con media [&hellip;]<\/p>\n","protected":false},"author":7,"featured_media":22372,"comment_status":"closed","ping_status":"closed","sticky":false,"template":"","format":"standard","meta":{"wds_primary_category":0,"footnotes":""},"categories":[1],"tags":[],"class_list":["post-26857","post","type-post","status-publish","format-standard","has-post-thumbnail","hentry","category-municipalidad"],"_links":{"self":[{"href":"https:\/\/www.muniquintero.cl\/index.php\/wp-json\/wp\/v2\/posts\/26857","targetHints":{"allow":["GET"]}}],"collection":[{"href":"https:\/\/www.muniquintero.cl\/index.php\/wp-json\/wp\/v2\/posts"}],"about":[{"href":"https:\/\/www.muniquintero.cl\/index.php\/wp-json\/wp\/v2\/types\/post"}],"author":[{"embeddable":true,"href":"https:\/\/www.muniquintero.cl\/index.php\/wp-json\/wp\/v2\/users\/7"}],"replies":[{"embeddable":true,"href":"https:\/\/www.muniquintero.cl\/index.php\/wp-json\/wp\/v2\/comments?post=26857"}],"version-history":[{"count":1,"href":"https:\/\/www.muniquintero.cl\/index.php\/wp-json\/wp\/v2\/posts\/26857\/revisions"}],"predecessor-version":[{"id":26859,"href":"https:\/\/www.muniquintero.cl\/index.php\/wp-json\/wp\/v2\/posts\/26857\/revisions\/26859"}],"wp:featuredmedia":[{"embeddable":true,"href":"https:\/\/www.muniquintero.cl\/index.php\/wp-json\/wp\/v2\/media\/22372"}],"wp:attachment":[{"href":"https:\/\/www.muniquintero.cl\/index.php\/wp-json\/wp\/v2\/media?parent=26857"}],"wp:term":[{"taxonomy":"category","embeddable":true,"href":"https:\/\/www.muniquintero.cl\/index.php\/wp-json\/wp\/v2\/categories?post=26857"},{"taxonomy":"post_tag","embeddable":true,"href":"https:\/\/www.muniquintero.cl\/index.php\/wp-json\/wp\/v2\/tags?post=26857"}],"curies":[{"name":"wp","href":"https:\/\/api.w.org\/{rel}","templated":true}]}}