{"id":26111,"date":"2021-09-01T10:59:06","date_gmt":"2021-09-01T13:59:06","guid":{"rendered":"https:\/\/www.muniquintero.cl\/?p=26111"},"modified":"2021-09-01T10:59:08","modified_gmt":"2021-09-01T13:59:08","slug":"direccion-del-trabajo-atendera-en-quintero-dos-veces-al-mes","status":"publish","type":"post","link":"https:\/\/www.muniquintero.cl\/index.php\/2021\/09\/01\/direccion-del-trabajo-atendera-en-quintero-dos-veces-al-mes\/","title":{"rendered":"Direcci\u00f3n del Trabajo atender\u00e1 en Quintero dos veces al mes"},"content":{"rendered":"\n<p>A partir del mes de septiembre, la Direcci\u00f3n del Trabajo atender\u00e1 dos veces al mes en la comuna de Quintero, para que los vecinos puedan realizar sus tr\u00e1mites con mayor facilidad.<\/p>\n\n\n\n<p>Las atenciones presenciales que se suspendieron a principios del a\u00f1o 2020 como consecuencia de la pandemia, hoy se retomar\u00e1n en atenci\u00f3n a los aforos y las medidas sanitarias preventivas.<\/p>\n\n\n\n<p>As\u00ed lo dio a conocer Andr\u00e9s Reyes, Encargado de la Oficina de Intermediaci\u00f3n Laboral, al se\u00f1alar que \u201cla Inspecci\u00f3n del Trabajo retomar\u00e1 sus funciones a contar del d\u00eda 8 y 22 de septiembre, lo va a hacer por el resto del a\u00f1o 2 veces al mes, esto va a estar en avenida Arturo Prat 1960, segundo piso al lado de la oficina OMIL\u201d.<\/p>\n\n\n\n<p>\u201cEl horario va a hacer de 09 a 14 horas, las recomendaciones por tema de aforo son venir con todas las precauciones, mascarillas, traer alcohol gel y respetar la distancia como corresponde\u201d.<\/p>\n\n\n\n<figure class=\"wp-block-audio\"><audio controls src=\"https:\/\/www.muniquintero.cl\/wp-content\/uploads\/2021\/09\/210830_002.mp3\"><\/audio><figcaption>Andr\u00e9s Reyes \/ Encargado Omil<\/figcaption><\/figure>\n\n\n\n<p>Los vecinos podr\u00e1n hacer sus consultas a los funcionarios de la Direcci\u00f3n del Trabajo en temas tales como, ratificaci\u00f3n de un finiquito de trabajo, ingresar una denuncia por vulneraci\u00f3n de derechos fundamentales de los trabajadores, audiencia de conciliaci\u00f3n o reclamo, asesor\u00eda laboral y previsional, entre otras muchas acciones.<\/p>\n","protected":false},"excerpt":{"rendered":"<p>A partir del mes de septiembre, la Direcci\u00f3n del Trabajo atender\u00e1 dos veces al mes en la comuna de Quintero, para que los vecinos puedan realizar sus tr\u00e1mites con mayor facilidad. Las atenciones presenciales que se suspendieron a principios del a\u00f1o 2020 como consecuencia de la pandemia, hoy se retomar\u00e1n en atenci\u00f3n a los aforos [&hellip;]<\/p>\n","protected":false},"author":7,"featured_media":26113,"comment_status":"closed","ping_status":"closed","sticky":false,"template":"","format":"standard","meta":{"wds_primary_category":0,"footnotes":""},"categories":[2],"tags":[],"class_list":["post-26111","post","type-post","status-publish","format-standard","has-post-thumbnail","hentry","category-noticias"],"_links":{"self":[{"href":"https:\/\/www.muniquintero.cl\/index.php\/wp-json\/wp\/v2\/posts\/26111","targetHints":{"allow":["GET"]}}],"collection":[{"href":"https:\/\/www.muniquintero.cl\/index.php\/wp-json\/wp\/v2\/posts"}],"about":[{"href":"https:\/\/www.muniquintero.cl\/index.php\/wp-json\/wp\/v2\/types\/post"}],"author":[{"embeddable":true,"href":"https:\/\/www.muniquintero.cl\/index.php\/wp-json\/wp\/v2\/users\/7"}],"replies":[{"embeddable":true,"href":"https:\/\/www.muniquintero.cl\/index.php\/wp-json\/wp\/v2\/comments?post=26111"}],"version-history":[{"count":1,"href":"https:\/\/www.muniquintero.cl\/index.php\/wp-json\/wp\/v2\/posts\/26111\/revisions"}],"predecessor-version":[{"id":26115,"href":"https:\/\/www.muniquintero.cl\/index.php\/wp-json\/wp\/v2\/posts\/26111\/revisions\/26115"}],"wp:featuredmedia":[{"embeddable":true,"href":"https:\/\/www.muniquintero.cl\/index.php\/wp-json\/wp\/v2\/media\/26113"}],"wp:attachment":[{"href":"https:\/\/www.muniquintero.cl\/index.php\/wp-json\/wp\/v2\/media?parent=26111"}],"wp:term":[{"taxonomy":"category","embeddable":true,"href":"https:\/\/www.muniquintero.cl\/index.php\/wp-json\/wp\/v2\/categories?post=26111"},{"taxonomy":"post_tag","embeddable":true,"href":"https:\/\/www.muniquintero.cl\/index.php\/wp-json\/wp\/v2\/tags?post=26111"}],"curies":[{"name":"wp","href":"https:\/\/api.w.org\/{rel}","templated":true}]}}