{"id":25990,"date":"2021-08-23T18:21:00","date_gmt":"2021-08-23T21:21:00","guid":{"rendered":"https:\/\/www.muniquintero.cl\/?p=25990"},"modified":"2021-08-23T21:06:18","modified_gmt":"2021-08-24T00:06:18","slug":"vecinos-de-quintero-y-puchuncavi-volvieron-a-marchar-exigiendo-al-estado-que-proteja-la-vida-de-las-personas-y-el-medioambiente","status":"publish","type":"post","link":"https:\/\/www.muniquintero.cl\/index.php\/2021\/08\/23\/vecinos-de-quintero-y-puchuncavi-volvieron-a-marchar-exigiendo-al-estado-que-proteja-la-vida-de-las-personas-y-el-medioambiente\/","title":{"rendered":"Vecinos de Quintero y Puchuncav\u00ed volvieron a marchar exigiendo al Estado que proteja la vida de las personas y el medioambiente"},"content":{"rendered":"\n<p>Cuando se cumplen 3 a\u00f1os de las intoxicaciones masivas en Quintero y Puchuncav\u00ed, los vecinos y organizaciones socioambientales de ambas comunas volvieron a marchar, para visibilizar la falta de protecci\u00f3n por parte del Estado de Chile.<\/p>\n\n\n\n<p>Los gritos y lienzos no tan s\u00f3lo dieron cuenta de los continuos varamientos de carb\u00f3n, peaks de contaminaci\u00f3n del aire y los derrames de hidrocarburos que siguen sucediendo, sino que adem\u00e1s, sacaron a relucir las intenciones del Estado que pretende reactivar una termoel\u00e9ctrica reci\u00e9n cerrada e instalar una planta desaladora de agua junto al mar, bajo el pretexto de la sequ\u00eda que afecta al pa\u00eds.<\/p>\n\n\n\n<p>A la manifestaci\u00f3n realizada el domingo 22 de agosto tambi\u00e9n se unieron organizaciones comunitarias, no gubernamentales y concejales de los municipios de Quintero y Puchuncav\u00ed.<\/p>\n\n\n\n<p>El Concejal Mario Gonz\u00e1lez dijo que se sent\u00eda, \u201cpor un lado contento por la convocatoria, la gente est\u00e1 tomando las armas de lucha, son 50 a\u00f1os de zona de sacrificio, creemos que estos son los momentos en que tiene que manifestarse la comunidad, de que esto sea participativo, comunitario, de que las autoridades entiendan que estamos pasando por un momento cr\u00edtico, de que no puede ser que nos instalen desaladoras, no puede ser que nos abran una planta de carb\u00f3n despu\u00e9s de que la cerraron hace 8 meses, la gente se est\u00e1 manifestando y Quintero necesita una soluci\u00f3n\u201d.<\/p>\n\n\n\n<figure class=\"wp-block-audio\"><audio controls src=\"https:\/\/www.muniquintero.cl\/wp-content\/uploads\/2021\/08\/MARIO-GONZALEZ.mp3\"><\/audio><figcaption>Mario Gonz\u00e1lez \/ Concejal<\/figcaption><\/figure>\n\n\n\n<p>&nbsp;Alejandro Sep\u00falveda, Concejal de la comuna \u201cc\u00f3mo quinterano de toda la vida, tenemos el derecho de estar en ac\u00e1, tenemos que ser responsables y decirle a la comunidad que puede protestar, no nos pueden pasar a llevar nunca m\u00e1s, somos la comuna m\u00e1s importante del pa\u00eds, a Quintero y Puchuncav\u00ed ingresan la mayor parte de los recursos y recibimos migajas, (\u2026) \u201csi tenemos que paralizar ciertas cosas vamos a tener que hacerlo, pero no podemos dejarnos pasar por el gobierno y tenemos que dejar en claro que la comuna de Quintero no es la misma de antes\u201d.<\/p>\n\n\n\n<figure class=\"wp-block-audio\"><audio controls src=\"https:\/\/www.muniquintero.cl\/wp-content\/uploads\/2021\/08\/ALEJANDRO-SEPU\u0301LVEDA.mp3\"><\/audio><figcaption>Alejandro Sep\u00falveda \/ Concejal<\/figcaption><\/figure>\n\n\n\n<p>La Concejal Tamara Tello se\u00f1al\u00f3 que a tres a\u00f1os de las intoxicaciones masivas, \u201cac\u00e1 nada se sabe, aqu\u00ed todo es atemporal y la verdad que esta marcha de alguna manera con gente de Quintero y Puchuncav\u00ed es precisamente por eso, porque no vamos a tolerar, no estamos de acuerdo, porque la comunidad no quiere m\u00e1s abusos, porque es una falta de respeto, es una verg\u00fcenza que a costa de nuestra salud y de nuestro derecho, tengamos que pagar las consecuencias por un ministerio o un gobierno, que no pone&nbsp; punto final a esta situaci\u00f3n tan lamentable, (\u2026) a nivel municipal ya est\u00e1n entregados los oficios para plantear nuestro absoluto rechazo con respecto a cualquier tipo de reapertura de la central Ventanas, as\u00ed como el d\u00eda de ma\u00f1ana tengamos que ponerle freno a la desaladora que quieren plantar en Puchuncav\u00ed\u201d.<\/p>\n\n\n\n<figure class=\"wp-block-audio\"><audio controls src=\"https:\/\/www.muniquintero.cl\/wp-content\/uploads\/2021\/08\/TAMARA-TELLO-1.mp3\"><\/audio><figcaption>Tamara Tello \/ Concejal<\/figcaption><\/figure>\n\n\n\n<p><\/p>\n\n\n\n<p><strong>El Movimiento Socioambiental<\/strong><\/p>\n\n\n\n<p>Hugo Poblete<strong>,<\/strong> Sindicato de Pescadores S-24: \u201cEstamos aqu\u00ed visibilizando nuestra problem\u00e1tica, hace 3 a\u00f1os ocurri\u00f3 el evento masivo de intoxicaci\u00f3n y lamentablemente no ha habido soluciones, las 500 hect\u00e1reas para seguir emplazando industrias \u00a0todav\u00eda est\u00e1n, las emisiones si han bajado ha sido muy poco, y encima nos llegan a poner 2 desaladoras m\u00e1s, que llegan a deteriorar la salud y la econom\u00eda de nuestra comuna, (&#8230;) lo que es bastante nocivo, de hecho la salmuera, porque cuando ellos filtran el agua de mar hay una mortandad importante de larvas, entonces las futuras generaciones de peces, algas, moluscos que van a haber en la bah\u00eda, quedan destruidas\u201d.<\/p>\n\n\n\n<figure class=\"wp-block-audio\"><audio controls src=\"https:\/\/www.muniquintero.cl\/wp-content\/uploads\/2021\/08\/HUIGO2.mp3\"><\/audio><figcaption>Hugo Poblete \/ Sindicato Pescadores S24<\/figcaption><\/figure>\n\n\n\n<p>Mar\u00eda Araya, Presidenta del Consejo Consultivo de Salud del Hospital Adriana Cousi\u00f1o: \u201cHoy d\u00eda se cumplen 3 a\u00f1os de las intoxicaciones masivas que tuvieron tanto a la comuna de quintero como Puchuncavi y 3 a\u00f1os incumplidos, ya que todav\u00eda no hemos avanzado ni en salud ni en medioambiente y tambi\u00e9n con la problem\u00e1tica que est\u00e1n instalando nuevas empresas que vienen a hacer mucho m\u00e1s da\u00f1o a nuestra bah\u00eda. Creo que el Estado de Chile lo \u00fanico que ha hecho con estas comunas es pegarle una patada en el trasero y olvidarse de que nosotros somos las comunas energ\u00e9ticas de este pa\u00eds, que por aqu\u00ed pasan miles de millones (pesos) y no son capaces ni siquiera de compensar a las comunidades\u201d.<\/p>\n\n\n\n<figure class=\"wp-block-audio\"><audio controls src=\"https:\/\/www.muniquintero.cl\/wp-content\/uploads\/2021\/08\/MARIA-ARAYA.mp3\"><\/audio><figcaption>Mar\u00eda Araya \/ Consejo Consultivo Salud<\/figcaption><\/figure>\n\n\n\n<p>Manuel Pizarro, Movimiento por la Infancia de Quintero y Puchuncav\u00ed<strong>: <\/strong>\u201cSiguen siendo vulnerados los derechos de los ni\u00f1os, ni\u00f1as y adolescentes, de Quintero y Puchuncav\u00ed a 3 a\u00f1os de los envenenamientos masivos, no sabemos qui\u00e9n fue no hay culpables, y lo peor de todo es que el Estado se ha dedicado m\u00e1s de proteger a las empresas, que a los mismos habitantes de Quintero y Puchuncav\u00ed, esto se debe porque quer\u00edan reiniciar Ventanas I, esto se debe porque no han respetado el fallo que proh\u00edbe el ingreso de barcos a descargar carb\u00f3n, esto se debe porque la Corte Suprema fall\u00f3 a favor de las personas despu\u00e9s de la contaminaci\u00f3n\u201d.<\/p>\n\n\n\n<figure class=\"wp-block-audio\"><audio controls src=\"https:\/\/www.muniquintero.cl\/wp-content\/uploads\/2021\/08\/MANUEL-PIZARRO.mp3\"><\/audio><figcaption>Manuel Pizarro \/ <meta charset=\"utf-8\">Movimiento por la Infancia<\/figcaption><\/figure>\n\n\n\n<p>Carmen Ortega, Mujeres Zona de Sacrificio Quintero Puchuncav\u00ed: \u201cEstamos aqu\u00ed por que los varamientos ya no dan m\u00e1s, nuestros nietos necesitan respirar, este era un lugar paradis\u00edaco para vivir, para disfrutar en vacaciones y ahora estamos marginados a tener que respirar d\u00eda y noche contaminaci\u00f3n. Las desalinadoras que piensan poner es un atentado contra la madre naturaleza, contra lo poco y nada que queda de vida en este sector, que el Estado se haga cargo de lo que han hecho con esta parte y no s\u00f3lo en esta zona de sacrificio, a lo largo de todo Chile\u201d. \u00a0<\/p>\n\n\n\n<figure class=\"wp-block-audio\"><audio controls src=\"https:\/\/www.muniquintero.cl\/wp-content\/uploads\/2021\/08\/CARMEN-2.mp3\"><\/audio><figcaption>Carmen Ortega \/ Mujeres Zona de Sacrificio<\/figcaption><\/figure>\n\n\n\n<figure class=\"wp-block-gallery columns-3 is-cropped wp-block-gallery-1 is-layout-flex wp-block-gallery-is-layout-flex\"><ul class=\"blocks-gallery-grid\"><li class=\"blocks-gallery-item\"><figure><img fetchpriority=\"high\" decoding=\"async\" width=\"980\" height=\"800\" src=\"https:\/\/www.muniquintero.cl\/wp-content\/uploads\/2021\/08\/240380344_4333406443382448_5938429918746539444_n.jpg\" alt=\"\" data-id=\"25999\" data-full-url=\"https:\/\/www.muniquintero.cl\/wp-content\/uploads\/2021\/08\/240380344_4333406443382448_5938429918746539444_n.jpg\" data-link=\"https:\/\/www.muniquintero.cl\/?attachment_id=25999\" class=\"wp-image-25999\" srcset=\"https:\/\/www.muniquintero.cl\/wp-content\/uploads\/2021\/08\/240380344_4333406443382448_5938429918746539444_n.jpg 980w, https:\/\/www.muniquintero.cl\/wp-content\/uploads\/2021\/08\/240380344_4333406443382448_5938429918746539444_n-300x245.jpg 300w, https:\/\/www.muniquintero.cl\/wp-content\/uploads\/2021\/08\/240380344_4333406443382448_5938429918746539444_n-768x627.jpg 768w\" sizes=\"(max-width: 980px) 100vw, 980px\" \/><\/figure><\/li><li class=\"blocks-gallery-item\"><figure><img decoding=\"async\" width=\"1024\" height=\"683\" src=\"https:\/\/www.muniquintero.cl\/wp-content\/uploads\/2021\/08\/IMG_9345-1024x683.jpg\" alt=\"\" data-id=\"26000\" data-full-url=\"https:\/\/www.muniquintero.cl\/wp-content\/uploads\/2021\/08\/IMG_9345-scaled.jpg\" data-link=\"https:\/\/www.muniquintero.cl\/?attachment_id=26000\" class=\"wp-image-26000\" srcset=\"https:\/\/www.muniquintero.cl\/wp-content\/uploads\/2021\/08\/IMG_9345-1024x683.jpg 1024w, https:\/\/www.muniquintero.cl\/wp-content\/uploads\/2021\/08\/IMG_9345-300x200.jpg 300w, https:\/\/www.muniquintero.cl\/wp-content\/uploads\/2021\/08\/IMG_9345-768x512.jpg 768w, https:\/\/www.muniquintero.cl\/wp-content\/uploads\/2021\/08\/IMG_9345-1536x1024.jpg 1536w, https:\/\/www.muniquintero.cl\/wp-content\/uploads\/2021\/08\/IMG_9345-2048x1365.jpg 2048w\" sizes=\"(max-width: 1024px) 100vw, 1024px\" \/><\/figure><\/li><li class=\"blocks-gallery-item\"><figure><img decoding=\"async\" width=\"1024\" height=\"683\" src=\"https:\/\/www.muniquintero.cl\/wp-content\/uploads\/2021\/08\/IMG_9347-1024x683.jpg\" alt=\"\" data-id=\"26001\" data-full-url=\"https:\/\/www.muniquintero.cl\/wp-content\/uploads\/2021\/08\/IMG_9347-scaled.jpg\" data-link=\"https:\/\/www.muniquintero.cl\/?attachment_id=26001\" class=\"wp-image-26001\" srcset=\"https:\/\/www.muniquintero.cl\/wp-content\/uploads\/2021\/08\/IMG_9347-1024x683.jpg 1024w, https:\/\/www.muniquintero.cl\/wp-content\/uploads\/2021\/08\/IMG_9347-300x200.jpg 300w, https:\/\/www.muniquintero.cl\/wp-content\/uploads\/2021\/08\/IMG_9347-768x512.jpg 768w, https:\/\/www.muniquintero.cl\/wp-content\/uploads\/2021\/08\/IMG_9347-1536x1024.jpg 1536w, https:\/\/www.muniquintero.cl\/wp-content\/uploads\/2021\/08\/IMG_9347-2048x1365.jpg 2048w\" sizes=\"(max-width: 1024px) 100vw, 1024px\" \/><\/figure><\/li><li class=\"blocks-gallery-item\"><figure><img loading=\"lazy\" decoding=\"async\" width=\"1024\" height=\"683\" src=\"https:\/\/www.muniquintero.cl\/wp-content\/uploads\/2021\/08\/IMG_9379-1024x683.jpg\" alt=\"\" data-id=\"26002\" data-full-url=\"https:\/\/www.muniquintero.cl\/wp-content\/uploads\/2021\/08\/IMG_9379-scaled.jpg\" data-link=\"https:\/\/www.muniquintero.cl\/?attachment_id=26002\" class=\"wp-image-26002\" srcset=\"https:\/\/www.muniquintero.cl\/wp-content\/uploads\/2021\/08\/IMG_9379-1024x683.jpg 1024w, https:\/\/www.muniquintero.cl\/wp-content\/uploads\/2021\/08\/IMG_9379-300x200.jpg 300w, https:\/\/www.muniquintero.cl\/wp-content\/uploads\/2021\/08\/IMG_9379-768x512.jpg 768w, https:\/\/www.muniquintero.cl\/wp-content\/uploads\/2021\/08\/IMG_9379-1536x1024.jpg 1536w, https:\/\/www.muniquintero.cl\/wp-content\/uploads\/2021\/08\/IMG_9379-2048x1365.jpg 2048w\" sizes=\"(max-width: 1024px) 100vw, 1024px\" \/><\/figure><\/li><li class=\"blocks-gallery-item\"><figure><img loading=\"lazy\" decoding=\"async\" width=\"1024\" height=\"683\" src=\"https:\/\/www.muniquintero.cl\/wp-content\/uploads\/2021\/08\/IMG_9381-1024x683.jpg\" alt=\"\" data-id=\"26003\" data-full-url=\"https:\/\/www.muniquintero.cl\/wp-content\/uploads\/2021\/08\/IMG_9381-scaled.jpg\" data-link=\"https:\/\/www.muniquintero.cl\/?attachment_id=26003\" class=\"wp-image-26003\" srcset=\"https:\/\/www.muniquintero.cl\/wp-content\/uploads\/2021\/08\/IMG_9381-1024x683.jpg 1024w, https:\/\/www.muniquintero.cl\/wp-content\/uploads\/2021\/08\/IMG_9381-300x200.jpg 300w, https:\/\/www.muniquintero.cl\/wp-content\/uploads\/2021\/08\/IMG_9381-768x512.jpg 768w, https:\/\/www.muniquintero.cl\/wp-content\/uploads\/2021\/08\/IMG_9381-1536x1024.jpg 1536w, https:\/\/www.muniquintero.cl\/wp-content\/uploads\/2021\/08\/IMG_9381-2048x1365.jpg 2048w\" sizes=\"(max-width: 1024px) 100vw, 1024px\" \/><\/figure><\/li><\/ul><\/figure>\n","protected":false},"excerpt":{"rendered":"<p>Cuando se cumplen 3 a\u00f1os de las intoxicaciones masivas en Quintero y Puchuncav\u00ed, los vecinos y organizaciones socioambientales de ambas comunas volvieron a marchar, para visibilizar la falta de protecci\u00f3n por parte del Estado de Chile. Los gritos y lienzos no tan s\u00f3lo dieron cuenta de los continuos varamientos de carb\u00f3n, peaks de contaminaci\u00f3n del [&hellip;]<\/p>\n","protected":false},"author":7,"featured_media":25998,"comment_status":"closed","ping_status":"closed","sticky":false,"template":"","format":"standard","meta":{"wds_primary_category":0,"footnotes":""},"categories":[2],"tags":[],"class_list":["post-25990","post","type-post","status-publish","format-standard","has-post-thumbnail","hentry","category-noticias"],"_links":{"self":[{"href":"https:\/\/www.muniquintero.cl\/index.php\/wp-json\/wp\/v2\/posts\/25990","targetHints":{"allow":["GET"]}}],"collection":[{"href":"https:\/\/www.muniquintero.cl\/index.php\/wp-json\/wp\/v2\/posts"}],"about":[{"href":"https:\/\/www.muniquintero.cl\/index.php\/wp-json\/wp\/v2\/types\/post"}],"author":[{"embeddable":true,"href":"https:\/\/www.muniquintero.cl\/index.php\/wp-json\/wp\/v2\/users\/7"}],"replies":[{"embeddable":true,"href":"https:\/\/www.muniquintero.cl\/index.php\/wp-json\/wp\/v2\/comments?post=25990"}],"version-history":[{"count":6,"href":"https:\/\/www.muniquintero.cl\/index.php\/wp-json\/wp\/v2\/posts\/25990\/revisions"}],"predecessor-version":[{"id":26012,"href":"https:\/\/www.muniquintero.cl\/index.php\/wp-json\/wp\/v2\/posts\/25990\/revisions\/26012"}],"wp:featuredmedia":[{"embeddable":true,"href":"https:\/\/www.muniquintero.cl\/index.php\/wp-json\/wp\/v2\/media\/25998"}],"wp:attachment":[{"href":"https:\/\/www.muniquintero.cl\/index.php\/wp-json\/wp\/v2\/media?parent=25990"}],"wp:term":[{"taxonomy":"category","embeddable":true,"href":"https:\/\/www.muniquintero.cl\/index.php\/wp-json\/wp\/v2\/categories?post=25990"},{"taxonomy":"post_tag","embeddable":true,"href":"https:\/\/www.muniquintero.cl\/index.php\/wp-json\/wp\/v2\/tags?post=25990"}],"curies":[{"name":"wp","href":"https:\/\/api.w.org\/{rel}","templated":true}]}}