{"id":25986,"date":"2021-08-23T15:38:56","date_gmt":"2021-08-23T18:38:56","guid":{"rendered":"https:\/\/www.muniquintero.cl\/?p=25986"},"modified":"2021-08-23T15:38:58","modified_gmt":"2021-08-23T18:38:58","slug":"seguridad-ciudadana-y-carabineros-de-quintero-realizaran-patrullajes-conjuntos","status":"publish","type":"post","link":"https:\/\/www.muniquintero.cl\/index.php\/2021\/08\/23\/seguridad-ciudadana-y-carabineros-de-quintero-realizaran-patrullajes-conjuntos\/","title":{"rendered":"Seguridad Ciudadana y Carabineros de Quintero realizar\u00e1n patrullajes conjuntos"},"content":{"rendered":"\n<p>Esta semana comenz\u00f3 a funcionar un trabajo colaborativo entre la Direcci\u00f3n de Seguridad P\u00fablica del Municipio y Carabineros de la Subcomisar\u00eda de Quintero, para realizar en conjunto las rondas en la comuna.<\/p>\n\n\n\n<p>As\u00ed lo inform\u00f3 Patricio Aran\u00edbar, Director de Seguridad P\u00fablica al se\u00f1alar que se lleg\u00f3 a un acuerdo con el Jefe de la Subcomisar\u00eda Quintero, Teniente Eric Sanzana, \u201cpara poder llevar a cabo patrullas mixtas, esto significa que arriba de un m\u00f3vil municipal van a ir dos agentes de Seguridad Ciudadana y dos Carabineros de Chile\u201d, para tener una mayor efectividad en el territorio que se abarca y mejorar los tiempos de respuesta a los llamados de emergencias.<\/p>\n\n\n\n<p>Estas acciones coordinadas se repetir\u00e1n durante el verano en el borde costero, tanto en bicicleta como en infanter\u00eda, en conjunto con Inspectores Municipales y Agentes de Seguridad Ciudadana. &nbsp;<\/p>\n\n\n\n<figure class=\"wp-block-audio\"><audio controls src=\"https:\/\/www.muniquintero.cl\/wp-content\/uploads\/2021\/08\/PATRICIO-ARANIBAR-1.mp3\"><\/audio><figcaption>Patricio Aran\u00edbar \/ Direcci\u00f3n Seguridad p\u00fablica<\/figcaption><\/figure>\n\n\n\n<p>Estas acciones son parte de la Agenda Territorial de Seguridad P\u00fablica, que impulsa actualmente esta repartici\u00f3n de la Municipalidad de Quintero.<\/p>\n","protected":false},"excerpt":{"rendered":"<p>Esta semana comenz\u00f3 a funcionar un trabajo colaborativo entre la Direcci\u00f3n de Seguridad P\u00fablica del Municipio y Carabineros de la Subcomisar\u00eda de Quintero, para realizar en conjunto las rondas en la comuna. As\u00ed lo inform\u00f3 Patricio Aran\u00edbar, Director de Seguridad P\u00fablica al se\u00f1alar que se lleg\u00f3 a un acuerdo con el Jefe de la Subcomisar\u00eda [&hellip;]<\/p>\n","protected":false},"author":7,"featured_media":25987,"comment_status":"closed","ping_status":"closed","sticky":false,"template":"","format":"standard","meta":{"wds_primary_category":0,"footnotes":""},"categories":[2],"tags":[],"class_list":["post-25986","post","type-post","status-publish","format-standard","has-post-thumbnail","hentry","category-noticias"],"_links":{"self":[{"href":"https:\/\/www.muniquintero.cl\/index.php\/wp-json\/wp\/v2\/posts\/25986","targetHints":{"allow":["GET"]}}],"collection":[{"href":"https:\/\/www.muniquintero.cl\/index.php\/wp-json\/wp\/v2\/posts"}],"about":[{"href":"https:\/\/www.muniquintero.cl\/index.php\/wp-json\/wp\/v2\/types\/post"}],"author":[{"embeddable":true,"href":"https:\/\/www.muniquintero.cl\/index.php\/wp-json\/wp\/v2\/users\/7"}],"replies":[{"embeddable":true,"href":"https:\/\/www.muniquintero.cl\/index.php\/wp-json\/wp\/v2\/comments?post=25986"}],"version-history":[{"count":2,"href":"https:\/\/www.muniquintero.cl\/index.php\/wp-json\/wp\/v2\/posts\/25986\/revisions"}],"predecessor-version":[{"id":40225,"href":"https:\/\/www.muniquintero.cl\/index.php\/wp-json\/wp\/v2\/posts\/25986\/revisions\/40225"}],"wp:featuredmedia":[{"embeddable":true,"href":"https:\/\/www.muniquintero.cl\/index.php\/wp-json\/wp\/v2\/media\/25987"}],"wp:attachment":[{"href":"https:\/\/www.muniquintero.cl\/index.php\/wp-json\/wp\/v2\/media?parent=25986"}],"wp:term":[{"taxonomy":"category","embeddable":true,"href":"https:\/\/www.muniquintero.cl\/index.php\/wp-json\/wp\/v2\/categories?post=25986"},{"taxonomy":"post_tag","embeddable":true,"href":"https:\/\/www.muniquintero.cl\/index.php\/wp-json\/wp\/v2\/tags?post=25986"}],"curies":[{"name":"wp","href":"https:\/\/api.w.org\/{rel}","templated":true}]}}