{"id":25972,"date":"2021-08-20T13:13:13","date_gmt":"2021-08-20T16:13:13","guid":{"rendered":"https:\/\/www.muniquintero.cl\/?p=25972"},"modified":"2021-08-20T13:15:14","modified_gmt":"2021-08-20T16:15:14","slug":"renacer-quintero-recordara-a-sus-hijos-con-escultura-en-el-parque-municipal","status":"publish","type":"post","link":"https:\/\/www.muniquintero.cl\/index.php\/2021\/08\/20\/renacer-quintero-recordara-a-sus-hijos-con-escultura-en-el-parque-municipal\/","title":{"rendered":"Renacer Quintero recordar\u00e1 a sus hijos con una escultura en el Parque Municipal"},"content":{"rendered":"\n<p>La Agrupaci\u00f3n Renacer Quintero, inaugur\u00f3 el martes 17 de agosto en el Parque Municipal, una escultura tallada en madera que en la figura de una mariposa recordar\u00e1 a sus hijos. &nbsp;<\/p>\n\n\n\n<p>Renacer Quintero es una agrupaci\u00f3n que se form\u00f3 el a\u00f1o 2019, con el prop\u00f3sito de acompa\u00f1ar a padres y madres que viven la dolorosa experiencia de haber perdido uno o m\u00e1s hijos.<\/p>\n\n\n\n<p>En la ceremonia estuvieron presentes el Administrador Municipal Rub\u00e9n Guti\u00e9rrez, los Concejales Alejandro Sep\u00falveda y Tamara Tello y representantes de la Corporaci\u00f3n Renacer Vi\u00f1a del Mar, familiares y amigos.<\/p>\n\n\n\n<p>Marisol Garrido, Monitora de Renacer Quintero, dijo que \u201cla idea nace de un sue\u00f1o que tuvimos todas, nuestra mariposa es un s\u00edmbolo de renacer, evoluci\u00f3n, transformaci\u00f3n y la verdad es que estamos cumpliendo un tercer aniversario ac\u00e1 en Quintero y quisimos conmemorarlo haciendo algo maravilloso, que siguiera en el tiempo, que sea significativo, que la gente lo viene a ver, que familias que tambi\u00e9n han sufrido la p\u00e9rdida de uno o m\u00e1s hijos,&nbsp; sientan esta conexi\u00f3n con esta escultura\u201d.<\/p>\n\n\n\n<figure class=\"wp-block-audio\"><audio controls src=\"https:\/\/www.muniquintero.cl\/wp-content\/uploads\/2021\/08\/cun\u0303a-marisol.mp3\"><\/audio><figcaption>Marisol Garrido \/ Renacer Quintero<\/figcaption><\/figure>\n\n\n\n<p>Alejandro Sep\u00falveda &nbsp;Concejal de la comuna, se\u00f1al\u00f3 que, \u201cestamos en un espacio, el m\u00e1s lindo de la comuna de Quintero y la Corporaci\u00f3n Renacer tiene un espacio para poder recordar, para poder amar\u201d.<\/p>\n\n\n\n<figure class=\"wp-block-audio\"><audio controls src=\"https:\/\/www.muniquintero.cl\/wp-content\/uploads\/2021\/08\/cun\u0303a-sepulveda.mp3\"><\/audio><figcaption>Alejandro Sep\u00falveda \/ Concejal<\/figcaption><\/figure>\n\n\n\n<p>La Concejal Tamara Tello, coment\u00f3 que, \u201ceste es un tremendo regalo para el alma , para la conciencia, entender que estas mujeres han armado esta corporaci\u00f3n de contenci\u00f3n de amor, de hermandad, por la p\u00e9rdida de sus hijos, y la verdad es que no me imagino lo que significa, pero sin duda es una de las cosa m\u00e1s dif\u00edciles por las que una persona puede pasar\u201d.<\/p>\n\n\n\n<figure class=\"wp-block-audio\"><audio controls src=\"https:\/\/www.muniquintero.cl\/wp-content\/uploads\/2021\/08\/cun\u0303a-tello.mp3\"><\/audio><figcaption>Tamara Tello \/ Concejal<\/figcaption><\/figure>\n\n\n\n<p>La escultura tallada en un tronco enraizado, representa una mano impulsando al aire a una mariposa y es obra del artesano Yosimar Cort\u00e9s.<\/p>\n\n\n\n<p>En la actividad tambi\u00e9n particip\u00f3 un dueto de cuerdas perteneciente a la orquesta \u201cSonidos en el Viento\u201d de la Corporaci\u00f3n Municipal de Cultura, que a trav\u00e9s de la m\u00fasica puso un marco de recogimiento a esta ceremonia.<\/p>\n\n\n\n<figure class=\"wp-block-gallery columns-3 is-cropped wp-block-gallery-1 is-layout-flex wp-block-gallery-is-layout-flex\"><ul class=\"blocks-gallery-grid\"><li class=\"blocks-gallery-item\"><figure><img fetchpriority=\"high\" decoding=\"async\" width=\"1024\" height=\"683\" src=\"https:\/\/www.muniquintero.cl\/wp-content\/uploads\/2021\/08\/IMG_9246-1024x683.jpg\" alt=\"\" data-id=\"25977\" data-full-url=\"https:\/\/www.muniquintero.cl\/wp-content\/uploads\/2021\/08\/IMG_9246-scaled.jpg\" data-link=\"https:\/\/www.muniquintero.cl\/?attachment_id=25977\" class=\"wp-image-25977\" srcset=\"https:\/\/www.muniquintero.cl\/wp-content\/uploads\/2021\/08\/IMG_9246-1024x683.jpg 1024w, https:\/\/www.muniquintero.cl\/wp-content\/uploads\/2021\/08\/IMG_9246-300x200.jpg 300w, https:\/\/www.muniquintero.cl\/wp-content\/uploads\/2021\/08\/IMG_9246-768x512.jpg 768w, https:\/\/www.muniquintero.cl\/wp-content\/uploads\/2021\/08\/IMG_9246-1536x1024.jpg 1536w, https:\/\/www.muniquintero.cl\/wp-content\/uploads\/2021\/08\/IMG_9246-2048x1365.jpg 2048w\" sizes=\"(max-width: 1024px) 100vw, 1024px\" \/><\/figure><\/li><li class=\"blocks-gallery-item\"><figure><img decoding=\"async\" width=\"1024\" height=\"683\" src=\"https:\/\/www.muniquintero.cl\/wp-content\/uploads\/2021\/08\/IMG_9250-1024x683.jpg\" alt=\"\" data-id=\"25978\" data-full-url=\"https:\/\/www.muniquintero.cl\/wp-content\/uploads\/2021\/08\/IMG_9250-scaled.jpg\" data-link=\"https:\/\/www.muniquintero.cl\/?attachment_id=25978\" class=\"wp-image-25978\" srcset=\"https:\/\/www.muniquintero.cl\/wp-content\/uploads\/2021\/08\/IMG_9250-1024x683.jpg 1024w, https:\/\/www.muniquintero.cl\/wp-content\/uploads\/2021\/08\/IMG_9250-300x200.jpg 300w, https:\/\/www.muniquintero.cl\/wp-content\/uploads\/2021\/08\/IMG_9250-768x512.jpg 768w, https:\/\/www.muniquintero.cl\/wp-content\/uploads\/2021\/08\/IMG_9250-1536x1024.jpg 1536w, https:\/\/www.muniquintero.cl\/wp-content\/uploads\/2021\/08\/IMG_9250-2048x1365.jpg 2048w\" sizes=\"(max-width: 1024px) 100vw, 1024px\" \/><\/figure><\/li><li class=\"blocks-gallery-item\"><figure><img decoding=\"async\" width=\"1024\" height=\"683\" src=\"https:\/\/www.muniquintero.cl\/wp-content\/uploads\/2021\/08\/IMG_9256-1024x683.jpg\" alt=\"\" data-id=\"25979\" data-full-url=\"https:\/\/www.muniquintero.cl\/wp-content\/uploads\/2021\/08\/IMG_9256-scaled.jpg\" data-link=\"https:\/\/www.muniquintero.cl\/?attachment_id=25979\" class=\"wp-image-25979\" srcset=\"https:\/\/www.muniquintero.cl\/wp-content\/uploads\/2021\/08\/IMG_9256-1024x683.jpg 1024w, https:\/\/www.muniquintero.cl\/wp-content\/uploads\/2021\/08\/IMG_9256-300x200.jpg 300w, https:\/\/www.muniquintero.cl\/wp-content\/uploads\/2021\/08\/IMG_9256-768x512.jpg 768w, https:\/\/www.muniquintero.cl\/wp-content\/uploads\/2021\/08\/IMG_9256-1536x1024.jpg 1536w, https:\/\/www.muniquintero.cl\/wp-content\/uploads\/2021\/08\/IMG_9256-2048x1365.jpg 2048w\" sizes=\"(max-width: 1024px) 100vw, 1024px\" \/><\/figure><\/li><li class=\"blocks-gallery-item\"><figure><img loading=\"lazy\" decoding=\"async\" width=\"1024\" height=\"683\" src=\"https:\/\/www.muniquintero.cl\/wp-content\/uploads\/2021\/08\/IMG_9261-1024x683.jpg\" alt=\"\" data-id=\"25980\" data-full-url=\"https:\/\/www.muniquintero.cl\/wp-content\/uploads\/2021\/08\/IMG_9261-scaled.jpg\" data-link=\"https:\/\/www.muniquintero.cl\/?attachment_id=25980\" class=\"wp-image-25980\" srcset=\"https:\/\/www.muniquintero.cl\/wp-content\/uploads\/2021\/08\/IMG_9261-1024x683.jpg 1024w, https:\/\/www.muniquintero.cl\/wp-content\/uploads\/2021\/08\/IMG_9261-300x200.jpg 300w, https:\/\/www.muniquintero.cl\/wp-content\/uploads\/2021\/08\/IMG_9261-768x512.jpg 768w, https:\/\/www.muniquintero.cl\/wp-content\/uploads\/2021\/08\/IMG_9261-1536x1024.jpg 1536w, https:\/\/www.muniquintero.cl\/wp-content\/uploads\/2021\/08\/IMG_9261-2048x1365.jpg 2048w\" sizes=\"(max-width: 1024px) 100vw, 1024px\" \/><\/figure><\/li><li class=\"blocks-gallery-item\"><figure><img loading=\"lazy\" decoding=\"async\" width=\"1024\" height=\"683\" src=\"https:\/\/www.muniquintero.cl\/wp-content\/uploads\/2021\/08\/IMG_9297-1024x683.jpg\" alt=\"\" data-id=\"25981\" data-full-url=\"https:\/\/www.muniquintero.cl\/wp-content\/uploads\/2021\/08\/IMG_9297-scaled.jpg\" data-link=\"https:\/\/www.muniquintero.cl\/?attachment_id=25981\" class=\"wp-image-25981\" srcset=\"https:\/\/www.muniquintero.cl\/wp-content\/uploads\/2021\/08\/IMG_9297-1024x683.jpg 1024w, https:\/\/www.muniquintero.cl\/wp-content\/uploads\/2021\/08\/IMG_9297-300x200.jpg 300w, https:\/\/www.muniquintero.cl\/wp-content\/uploads\/2021\/08\/IMG_9297-768x512.jpg 768w, https:\/\/www.muniquintero.cl\/wp-content\/uploads\/2021\/08\/IMG_9297-1536x1024.jpg 1536w, https:\/\/www.muniquintero.cl\/wp-content\/uploads\/2021\/08\/IMG_9297-2048x1365.jpg 2048w\" sizes=\"(max-width: 1024px) 100vw, 1024px\" \/><\/figure><\/li><li class=\"blocks-gallery-item\"><figure><img loading=\"lazy\" decoding=\"async\" width=\"1024\" height=\"683\" src=\"https:\/\/www.muniquintero.cl\/wp-content\/uploads\/2021\/08\/IMG_9308-1024x683.jpg\" alt=\"\" data-id=\"25982\" data-full-url=\"https:\/\/www.muniquintero.cl\/wp-content\/uploads\/2021\/08\/IMG_9308-scaled.jpg\" data-link=\"https:\/\/www.muniquintero.cl\/?attachment_id=25982\" class=\"wp-image-25982\" srcset=\"https:\/\/www.muniquintero.cl\/wp-content\/uploads\/2021\/08\/IMG_9308-1024x683.jpg 1024w, https:\/\/www.muniquintero.cl\/wp-content\/uploads\/2021\/08\/IMG_9308-300x200.jpg 300w, https:\/\/www.muniquintero.cl\/wp-content\/uploads\/2021\/08\/IMG_9308-768x512.jpg 768w, https:\/\/www.muniquintero.cl\/wp-content\/uploads\/2021\/08\/IMG_9308-1536x1024.jpg 1536w, https:\/\/www.muniquintero.cl\/wp-content\/uploads\/2021\/08\/IMG_9308-2048x1365.jpg 2048w\" sizes=\"(max-width: 1024px) 100vw, 1024px\" \/><\/figure><\/li><li class=\"blocks-gallery-item\"><figure><img loading=\"lazy\" decoding=\"async\" width=\"1024\" height=\"683\" src=\"https:\/\/www.muniquintero.cl\/wp-content\/uploads\/2021\/08\/IMG_9314-1024x683.jpg\" alt=\"\" data-id=\"25983\" data-full-url=\"https:\/\/www.muniquintero.cl\/wp-content\/uploads\/2021\/08\/IMG_9314-scaled.jpg\" data-link=\"https:\/\/www.muniquintero.cl\/?attachment_id=25983\" class=\"wp-image-25983\" srcset=\"https:\/\/www.muniquintero.cl\/wp-content\/uploads\/2021\/08\/IMG_9314-1024x683.jpg 1024w, https:\/\/www.muniquintero.cl\/wp-content\/uploads\/2021\/08\/IMG_9314-300x200.jpg 300w, https:\/\/www.muniquintero.cl\/wp-content\/uploads\/2021\/08\/IMG_9314-768x512.jpg 768w, https:\/\/www.muniquintero.cl\/wp-content\/uploads\/2021\/08\/IMG_9314-1536x1024.jpg 1536w, https:\/\/www.muniquintero.cl\/wp-content\/uploads\/2021\/08\/IMG_9314-2048x1365.jpg 2048w\" sizes=\"(max-width: 1024px) 100vw, 1024px\" \/><\/figure><\/li><\/ul><\/figure>\n","protected":false},"excerpt":{"rendered":"<p>La Agrupaci\u00f3n Renacer Quintero, inaugur\u00f3 el martes 17 de agosto en el Parque Municipal, una escultura tallada en madera que en la figura de una mariposa recordar\u00e1 a sus hijos. &nbsp; Renacer Quintero es una agrupaci\u00f3n que se form\u00f3 el a\u00f1o 2019, con el prop\u00f3sito de acompa\u00f1ar a padres y madres que viven la dolorosa [&hellip;]<\/p>\n","protected":false},"author":7,"featured_media":25973,"comment_status":"closed","ping_status":"closed","sticky":false,"template":"","format":"standard","meta":{"wds_primary_category":0,"footnotes":""},"categories":[2],"tags":[],"class_list":["post-25972","post","type-post","status-publish","format-standard","has-post-thumbnail","hentry","category-noticias"],"_links":{"self":[{"href":"https:\/\/www.muniquintero.cl\/index.php\/wp-json\/wp\/v2\/posts\/25972","targetHints":{"allow":["GET"]}}],"collection":[{"href":"https:\/\/www.muniquintero.cl\/index.php\/wp-json\/wp\/v2\/posts"}],"about":[{"href":"https:\/\/www.muniquintero.cl\/index.php\/wp-json\/wp\/v2\/types\/post"}],"author":[{"embeddable":true,"href":"https:\/\/www.muniquintero.cl\/index.php\/wp-json\/wp\/v2\/users\/7"}],"replies":[{"embeddable":true,"href":"https:\/\/www.muniquintero.cl\/index.php\/wp-json\/wp\/v2\/comments?post=25972"}],"version-history":[{"count":2,"href":"https:\/\/www.muniquintero.cl\/index.php\/wp-json\/wp\/v2\/posts\/25972\/revisions"}],"predecessor-version":[{"id":25985,"href":"https:\/\/www.muniquintero.cl\/index.php\/wp-json\/wp\/v2\/posts\/25972\/revisions\/25985"}],"wp:featuredmedia":[{"embeddable":true,"href":"https:\/\/www.muniquintero.cl\/index.php\/wp-json\/wp\/v2\/media\/25973"}],"wp:attachment":[{"href":"https:\/\/www.muniquintero.cl\/index.php\/wp-json\/wp\/v2\/media?parent=25972"}],"wp:term":[{"taxonomy":"category","embeddable":true,"href":"https:\/\/www.muniquintero.cl\/index.php\/wp-json\/wp\/v2\/categories?post=25972"},{"taxonomy":"post_tag","embeddable":true,"href":"https:\/\/www.muniquintero.cl\/index.php\/wp-json\/wp\/v2\/tags?post=25972"}],"curies":[{"name":"wp","href":"https:\/\/api.w.org\/{rel}","templated":true}]}}