{"id":25960,"date":"2021-08-19T17:30:00","date_gmt":"2021-08-19T20:30:00","guid":{"rendered":"https:\/\/www.muniquintero.cl\/?p=25960"},"modified":"2021-08-19T18:30:13","modified_gmt":"2021-08-19T21:30:13","slug":"concejo-municipal-tomo-conocimiento-del-nuevo-plan-de-seguridad-comunal","status":"publish","type":"post","link":"https:\/\/www.muniquintero.cl\/index.php\/2021\/08\/19\/concejo-municipal-tomo-conocimiento-del-nuevo-plan-de-seguridad-comunal\/","title":{"rendered":"Concejo Municipal tom\u00f3 conocimiento del nuevo Plan de Seguridad Comunal"},"content":{"rendered":"\n<p>El Director de Seguridad P\u00fablica Patricio Aran\u00edbar, &nbsp;inform\u00f3 al Concejo Municipal acerca de la estrategia que se est\u00e1 utilizando para dise\u00f1ar el nuevo Plan de Seguridad Comunal que se aplicar\u00e1 en Quintero.<\/p>\n\n\n\n<figure class=\"wp-block-image size-large\"><img fetchpriority=\"high\" decoding=\"async\" width=\"1024\" height=\"683\" src=\"https:\/\/www.muniquintero.cl\/wp-content\/uploads\/2021\/08\/seg-ciudadana-1024x683.jpg\" alt=\"\" class=\"wp-image-25962\" srcset=\"https:\/\/www.muniquintero.cl\/wp-content\/uploads\/2021\/08\/seg-ciudadana-1024x683.jpg 1024w, https:\/\/www.muniquintero.cl\/wp-content\/uploads\/2021\/08\/seg-ciudadana-300x200.jpg 300w, https:\/\/www.muniquintero.cl\/wp-content\/uploads\/2021\/08\/seg-ciudadana-768x512.jpg 768w, https:\/\/www.muniquintero.cl\/wp-content\/uploads\/2021\/08\/seg-ciudadana-1536x1024.jpg 1536w, https:\/\/www.muniquintero.cl\/wp-content\/uploads\/2021\/08\/seg-ciudadana.jpg 2048w\" sizes=\"(max-width: 1024px) 100vw, 1024px\" \/><\/figure>\n\n\n\n<p>Aran\u00edbar explic\u00f3 que el Plan de Seguridad Comunal es, \u201cun instrumento de gesti\u00f3n municipal, es un documento que firman todos los actores de seguridad presentes en la comuna, son compromisos que asume la municipalidad, Carabineros de Chile, la PDI, el SENAME, todos los que participan en el Consejo de Seguridad Comunal\u201d.<\/p>\n\n\n\n<p>\u201cNosotros como Direcci\u00f3n de Seguridad P\u00fablica hemos estado sosteniendo distintas reuniones con dirigentes vecinales, desde hace un mes y medio, justamente para preparar la evaluaci\u00f3n diagn\u00f3stica, que es una consulta en l\u00ednea\u201d, que se espera la puedan responder la mayor cantidad de vecinos, coment\u00f3 Patricio Aran\u00edbar.<\/p>\n\n\n\n<figure class=\"wp-block-audio\"><audio controls src=\"https:\/\/www.muniquintero.cl\/wp-content\/uploads\/2021\/08\/PATRICIO-ARANIBAR.mp3\"><\/audio><figcaption>Patricio Aran\u00edbar \/ Direcci\u00f3n Seguridad P\u00fablica<\/figcaption><\/figure>\n\n\n\n<p>El Concejal Alejandro Sep\u00falveda tras la sesi\u00f3n del Concejo Municipal dijo, \u201cinvito a toda la comunidad de Quintero a que se acerquen a la Direcci\u00f3n de Seguridad P\u00fablica, a que participen las juntas de vecinos, Patricio que es el director del \u00e1rea, est\u00e1 llano a poder recibirlos, porque es de mucha importancia\u201d.<\/p>\n\n\n\n<p>\u201cNosotros tenemos que trabajar fuertemente, cohesionados con todas las organizaciones para atender directamente el problema. Sabemos que tenemos un problema de delincuencia a nivel pa\u00eds, pero este municipio hace todos los esfuerzos necesarios, para ejecutar de buena forma la seguridad de la comuna de Quintero\u201d.<\/p>\n\n\n\n<figure class=\"wp-block-audio\"><audio controls src=\"https:\/\/www.muniquintero.cl\/wp-content\/uploads\/2021\/08\/A.-SEPULVEDA.mp3\"><\/audio><figcaption>Alejandro Sep\u00falveda \/ Concejal<\/figcaption><\/figure>\n\n\n\n<p>Los vecinos y organizaciones sociales que deseen participar de la Encuesta de Seguridad P\u00fablica deben ingresar a la siguiente p\u00e1gina:<\/p>\n\n\n\n<p><a href=\"https:\/\/forms.gle\/QTznSkDzhQF6BCwV9\">https:\/\/forms.gle\/QTznSkDzhQF6BCwV9<\/a><\/p>\n","protected":false},"excerpt":{"rendered":"<p>El Director de Seguridad P\u00fablica Patricio Aran\u00edbar, &nbsp;inform\u00f3 al Concejo Municipal acerca de la estrategia que se est\u00e1 utilizando para dise\u00f1ar el nuevo Plan de Seguridad Comunal que se aplicar\u00e1 en Quintero. Aran\u00edbar explic\u00f3 que el Plan de Seguridad Comunal es, \u201cun instrumento de gesti\u00f3n municipal, es un documento que firman todos los actores de [&hellip;]<\/p>\n","protected":false},"author":7,"featured_media":25961,"comment_status":"closed","ping_status":"closed","sticky":false,"template":"","format":"standard","meta":{"wds_primary_category":0,"footnotes":""},"categories":[2],"tags":[],"class_list":["post-25960","post","type-post","status-publish","format-standard","has-post-thumbnail","hentry","category-noticias"],"_links":{"self":[{"href":"https:\/\/www.muniquintero.cl\/index.php\/wp-json\/wp\/v2\/posts\/25960","targetHints":{"allow":["GET"]}}],"collection":[{"href":"https:\/\/www.muniquintero.cl\/index.php\/wp-json\/wp\/v2\/posts"}],"about":[{"href":"https:\/\/www.muniquintero.cl\/index.php\/wp-json\/wp\/v2\/types\/post"}],"author":[{"embeddable":true,"href":"https:\/\/www.muniquintero.cl\/index.php\/wp-json\/wp\/v2\/users\/7"}],"replies":[{"embeddable":true,"href":"https:\/\/www.muniquintero.cl\/index.php\/wp-json\/wp\/v2\/comments?post=25960"}],"version-history":[{"count":1,"href":"https:\/\/www.muniquintero.cl\/index.php\/wp-json\/wp\/v2\/posts\/25960\/revisions"}],"predecessor-version":[{"id":25965,"href":"https:\/\/www.muniquintero.cl\/index.php\/wp-json\/wp\/v2\/posts\/25960\/revisions\/25965"}],"wp:featuredmedia":[{"embeddable":true,"href":"https:\/\/www.muniquintero.cl\/index.php\/wp-json\/wp\/v2\/media\/25961"}],"wp:attachment":[{"href":"https:\/\/www.muniquintero.cl\/index.php\/wp-json\/wp\/v2\/media?parent=25960"}],"wp:term":[{"taxonomy":"category","embeddable":true,"href":"https:\/\/www.muniquintero.cl\/index.php\/wp-json\/wp\/v2\/categories?post=25960"},{"taxonomy":"post_tag","embeddable":true,"href":"https:\/\/www.muniquintero.cl\/index.php\/wp-json\/wp\/v2\/tags?post=25960"}],"curies":[{"name":"wp","href":"https:\/\/api.w.org\/{rel}","templated":true}]}}