{"id":25465,"date":"2021-06-08T19:23:44","date_gmt":"2021-06-08T22:23:44","guid":{"rendered":"https:\/\/www.muniquintero.cl\/?p=25465"},"modified":"2021-06-08T19:27:10","modified_gmt":"2021-06-08T22:27:10","slug":"santuario-bosque-las-petras-contara-con-un-plan-de-manejo-para-su-proteccion","status":"publish","type":"post","link":"https:\/\/www.muniquintero.cl\/index.php\/2021\/06\/08\/santuario-bosque-las-petras-contara-con-un-plan-de-manejo-para-su-proteccion\/","title":{"rendered":"Santuario Bosque Las Petras contar\u00e1 con un plan de manejo para su protecci\u00f3n"},"content":{"rendered":"\n<p>Cuando se cumplen 28 a\u00f1os de la declaratoria como santuario de la naturaleza, finalmente el Bosque Las Petras ubicado en Loncura, contar\u00e1 con el anhelado plan de manejo que lo proteja y a la vez permita el acceso de visitantes a este milenario lugar.<\/p>\n\n\n\n<p>Nicole N\u00fa\u00f1ez, profesional del Departamento de Medioambiente &nbsp;de la Municipalidad de Quintero&nbsp; dijo que, \u201choy en d\u00eda se est\u00e1 generando un plan de manejo que est\u00e1 en su etapa final, de hecho, pr\u00f3ximamente va a ser entregado a la Fuerza A\u00e9rea como administrador del santuario, qui\u00e9nes tienen que finalmente, interiorizar \u00e9ste plan de manejo\u201d.<\/p>\n\n\n\n<figure class=\"wp-block-image size-large\"><img fetchpriority=\"high\" decoding=\"async\" width=\"1024\" height=\"683\" src=\"https:\/\/www.muniquintero.cl\/wp-content\/uploads\/2021\/06\/IMG_3049-1024x683.jpg\" alt=\"\" class=\"wp-image-25467\" srcset=\"https:\/\/www.muniquintero.cl\/wp-content\/uploads\/2021\/06\/IMG_3049-1024x683.jpg 1024w, https:\/\/www.muniquintero.cl\/wp-content\/uploads\/2021\/06\/IMG_3049-300x200.jpg 300w, https:\/\/www.muniquintero.cl\/wp-content\/uploads\/2021\/06\/IMG_3049-768x512.jpg 768w, https:\/\/www.muniquintero.cl\/wp-content\/uploads\/2021\/06\/IMG_3049-1536x1024.jpg 1536w, https:\/\/www.muniquintero.cl\/wp-content\/uploads\/2021\/06\/IMG_3049-2048x1365.jpg 2048w\" sizes=\"(max-width: 1024px) 100vw, 1024px\" \/><\/figure>\n\n\n\n<figure class=\"wp-block-audio\"><audio controls src=\"https:\/\/www.muniquintero.cl\/wp-content\/uploads\/2021\/06\/Nicole-Nu\u0301n\u0303ez.mp3\"><\/audio><figcaption>Nicole N\u00fa\u00f1ez \/ Departamento de Medioambiente<\/figcaption><\/figure>\n\n\n\n<p>El plan de manejo proyecta que en un plazo de 5 a\u00f1os, se realicen una serie de actividades para mejorar el estado en que se encuentra el bosque, como se\u00f1ala Nicole N\u00fa\u00f1ez, \u201cuna de ellas por ejemplo, es definir senderos dentro del santuario, generar aqu\u00ed una log\u00edstica de zonificaci\u00f3n, una caseta de administraci\u00f3n, lo que nos permitir\u00e1 en el futuro tener un mejor recibimiento de las visitas\u201d.<\/p>\n\n\n\n<p>En tanto Lorena Flores Toro, Coordinadora del Proyecto GEF Humedales Costeros para la regi\u00f3n de Valpara\u00edso, si bien valor\u00f3 la protecci\u00f3n y limpieza del lugar, desde el punto de vista ecol\u00f3gico puso una voz de alerta pues, \u201cobviamente los a\u00f1os de sequ\u00eda van mermando este tipo de bosque\u201d.<\/p>\n\n\n\n<figure class=\"wp-block-image size-large\"><img decoding=\"async\" width=\"1024\" height=\"683\" src=\"https:\/\/www.muniquintero.cl\/wp-content\/uploads\/2021\/06\/IMG_3008-1024x683.jpg\" alt=\"\" class=\"wp-image-25468\" srcset=\"https:\/\/www.muniquintero.cl\/wp-content\/uploads\/2021\/06\/IMG_3008-1024x683.jpg 1024w, https:\/\/www.muniquintero.cl\/wp-content\/uploads\/2021\/06\/IMG_3008-300x200.jpg 300w, https:\/\/www.muniquintero.cl\/wp-content\/uploads\/2021\/06\/IMG_3008-768x512.jpg 768w, https:\/\/www.muniquintero.cl\/wp-content\/uploads\/2021\/06\/IMG_3008-1536x1024.jpg 1536w, https:\/\/www.muniquintero.cl\/wp-content\/uploads\/2021\/06\/IMG_3008-2048x1365.jpg 2048w\" sizes=\"(max-width: 1024px) 100vw, 1024px\" \/><\/figure>\n\n\n\n<p>\u201c\u00c9ste es un bosque pantanoso y lo que menos vemos hoy en \u00e9l es agua, pantano; entonces en ese aspecto son bosques que de forma natural se van reduciendo cada vez m\u00e1s, estos fragmentos cada vez son m\u00e1s peque\u00f1os\u201d, afirm\u00f3 la Doctora en Biodiversidad y Conservaci\u00f3n del Medio Natural.<\/p>\n\n\n\n<figure class=\"wp-block-audio\"><audio controls src=\"https:\/\/www.muniquintero.cl\/wp-content\/uploads\/2021\/06\/Lorena-Flores-Toro.mp3\"><\/audio><figcaption>Lorena Flores Toro \/ Coordinadora del Proyecto GEF<\/figcaption><\/figure>\n\n\n\n<figure class=\"wp-block-image size-large\"><img decoding=\"async\" width=\"1024\" height=\"683\" src=\"https:\/\/www.muniquintero.cl\/wp-content\/uploads\/2021\/06\/IMG_3030-1024x683.jpg\" alt=\"\" class=\"wp-image-25469\" srcset=\"https:\/\/www.muniquintero.cl\/wp-content\/uploads\/2021\/06\/IMG_3030-1024x683.jpg 1024w, https:\/\/www.muniquintero.cl\/wp-content\/uploads\/2021\/06\/IMG_3030-300x200.jpg 300w, https:\/\/www.muniquintero.cl\/wp-content\/uploads\/2021\/06\/IMG_3030-768x512.jpg 768w, https:\/\/www.muniquintero.cl\/wp-content\/uploads\/2021\/06\/IMG_3030-1536x1024.jpg 1536w, https:\/\/www.muniquintero.cl\/wp-content\/uploads\/2021\/06\/IMG_3030-2048x1365.jpg 2048w\" sizes=\"(max-width: 1024px) 100vw, 1024px\" \/><\/figure>\n\n\n\n<p>La Coordinadora del Proyecto GEF Humedales Costeros de Valpara\u00edso explic\u00f3 que, \u201c\u00e9ste es un bosque relicto, o sea un bosque que se form\u00f3 en otra \u00e9poca, un par de millones de a\u00f1os atr\u00e1s bajo otras condiciones clim\u00e1ticas y la sequ\u00eda natural y tambi\u00e9n ahora en los \u00faltimos a\u00f1os agudizada por el ser humano, esta sequ\u00eda obviamente los va a ir reduciendo\u201d, concluy\u00f3 Lorena Flores.<\/p>\n","protected":false},"excerpt":{"rendered":"<p>Cuando se cumplen 28 a\u00f1os de la declaratoria como santuario de la naturaleza, finalmente el Bosque Las Petras ubicado en Loncura, contar\u00e1 con el anhelado plan de manejo que lo proteja y a la vez permita el acceso de visitantes a este milenario lugar. Nicole N\u00fa\u00f1ez, profesional del Departamento de Medioambiente &nbsp;de la Municipalidad de [&hellip;]<\/p>\n","protected":false},"author":7,"featured_media":25466,"comment_status":"closed","ping_status":"closed","sticky":false,"template":"","format":"standard","meta":{"wds_primary_category":0,"footnotes":""},"categories":[1],"tags":[],"class_list":["post-25465","post","type-post","status-publish","format-standard","has-post-thumbnail","hentry","category-municipalidad"],"_links":{"self":[{"href":"https:\/\/www.muniquintero.cl\/index.php\/wp-json\/wp\/v2\/posts\/25465","targetHints":{"allow":["GET"]}}],"collection":[{"href":"https:\/\/www.muniquintero.cl\/index.php\/wp-json\/wp\/v2\/posts"}],"about":[{"href":"https:\/\/www.muniquintero.cl\/index.php\/wp-json\/wp\/v2\/types\/post"}],"author":[{"embeddable":true,"href":"https:\/\/www.muniquintero.cl\/index.php\/wp-json\/wp\/v2\/users\/7"}],"replies":[{"embeddable":true,"href":"https:\/\/www.muniquintero.cl\/index.php\/wp-json\/wp\/v2\/comments?post=25465"}],"version-history":[{"count":1,"href":"https:\/\/www.muniquintero.cl\/index.php\/wp-json\/wp\/v2\/posts\/25465\/revisions"}],"predecessor-version":[{"id":25472,"href":"https:\/\/www.muniquintero.cl\/index.php\/wp-json\/wp\/v2\/posts\/25465\/revisions\/25472"}],"wp:featuredmedia":[{"embeddable":true,"href":"https:\/\/www.muniquintero.cl\/index.php\/wp-json\/wp\/v2\/media\/25466"}],"wp:attachment":[{"href":"https:\/\/www.muniquintero.cl\/index.php\/wp-json\/wp\/v2\/media?parent=25465"}],"wp:term":[{"taxonomy":"category","embeddable":true,"href":"https:\/\/www.muniquintero.cl\/index.php\/wp-json\/wp\/v2\/categories?post=25465"},{"taxonomy":"post_tag","embeddable":true,"href":"https:\/\/www.muniquintero.cl\/index.php\/wp-json\/wp\/v2\/tags?post=25465"}],"curies":[{"name":"wp","href":"https:\/\/api.w.org\/{rel}","templated":true}]}}