{"id":25024,"date":"2021-03-15T18:05:32","date_gmt":"2021-03-15T21:05:32","guid":{"rendered":"https:\/\/www.muniquintero.cl\/?p=25024"},"modified":"2021-03-15T18:05:33","modified_gmt":"2021-03-15T21:05:33","slug":"encargada-de-salud-municipal-de-quintero-llama-a-no-relajarse-a-quienes-se-vacunaron","status":"publish","type":"post","link":"https:\/\/www.muniquintero.cl\/index.php\/2021\/03\/15\/encargada-de-salud-municipal-de-quintero-llama-a-no-relajarse-a-quienes-se-vacunaron\/","title":{"rendered":"Encargada de Salud Municipal de Quintero llama a no relajarse a quienes se vacunaron"},"content":{"rendered":"\n<p>La Encargada del Departamento de Salud Municipal de Quintero, Ania Guajardo, llam\u00f3 a la poblaci\u00f3n a no relajarse en las medidas preventivas contra el Covid-19 aun cuando las personas se hayan vacunado recientemente.<\/p>\n\n\n\n<p>&nbsp;Al respecto Guajardo inform\u00f3 que la vacunaci\u00f3n \u201cha sido un proceso ordenado y seguro, se han puesto todos los recursos tanto de parte de la Municipalidad como del Hospital de Quintero para que as\u00ed sea\u201d y adem\u00e1s explic\u00f3 que, \u201cque nos hayamos vacunado y que estemos con la segunda dosis, no nos asegura que podamos tener COVID, lo que nos va asegurar es comenzar el proceso de producci\u00f3n de anticuerpos frente a este microorganismo\u201d, pero tambi\u00e9n asever\u00f3 que eso requerir\u00e1 que pasen unos meses.<\/p>\n\n\n\n<p>Respecto a los casos activos que a la fecha suman unas 50 personas contagiadas, la Encargada del Departamento de Salud Municipal, reiter\u00f3 a la comunidad que debe aplicar medidas preventivas y respectar las cuarentenas que el Ministerio de Salud ha definido, por cuanto que, \u201ca\u00fan as\u00ed tenemos poblaci\u00f3n que no hace caso a esto y es por eso que hoy en d\u00eda tenemos muchos casos activos en la comuna, los cuales en alg\u00fan minuto nos va a llevar, &#8211; esperemos que no se as\u00ed- a la cuarentena total, y eso ser\u00eda catastr\u00f3fico para nuestra comunidad y principalmente para aquellas familias que son m\u00e1s vulnerables que otras\u201d, concluy\u00f3 Ania Guajardo.<\/p>\n","protected":false},"excerpt":{"rendered":"<p>La Encargada del Departamento de Salud Municipal de Quintero, Ania Guajardo, llam\u00f3 a la poblaci\u00f3n a no relajarse en las medidas preventivas contra el Covid-19 aun cuando las personas se hayan vacunado recientemente. &nbsp;Al respecto Guajardo inform\u00f3 que la vacunaci\u00f3n \u201cha sido un proceso ordenado y seguro, se han puesto todos los recursos tanto de [&hellip;]<\/p>\n","protected":false},"author":7,"featured_media":25025,"comment_status":"closed","ping_status":"closed","sticky":false,"template":"","format":"standard","meta":{"wds_primary_category":0,"footnotes":""},"categories":[2],"tags":[],"class_list":["post-25024","post","type-post","status-publish","format-standard","has-post-thumbnail","hentry","category-noticias"],"_links":{"self":[{"href":"https:\/\/www.muniquintero.cl\/index.php\/wp-json\/wp\/v2\/posts\/25024","targetHints":{"allow":["GET"]}}],"collection":[{"href":"https:\/\/www.muniquintero.cl\/index.php\/wp-json\/wp\/v2\/posts"}],"about":[{"href":"https:\/\/www.muniquintero.cl\/index.php\/wp-json\/wp\/v2\/types\/post"}],"author":[{"embeddable":true,"href":"https:\/\/www.muniquintero.cl\/index.php\/wp-json\/wp\/v2\/users\/7"}],"replies":[{"embeddable":true,"href":"https:\/\/www.muniquintero.cl\/index.php\/wp-json\/wp\/v2\/comments?post=25024"}],"version-history":[{"count":1,"href":"https:\/\/www.muniquintero.cl\/index.php\/wp-json\/wp\/v2\/posts\/25024\/revisions"}],"predecessor-version":[{"id":25026,"href":"https:\/\/www.muniquintero.cl\/index.php\/wp-json\/wp\/v2\/posts\/25024\/revisions\/25026"}],"wp:featuredmedia":[{"embeddable":true,"href":"https:\/\/www.muniquintero.cl\/index.php\/wp-json\/wp\/v2\/media\/25025"}],"wp:attachment":[{"href":"https:\/\/www.muniquintero.cl\/index.php\/wp-json\/wp\/v2\/media?parent=25024"}],"wp:term":[{"taxonomy":"category","embeddable":true,"href":"https:\/\/www.muniquintero.cl\/index.php\/wp-json\/wp\/v2\/categories?post=25024"},{"taxonomy":"post_tag","embeddable":true,"href":"https:\/\/www.muniquintero.cl\/index.php\/wp-json\/wp\/v2\/tags?post=25024"}],"curies":[{"name":"wp","href":"https:\/\/api.w.org\/{rel}","templated":true}]}}