{"id":24571,"date":"2021-02-22T17:40:56","date_gmt":"2021-02-22T20:40:56","guid":{"rendered":"https:\/\/www.muniquintero.cl\/?p=24571"},"modified":"2021-02-22T17:40:57","modified_gmt":"2021-02-22T20:40:57","slug":"quintero-cumplio-con-primera-cuarentena-en-fase-2","status":"publish","type":"post","link":"https:\/\/www.muniquintero.cl\/index.php\/2021\/02\/22\/quintero-cumplio-con-primera-cuarentena-en-fase-2\/","title":{"rendered":"Quintero cumpli\u00f3 con primera cuarentena en Fase 2"},"content":{"rendered":"\n<p>El fin de semana reci\u00e9n pasado la comuna de Quintero se confin\u00f3 por primera vez en el marco de la cuarentena ordenada por el Ministerio de Salud a los territorios que se encuentran en Fase 2.<\/p>\n\n\n\n<p>En ese tenor, el Encargado de Emergencia Comunal H\u00e9ctor Aguayo Lorca al refirse a las barreras sanitarias dijo que, \u201cse instalaron cuatro puntos con personal de la Seremi de Salud, porque son los principales responsables, m\u00e1s personal de fuerzas armadas tanto en El Bato ruta F30E, cruce Maitenes ruta F190, cruce Las Gaviotas F30E y santa Rosa de Colmo ruta F190, con efectivos de la Armada, Fuerza A\u00e9rea, Carabineros y la Unidad de Emergencia del Municipio\u201d.<\/p>\n\n\n\n<figure class=\"wp-block-image size-large\"><img fetchpriority=\"high\" decoding=\"async\" width=\"1024\" height=\"690\" src=\"https:\/\/www.muniquintero.cl\/wp-content\/uploads\/2021\/02\/0X2-1024x690.jpg\" alt=\"\" class=\"wp-image-24573\" srcset=\"https:\/\/www.muniquintero.cl\/wp-content\/uploads\/2021\/02\/0X2-1024x690.jpg 1024w, https:\/\/www.muniquintero.cl\/wp-content\/uploads\/2021\/02\/0X2-300x202.jpg 300w, https:\/\/www.muniquintero.cl\/wp-content\/uploads\/2021\/02\/0X2-768x517.jpg 768w, https:\/\/www.muniquintero.cl\/wp-content\/uploads\/2021\/02\/0X2.jpg 1280w\" sizes=\"(max-width: 1024px) 100vw, 1024px\" \/><\/figure>\n\n\n\n<p>\u201cEl d\u00eda s\u00e1bado se devolvieron m\u00e1s de 900 veh\u00edculos y se cursaron 36 partes sanitarios y el d\u00eda domingo se devolvi\u00f3 a una cantidad similar de autom\u00f3viles a su lugar de origen\u201d, explic\u00f3 el Encargado de Emergencia Comunal.<\/p>\n\n\n\n<figure class=\"wp-block-image size-large\"><img decoding=\"async\" width=\"1024\" height=\"1024\" src=\"https:\/\/www.muniquintero.cl\/wp-content\/uploads\/2021\/02\/c4e7d498-9932-4a18-96b6-f6a919bbb8e4-1024x1024.jpg\" alt=\"\" class=\"wp-image-24575\" srcset=\"https:\/\/www.muniquintero.cl\/wp-content\/uploads\/2021\/02\/c4e7d498-9932-4a18-96b6-f6a919bbb8e4-1024x1024.jpg 1024w, https:\/\/www.muniquintero.cl\/wp-content\/uploads\/2021\/02\/c4e7d498-9932-4a18-96b6-f6a919bbb8e4-300x300.jpg 300w, https:\/\/www.muniquintero.cl\/wp-content\/uploads\/2021\/02\/c4e7d498-9932-4a18-96b6-f6a919bbb8e4-150x150.jpg 150w, https:\/\/www.muniquintero.cl\/wp-content\/uploads\/2021\/02\/c4e7d498-9932-4a18-96b6-f6a919bbb8e4-768x768.jpg 768w, https:\/\/www.muniquintero.cl\/wp-content\/uploads\/2021\/02\/c4e7d498-9932-4a18-96b6-f6a919bbb8e4.jpg 1280w\" sizes=\"(max-width: 1024px) 100vw, 1024px\" \/><\/figure>\n\n\n\n<p>Con respecto a las fiscalizaciones en las playas de la comuna H\u00e9ctor Aguayo dijo que se \u201cpidi\u00f3 colaboraci\u00f3n al municipio para que a trav\u00e9s de Seguridad Ciudadana se cooperara con la Armada y Seremi Salud\u201d, situaci\u00f3n que al culminar el d\u00eda domingo sum\u00f3 2847 personas fiscalizadas.<\/p>\n\n\n\n<figure class=\"wp-block-image size-large\"><img decoding=\"async\" width=\"534\" height=\"401\" src=\"https:\/\/www.muniquintero.cl\/wp-content\/uploads\/2021\/02\/0X3.jpg\" alt=\"\" class=\"wp-image-24574\" srcset=\"https:\/\/www.muniquintero.cl\/wp-content\/uploads\/2021\/02\/0X3.jpg 534w, https:\/\/www.muniquintero.cl\/wp-content\/uploads\/2021\/02\/0X3-300x225.jpg 300w\" sizes=\"(max-width: 534px) 100vw, 534px\" \/><\/figure>\n\n\n\n<p>Dentro de los sumarios sanitarios cursados el d\u00eda domingo en el borde costero, uno se aplic\u00f3 en la Cueva del Pirata, uno en Ritoque, tres en playa de Los Enamorados, dos en playa El Caleuche y cuatro en playa las Conchitas.<\/p>\n","protected":false},"excerpt":{"rendered":"<p>El fin de semana reci\u00e9n pasado la comuna de Quintero se confin\u00f3 por primera vez en el marco de la cuarentena ordenada por el Ministerio de Salud a los territorios que se encuentran en Fase 2. En ese tenor, el Encargado de Emergencia Comunal H\u00e9ctor Aguayo Lorca al refirse a las barreras sanitarias dijo que, [&hellip;]<\/p>\n","protected":false},"author":7,"featured_media":24572,"comment_status":"closed","ping_status":"closed","sticky":false,"template":"","format":"standard","meta":{"wds_primary_category":0,"footnotes":""},"categories":[2],"tags":[],"class_list":["post-24571","post","type-post","status-publish","format-standard","has-post-thumbnail","hentry","category-noticias"],"_links":{"self":[{"href":"https:\/\/www.muniquintero.cl\/index.php\/wp-json\/wp\/v2\/posts\/24571","targetHints":{"allow":["GET"]}}],"collection":[{"href":"https:\/\/www.muniquintero.cl\/index.php\/wp-json\/wp\/v2\/posts"}],"about":[{"href":"https:\/\/www.muniquintero.cl\/index.php\/wp-json\/wp\/v2\/types\/post"}],"author":[{"embeddable":true,"href":"https:\/\/www.muniquintero.cl\/index.php\/wp-json\/wp\/v2\/users\/7"}],"replies":[{"embeddable":true,"href":"https:\/\/www.muniquintero.cl\/index.php\/wp-json\/wp\/v2\/comments?post=24571"}],"version-history":[{"count":1,"href":"https:\/\/www.muniquintero.cl\/index.php\/wp-json\/wp\/v2\/posts\/24571\/revisions"}],"predecessor-version":[{"id":24576,"href":"https:\/\/www.muniquintero.cl\/index.php\/wp-json\/wp\/v2\/posts\/24571\/revisions\/24576"}],"wp:featuredmedia":[{"embeddable":true,"href":"https:\/\/www.muniquintero.cl\/index.php\/wp-json\/wp\/v2\/media\/24572"}],"wp:attachment":[{"href":"https:\/\/www.muniquintero.cl\/index.php\/wp-json\/wp\/v2\/media?parent=24571"}],"wp:term":[{"taxonomy":"category","embeddable":true,"href":"https:\/\/www.muniquintero.cl\/index.php\/wp-json\/wp\/v2\/categories?post=24571"},{"taxonomy":"post_tag","embeddable":true,"href":"https:\/\/www.muniquintero.cl\/index.php\/wp-json\/wp\/v2\/tags?post=24571"}],"curies":[{"name":"wp","href":"https:\/\/api.w.org\/{rel}","templated":true}]}}