{"id":24558,"date":"2021-02-18T17:49:33","date_gmt":"2021-02-18T20:49:33","guid":{"rendered":"https:\/\/www.muniquintero.cl\/?p=24558"},"modified":"2021-02-18T17:49:34","modified_gmt":"2021-02-18T20:49:34","slug":"consejo-consultivo-de-la-ninez-y-adolescencia-de-quintero-presento-sus-propuestas-al-concejo-municipal","status":"publish","type":"post","link":"https:\/\/www.muniquintero.cl\/index.php\/2021\/02\/18\/consejo-consultivo-de-la-ninez-y-adolescencia-de-quintero-presento-sus-propuestas-al-concejo-municipal\/","title":{"rendered":"Consejo Consultivo de la Ni\u00f1ez y Adolescencia de Quintero present\u00f3 sus propuestas al Concejo Municipal"},"content":{"rendered":"\n<p>El mi\u00e9rcoles 17 de febrero el Consejo Consultivo de la Ni\u00f1ez y Adolescencia present\u00f3 al Concejo Municipal de la municipalidad de Quintero las propuestas para ser consideradas en la pol\u00edtica local de infancia.<\/p>\n\n\n\n<p>La actividad fue organizada por la Oficina de Protecci\u00f3n de Derechos -OPD- y tuvo como principales expositores a los ni\u00f1os, ni\u00f1as y adolescentes -NNA-que participaron del proceso diagn\u00f3stico comunal, realizado por la OPD entre los meses de enero y agosto de 2020.<\/p>\n\n\n\n<figure class=\"wp-block-image size-large\"><img fetchpriority=\"high\" decoding=\"async\" width=\"1024\" height=\"683\" src=\"https:\/\/www.muniquintero.cl\/wp-content\/uploads\/2021\/02\/IMG_0589-1024x683.jpg\" alt=\"\" class=\"wp-image-24562\" srcset=\"https:\/\/www.muniquintero.cl\/wp-content\/uploads\/2021\/02\/IMG_0589-1024x683.jpg 1024w, https:\/\/www.muniquintero.cl\/wp-content\/uploads\/2021\/02\/IMG_0589-300x200.jpg 300w, https:\/\/www.muniquintero.cl\/wp-content\/uploads\/2021\/02\/IMG_0589-768x512.jpg 768w, https:\/\/www.muniquintero.cl\/wp-content\/uploads\/2021\/02\/IMG_0589-1536x1024.jpg 1536w, https:\/\/www.muniquintero.cl\/wp-content\/uploads\/2021\/02\/IMG_0589-2048x1365.jpg 2048w\" sizes=\"(max-width: 1024px) 100vw, 1024px\" \/><\/figure>\n\n\n\n<p>El alcalde Mauricio Carrasco Pardo valor\u00f3 positivamente la reuni\u00f3n con el Consejo Consultivo ya que, \u201cse da en un momento muy importante de transformaci\u00f3n del pa\u00eds, de la comuna. Ellos estaban muy preparados, me hicieron preguntas de medioambiente, qu\u00e9 tenemos en el futuro para la integraci\u00f3n de los ni\u00f1os, con una personalidad impresionante para exigir en el fondo de que fueran consideradas sus opiniones\u201d.&nbsp;&nbsp;<\/p>\n\n\n\n<p>La autoridad comunal se comprometi\u00f3 a integrar \u201ceste programa de trabajo que ya lleva seis meses en una idea central y que ellos se sientan considerados en el programa municipal, para que puedan seguir incentivando a que m\u00e1s ni\u00f1os participen en el Consejo Consultivo\u201d, destac\u00f3.<\/p>\n\n\n\n<figure class=\"wp-block-image size-large\"><img decoding=\"async\" width=\"1024\" height=\"683\" src=\"https:\/\/www.muniquintero.cl\/wp-content\/uploads\/2021\/02\/IMG_0560-1024x683.jpg\" alt=\"\" class=\"wp-image-24560\" srcset=\"https:\/\/www.muniquintero.cl\/wp-content\/uploads\/2021\/02\/IMG_0560-1024x683.jpg 1024w, https:\/\/www.muniquintero.cl\/wp-content\/uploads\/2021\/02\/IMG_0560-300x200.jpg 300w, https:\/\/www.muniquintero.cl\/wp-content\/uploads\/2021\/02\/IMG_0560-768x512.jpg 768w, https:\/\/www.muniquintero.cl\/wp-content\/uploads\/2021\/02\/IMG_0560-1536x1024.jpg 1536w, https:\/\/www.muniquintero.cl\/wp-content\/uploads\/2021\/02\/IMG_0560-2048x1365.jpg 2048w\" sizes=\"(max-width: 1024px) 100vw, 1024px\" \/><\/figure>\n\n\n\n<p>En representaci\u00f3n del Consejo Consultivo de la Ni\u00f1ez habl\u00f3 Diana Moreno Ponce, de 12 a\u00f1os de edad quien destac\u00f3 la participaci\u00f3n en la instancia, \u201cha sido una experiencia muy buena, ya que nos han acercado a personas que a cualquier ni\u00f1o le costar\u00eda hablar, hemos podido hablar con el Juez de Familia, ahora acabamos de hablar con el alcalde y otros concejales, eso lo encuentro s\u00faper bien\u201d.<\/p>\n\n\n\n<p>Diana invit\u00f3 a que m\u00e1s ni\u00f1os se sumen y den su opini\u00f3n, dado que \u201ces muy importante ya que antes si un ni\u00f1o dec\u00eda algo los adultos no le escuchaban, dec\u00edan ah un ni\u00f1o, pero podr\u00eda tener la soluci\u00f3n al problema m\u00e1s grande del mundo, hay que escuchar a todos, porque, aunque alguien tenga cien a\u00f1os o un a\u00f1o todos tienen los mismos derechos, posibilidades\u201d.<\/p>\n\n\n\n<figure class=\"wp-block-image size-large\"><img decoding=\"async\" width=\"1024\" height=\"683\" src=\"https:\/\/www.muniquintero.cl\/wp-content\/uploads\/2021\/02\/IMG_0595-1024x683.jpg\" alt=\"\" class=\"wp-image-24561\" srcset=\"https:\/\/www.muniquintero.cl\/wp-content\/uploads\/2021\/02\/IMG_0595-1024x683.jpg 1024w, https:\/\/www.muniquintero.cl\/wp-content\/uploads\/2021\/02\/IMG_0595-300x200.jpg 300w, https:\/\/www.muniquintero.cl\/wp-content\/uploads\/2021\/02\/IMG_0595-768x512.jpg 768w, https:\/\/www.muniquintero.cl\/wp-content\/uploads\/2021\/02\/IMG_0595-1536x1024.jpg 1536w, https:\/\/www.muniquintero.cl\/wp-content\/uploads\/2021\/02\/IMG_0595-2048x1365.jpg 2048w\" sizes=\"(max-width: 1024px) 100vw, 1024px\" \/><\/figure>\n\n\n\n<p>El actual Consejo Consultivo de NNA inici\u00f3 su convocatoria en el mes de septiembre 2020 y desde esa fecha se realizan reuniones peri\u00f3dicas en las que se abordan temas de su inter\u00e9s, como por ejemplo los derechos de los ni\u00f1os, ni\u00f1as y adolescentes, problem\u00e1ticas medioambientales, de g\u00e9nero, interculturalidad y discapacidad, para ser incorporadas a la futura pol\u00edtica local de infancia para Quintero.<\/p>\n\n\n\n<p>El primer Consejo Consultivo de ni\u00f1os, ni\u00f1as y adolescentes en Quintero se realiz\u00f3 en el mes de septiembre del a\u00f1o 2013 y la conformaci\u00f3n, reactivaci\u00f3n y permanencia en el tiempo de \u00e9ste, es un trabajo que debe potenciar y motivar la Oficina de Protecci\u00f3n de Derechos.<\/p>\n","protected":false},"excerpt":{"rendered":"<p>El mi\u00e9rcoles 17 de febrero el Consejo Consultivo de la Ni\u00f1ez y Adolescencia present\u00f3 al Concejo Municipal de la municipalidad de Quintero las propuestas para ser consideradas en la pol\u00edtica local de infancia. La actividad fue organizada por la Oficina de Protecci\u00f3n de Derechos -OPD- y tuvo como principales expositores a los ni\u00f1os, ni\u00f1as y [&hellip;]<\/p>\n","protected":false},"author":7,"featured_media":24559,"comment_status":"closed","ping_status":"closed","sticky":false,"template":"","format":"standard","meta":{"wds_primary_category":0,"footnotes":""},"categories":[2],"tags":[],"class_list":["post-24558","post","type-post","status-publish","format-standard","has-post-thumbnail","hentry","category-noticias"],"_links":{"self":[{"href":"https:\/\/www.muniquintero.cl\/index.php\/wp-json\/wp\/v2\/posts\/24558","targetHints":{"allow":["GET"]}}],"collection":[{"href":"https:\/\/www.muniquintero.cl\/index.php\/wp-json\/wp\/v2\/posts"}],"about":[{"href":"https:\/\/www.muniquintero.cl\/index.php\/wp-json\/wp\/v2\/types\/post"}],"author":[{"embeddable":true,"href":"https:\/\/www.muniquintero.cl\/index.php\/wp-json\/wp\/v2\/users\/7"}],"replies":[{"embeddable":true,"href":"https:\/\/www.muniquintero.cl\/index.php\/wp-json\/wp\/v2\/comments?post=24558"}],"version-history":[{"count":1,"href":"https:\/\/www.muniquintero.cl\/index.php\/wp-json\/wp\/v2\/posts\/24558\/revisions"}],"predecessor-version":[{"id":24563,"href":"https:\/\/www.muniquintero.cl\/index.php\/wp-json\/wp\/v2\/posts\/24558\/revisions\/24563"}],"wp:featuredmedia":[{"embeddable":true,"href":"https:\/\/www.muniquintero.cl\/index.php\/wp-json\/wp\/v2\/media\/24559"}],"wp:attachment":[{"href":"https:\/\/www.muniquintero.cl\/index.php\/wp-json\/wp\/v2\/media?parent=24558"}],"wp:term":[{"taxonomy":"category","embeddable":true,"href":"https:\/\/www.muniquintero.cl\/index.php\/wp-json\/wp\/v2\/categories?post=24558"},{"taxonomy":"post_tag","embeddable":true,"href":"https:\/\/www.muniquintero.cl\/index.php\/wp-json\/wp\/v2\/tags?post=24558"}],"curies":[{"name":"wp","href":"https:\/\/api.w.org\/{rel}","templated":true}]}}