{"id":24552,"date":"2021-02-18T15:47:39","date_gmt":"2021-02-18T18:47:39","guid":{"rendered":"https:\/\/www.muniquintero.cl\/?p=24552"},"modified":"2021-02-18T15:52:09","modified_gmt":"2021-02-18T18:52:09","slug":"quintero-retrocede-a-fase-2-a-partir-de-este-fin-de-semana","status":"publish","type":"post","link":"https:\/\/www.muniquintero.cl\/index.php\/2021\/02\/18\/quintero-retrocede-a-fase-2-a-partir-de-este-fin-de-semana\/","title":{"rendered":"Quintero retrocede a Fase 2 a partir de este fin de semana"},"content":{"rendered":"\n<p>La comuna de Quintero iniciar\u00e1 a partir del s\u00e1bado 20 de febrero la primera cuarentena enmarcada en el retroceso a Fase 2 anunciado hoy por el Ministerio de Salud.<\/p>\n\n\n\n<p>Al respecto el alcalde Mauricio Carrasco Pardo manifest\u00f3 nuevamente su preocupaci\u00f3n por los permisos de vacaciones y el anuncio del regreso a clases \u201clo dijimos a trav\u00e9s de todos los medios los alcaldes de las distintas comunas balneario, que los permisos tienen que ser con un aforo m\u00e1ximo, no puede ser que una comuna de 30 mil habitantes tenga m\u00e1s de 15 mil permisos de vacaciones\u201d.<\/p>\n\n\n\n<p>\u201cEntiendo que la gente quiera tener vacaciones, entend\u00edamos todos los alcaldes que hay que reactivar el pa\u00eds, pero en forma ordenada, creo que esto se descontrol\u00f3 y aqu\u00ed est\u00e1n las consecuencias\u201d acot\u00f3 el jefe comunal.<\/p>\n\n\n\n<p>Mauricio Carrasco anunci\u00f3 adem\u00e1s que el municipio se coordinar\u00e1 con la directiva de la Feria Libre de Quintero para adelantar su funcionamiento al d\u00eda viernes y que tomar\u00e1 contacto con el Jefe de Plaza Militar, ya que el resguardo de la comuna queda bajo su tutela durante los d\u00edas de toque de queda y cuarentena.<\/p>\n\n\n\n<figure class=\"wp-block-image size-large\"><img fetchpriority=\"high\" decoding=\"async\" width=\"1024\" height=\"683\" src=\"https:\/\/www.muniquintero.cl\/wp-content\/uploads\/2021\/02\/IMG_3698-1024x683.jpg\" alt=\"\" class=\"wp-image-24555\" srcset=\"https:\/\/www.muniquintero.cl\/wp-content\/uploads\/2021\/02\/IMG_3698-1024x683.jpg 1024w, https:\/\/www.muniquintero.cl\/wp-content\/uploads\/2021\/02\/IMG_3698-300x200.jpg 300w, https:\/\/www.muniquintero.cl\/wp-content\/uploads\/2021\/02\/IMG_3698-768x512.jpg 768w, https:\/\/www.muniquintero.cl\/wp-content\/uploads\/2021\/02\/IMG_3698-1536x1024.jpg 1536w, https:\/\/www.muniquintero.cl\/wp-content\/uploads\/2021\/02\/IMG_3698-2048x1365.jpg 2048w\" sizes=\"(max-width: 1024px) 100vw, 1024px\" \/><\/figure>\n\n\n\n<p>\u201cNosotros como municipalidad, viendo los malos ejemplos que han ocurrido en otras comunas, que se concentra toda la cantidad de gente de lunes a viernes, a contar de este lunes vamos a poner en el ingreso a Quintero el punto de control de buses que no tengan el recorrido, los famosos buses pirata\u201d, concluy\u00f3 el alcalde.<\/p>\n\n\n\n<p>A pesar la cuarentena este s\u00e1bado continuar\u00e1n operando los servicios municipales esenciales como es el retiro del aseo domiciliario.<\/p>\n","protected":false},"excerpt":{"rendered":"<p>La comuna de Quintero iniciar\u00e1 a partir del s\u00e1bado 20 de febrero la primera cuarentena enmarcada en el retroceso a Fase 2 anunciado hoy por el Ministerio de Salud. Al respecto el alcalde Mauricio Carrasco Pardo manifest\u00f3 nuevamente su preocupaci\u00f3n por los permisos de vacaciones y el anuncio del regreso a clases \u201clo dijimos a [&hellip;]<\/p>\n","protected":false},"author":7,"featured_media":24553,"comment_status":"closed","ping_status":"closed","sticky":false,"template":"","format":"standard","meta":{"wds_primary_category":0,"footnotes":""},"categories":[2],"tags":[],"class_list":["post-24552","post","type-post","status-publish","format-standard","has-post-thumbnail","hentry","category-noticias"],"_links":{"self":[{"href":"https:\/\/www.muniquintero.cl\/index.php\/wp-json\/wp\/v2\/posts\/24552","targetHints":{"allow":["GET"]}}],"collection":[{"href":"https:\/\/www.muniquintero.cl\/index.php\/wp-json\/wp\/v2\/posts"}],"about":[{"href":"https:\/\/www.muniquintero.cl\/index.php\/wp-json\/wp\/v2\/types\/post"}],"author":[{"embeddable":true,"href":"https:\/\/www.muniquintero.cl\/index.php\/wp-json\/wp\/v2\/users\/7"}],"replies":[{"embeddable":true,"href":"https:\/\/www.muniquintero.cl\/index.php\/wp-json\/wp\/v2\/comments?post=24552"}],"version-history":[{"count":2,"href":"https:\/\/www.muniquintero.cl\/index.php\/wp-json\/wp\/v2\/posts\/24552\/revisions"}],"predecessor-version":[{"id":24557,"href":"https:\/\/www.muniquintero.cl\/index.php\/wp-json\/wp\/v2\/posts\/24552\/revisions\/24557"}],"wp:featuredmedia":[{"embeddable":true,"href":"https:\/\/www.muniquintero.cl\/index.php\/wp-json\/wp\/v2\/media\/24553"}],"wp:attachment":[{"href":"https:\/\/www.muniquintero.cl\/index.php\/wp-json\/wp\/v2\/media?parent=24552"}],"wp:term":[{"taxonomy":"category","embeddable":true,"href":"https:\/\/www.muniquintero.cl\/index.php\/wp-json\/wp\/v2\/categories?post=24552"},{"taxonomy":"post_tag","embeddable":true,"href":"https:\/\/www.muniquintero.cl\/index.php\/wp-json\/wp\/v2\/tags?post=24552"}],"curies":[{"name":"wp","href":"https:\/\/api.w.org\/{rel}","templated":true}]}}