{"id":24480,"date":"2021-02-17T15:21:13","date_gmt":"2021-02-17T18:21:13","guid":{"rendered":"https:\/\/www.muniquintero.cl\/?p=24480"},"modified":"2021-02-17T15:21:14","modified_gmt":"2021-02-17T18:21:14","slug":"escuelas-municipales-de-quintero-alistan-regreso-a-clases","status":"publish","type":"post","link":"https:\/\/www.muniquintero.cl\/index.php\/2021\/02\/17\/escuelas-municipales-de-quintero-alistan-regreso-a-clases\/","title":{"rendered":"Escuelas Municipales de Quintero alistan regreso a clases"},"content":{"rendered":"\n<p>La Directora del Departamento de Educaci\u00f3n Municipal de Quintero Edith Varas Villagra, realiz\u00f3 una visita inspectiva a la Escuela Rep\u00fablica de Francia para conocer los preparativos que se realizan previo a la vuelta de clases.<\/p>\n\n\n\n<p>Al respecto dijo que se est\u00e1 trabajando para el retorno a clases y \u201cdemos realmente seguridad a las familias de que las condiciones en las cuales se va a encontrar el establecimiento son las correctas\u201d.<\/p>\n\n\n\n<p>Edith Varas se\u00f1al\u00f3 que para cumplir con este objetivo ya se cuenta con una nueva remesa de mascarillas, alcohol gel, dispensadores, lavamanos y pediluvios sanitarios. En relaci\u00f3n a las clases dijo que \u201cnosotros estamos reci\u00e9n iniciando el proceso de instalaci\u00f3n de todo el sistema tecnol\u00f3gico que va a permitir entregar clases presenciales y virtuales\u201d<\/p>\n\n\n\n<figure class=\"wp-block-image size-large\"><img fetchpriority=\"high\" decoding=\"async\" width=\"1024\" height=\"683\" src=\"https:\/\/www.muniquintero.cl\/wp-content\/uploads\/2021\/02\/IMG_0553-1-1024x683.jpg\" alt=\"\" class=\"wp-image-24483\" srcset=\"https:\/\/www.muniquintero.cl\/wp-content\/uploads\/2021\/02\/IMG_0553-1-1024x683.jpg 1024w, https:\/\/www.muniquintero.cl\/wp-content\/uploads\/2021\/02\/IMG_0553-1-300x200.jpg 300w, https:\/\/www.muniquintero.cl\/wp-content\/uploads\/2021\/02\/IMG_0553-1-768x512.jpg 768w, https:\/\/www.muniquintero.cl\/wp-content\/uploads\/2021\/02\/IMG_0553-1-1536x1024.jpg 1536w, https:\/\/www.muniquintero.cl\/wp-content\/uploads\/2021\/02\/IMG_0553-1-2048x1365.jpg 2048w\" sizes=\"(max-width: 1024px) 100vw, 1024px\" \/><\/figure>\n\n\n\n<p>En tanto el concejal Antonio Aguayo dijo que \u201cel Concejo Municipal con su alcalde estamos muy preocupados e interesados para que el posible retorno de los estudiantes sea de la mejor manera. Estamos recorriendo los diferentes colegios municipales, viendo la infraestructura, los materiales que se van a ocupar en esta nueva estrategia presencial y telem\u00e1tica\u201d.<\/p>\n\n\n\n<p>\u201cTodo el apoyo de este Concejo Municipal para cada cuerpo directivo de los colegios, para sus profesores y asistentes de la educaci\u00f3n\u201d, manifest\u00f3 Antonio Aguayo<\/p>\n\n\n\n<p>Dentro de los preparativos que se ejecutar\u00e1n en cada escuela municipal el alcalde Mauricio Carrasco Pardo ha ordenado adem\u00e1s la sanitizaci\u00f3n, el desmalezado y la fumigaci\u00f3n de los recintos.<\/p>\n","protected":false},"excerpt":{"rendered":"<p>La Directora del Departamento de Educaci\u00f3n Municipal de Quintero Edith Varas Villagra, realiz\u00f3 una visita inspectiva a la Escuela Rep\u00fablica de Francia para conocer los preparativos que se realizan previo a la vuelta de clases. Al respecto dijo que se est\u00e1 trabajando para el retorno a clases y \u201cdemos realmente seguridad a las familias de [&hellip;]<\/p>\n","protected":false},"author":7,"featured_media":24481,"comment_status":"closed","ping_status":"closed","sticky":false,"template":"","format":"standard","meta":{"wds_primary_category":0,"footnotes":""},"categories":[2],"tags":[],"class_list":["post-24480","post","type-post","status-publish","format-standard","has-post-thumbnail","hentry","category-noticias"],"_links":{"self":[{"href":"https:\/\/www.muniquintero.cl\/index.php\/wp-json\/wp\/v2\/posts\/24480","targetHints":{"allow":["GET"]}}],"collection":[{"href":"https:\/\/www.muniquintero.cl\/index.php\/wp-json\/wp\/v2\/posts"}],"about":[{"href":"https:\/\/www.muniquintero.cl\/index.php\/wp-json\/wp\/v2\/types\/post"}],"author":[{"embeddable":true,"href":"https:\/\/www.muniquintero.cl\/index.php\/wp-json\/wp\/v2\/users\/7"}],"replies":[{"embeddable":true,"href":"https:\/\/www.muniquintero.cl\/index.php\/wp-json\/wp\/v2\/comments?post=24480"}],"version-history":[{"count":1,"href":"https:\/\/www.muniquintero.cl\/index.php\/wp-json\/wp\/v2\/posts\/24480\/revisions"}],"predecessor-version":[{"id":24484,"href":"https:\/\/www.muniquintero.cl\/index.php\/wp-json\/wp\/v2\/posts\/24480\/revisions\/24484"}],"wp:featuredmedia":[{"embeddable":true,"href":"https:\/\/www.muniquintero.cl\/index.php\/wp-json\/wp\/v2\/media\/24481"}],"wp:attachment":[{"href":"https:\/\/www.muniquintero.cl\/index.php\/wp-json\/wp\/v2\/media?parent=24480"}],"wp:term":[{"taxonomy":"category","embeddable":true,"href":"https:\/\/www.muniquintero.cl\/index.php\/wp-json\/wp\/v2\/categories?post=24480"},{"taxonomy":"post_tag","embeddable":true,"href":"https:\/\/www.muniquintero.cl\/index.php\/wp-json\/wp\/v2\/tags?post=24480"}],"curies":[{"name":"wp","href":"https:\/\/api.w.org\/{rel}","templated":true}]}}