{"id":24455,"date":"2021-02-16T16:52:58","date_gmt":"2021-02-16T19:52:58","guid":{"rendered":"https:\/\/www.muniquintero.cl\/?p=24455"},"modified":"2021-02-16T16:52:59","modified_gmt":"2021-02-16T19:52:59","slug":"playa-inclusiva-de-quintero-cumple-tres-anos-al-servicio-de-la-comunidad","status":"publish","type":"post","link":"https:\/\/www.muniquintero.cl\/index.php\/2021\/02\/16\/playa-inclusiva-de-quintero-cumple-tres-anos-al-servicio-de-la-comunidad\/","title":{"rendered":"Playa Inclusiva de Quintero cumple tres a\u00f1os al servicio de la comunidad"},"content":{"rendered":"\n<p>Por tercer a\u00f1o consecutivo la Oficina de la Discapacidad de la municipalidad de Quintero ofrece a la comunidad los servicios de la Playa Inclusiva con la atenci\u00f3n gratuita de profesionales.<\/p>\n\n\n\n<figure class=\"wp-block-image size-large\"><img fetchpriority=\"high\" decoding=\"async\" width=\"1024\" height=\"683\" src=\"https:\/\/www.muniquintero.cl\/wp-content\/uploads\/2021\/02\/IMG_0510-1024x683.jpg\" alt=\"\" class=\"wp-image-24459\" srcset=\"https:\/\/www.muniquintero.cl\/wp-content\/uploads\/2021\/02\/IMG_0510-1024x683.jpg 1024w, https:\/\/www.muniquintero.cl\/wp-content\/uploads\/2021\/02\/IMG_0510-300x200.jpg 300w, https:\/\/www.muniquintero.cl\/wp-content\/uploads\/2021\/02\/IMG_0510-768x512.jpg 768w, https:\/\/www.muniquintero.cl\/wp-content\/uploads\/2021\/02\/IMG_0510-1536x1024.jpg 1536w, https:\/\/www.muniquintero.cl\/wp-content\/uploads\/2021\/02\/IMG_0510-2048x1365.jpg 2048w\" sizes=\"(max-width: 1024px) 100vw, 1024px\" \/><\/figure>\n\n\n\n<p>Se trata de una iniciativa que busca facilitar el acceso al mar, a aquellas personas que presentan alg\u00fan grado de discapacidad, a trav\u00e9s de la instalaci\u00f3n de una pasarela universal, y con equipamiento especial como ba\u00f1os inclusivos, sillas y andadores anfibios, dispuestos en la playa Los Pescadores, sector Caleta El Manzano.<\/p>\n\n\n\n<p>&nbsp;El alcalde Mauricio Carrasco Pardo explic\u00f3 que esta temporada se instalaron ba\u00f1os de alto est\u00e1ndar, se incorpor\u00f3 a las escuelas deportivas y fueron capacitados los monitores, \u201cque se han preparado para atender a las personas con alg\u00fan grado de problema para ingresar al mar. Compramos algunas sillas anfibias con las que se tambi\u00e9n se puede bucear\u201d.<\/p>\n\n\n\n<figure class=\"wp-block-image size-large\"><img decoding=\"async\" width=\"1024\" height=\"683\" src=\"https:\/\/www.muniquintero.cl\/wp-content\/uploads\/2021\/02\/IMG_0528-1024x683.jpg\" alt=\"\" class=\"wp-image-24457\" srcset=\"https:\/\/www.muniquintero.cl\/wp-content\/uploads\/2021\/02\/IMG_0528-1024x683.jpg 1024w, https:\/\/www.muniquintero.cl\/wp-content\/uploads\/2021\/02\/IMG_0528-300x200.jpg 300w, https:\/\/www.muniquintero.cl\/wp-content\/uploads\/2021\/02\/IMG_0528-768x512.jpg 768w, https:\/\/www.muniquintero.cl\/wp-content\/uploads\/2021\/02\/IMG_0528-1536x1024.jpg 1536w, https:\/\/www.muniquintero.cl\/wp-content\/uploads\/2021\/02\/IMG_0528-2048x1365.jpg 2048w\" sizes=\"(max-width: 1024px) 100vw, 1024px\" \/><\/figure>\n\n\n\n<p>Jeniffer Melo, Terapeuta Ocupacional de la Oficina de la Discapacidad, coment\u00f3 que se est\u00e1 trabajando desde el a\u00f1o 2017 con el equipamiento que permite a ni\u00f1os, j\u00f3venes y adultos disfrutar del mar, y \u201cadem\u00e1s contamos con cuatro talleres deportivos-inclusivos, con baile entretenido, acondicionamiento f\u00edsico, kayak inclusivo y este a\u00f1o se suma el taller de nataci\u00f3n inclusiva\u201d.<\/p>\n\n\n\n<figure class=\"wp-block-image size-large\"><img decoding=\"async\" width=\"1024\" height=\"683\" src=\"https:\/\/www.muniquintero.cl\/wp-content\/uploads\/2021\/02\/IMG_0530-1024x683.jpg\" alt=\"\" class=\"wp-image-24458\" srcset=\"https:\/\/www.muniquintero.cl\/wp-content\/uploads\/2021\/02\/IMG_0530-1024x683.jpg 1024w, https:\/\/www.muniquintero.cl\/wp-content\/uploads\/2021\/02\/IMG_0530-300x200.jpg 300w, https:\/\/www.muniquintero.cl\/wp-content\/uploads\/2021\/02\/IMG_0530-768x512.jpg 768w, https:\/\/www.muniquintero.cl\/wp-content\/uploads\/2021\/02\/IMG_0530-1536x1024.jpg 1536w, https:\/\/www.muniquintero.cl\/wp-content\/uploads\/2021\/02\/IMG_0530-2048x1365.jpg 2048w\" sizes=\"(max-width: 1024px) 100vw, 1024px\" \/><\/figure>\n\n\n\n<p>En tanto Juan Su\u00e1rez, presidente del Sindicato de Pescadores S24, que tiene cargo la playa dijo que, \u201cnosotros con la municipalidad llevamos trabajando un tiempo ac\u00e1 en la playa, d\u00e1ndole vida al espacio. El objetivo de esto es crear un espacio familiar c\u00f3modo para todas las personas\u201d.<\/p>\n\n\n\n<p>La Playa Inclusiva funciona de martes a domingo en horario de 14 a 19 horas.<\/p>\n\n\n\n<figure class=\"wp-block-image size-large\"><img loading=\"lazy\" decoding=\"async\" width=\"1024\" height=\"683\" src=\"https:\/\/www.muniquintero.cl\/wp-content\/uploads\/2021\/02\/IMG_0500-1024x683.jpg\" alt=\"\" class=\"wp-image-24460\" srcset=\"https:\/\/www.muniquintero.cl\/wp-content\/uploads\/2021\/02\/IMG_0500-1024x683.jpg 1024w, https:\/\/www.muniquintero.cl\/wp-content\/uploads\/2021\/02\/IMG_0500-300x200.jpg 300w, https:\/\/www.muniquintero.cl\/wp-content\/uploads\/2021\/02\/IMG_0500-768x512.jpg 768w, https:\/\/www.muniquintero.cl\/wp-content\/uploads\/2021\/02\/IMG_0500-1536x1024.jpg 1536w, https:\/\/www.muniquintero.cl\/wp-content\/uploads\/2021\/02\/IMG_0500-2048x1365.jpg 2048w\" sizes=\"(max-width: 1024px) 100vw, 1024px\" \/><\/figure>\n","protected":false},"excerpt":{"rendered":"<p>Por tercer a\u00f1o consecutivo la Oficina de la Discapacidad de la municipalidad de Quintero ofrece a la comunidad los servicios de la Playa Inclusiva con la atenci\u00f3n gratuita de profesionales. Se trata de una iniciativa que busca facilitar el acceso al mar, a aquellas personas que presentan alg\u00fan grado de discapacidad, a trav\u00e9s de la [&hellip;]<\/p>\n","protected":false},"author":7,"featured_media":24456,"comment_status":"closed","ping_status":"closed","sticky":false,"template":"","format":"standard","meta":{"wds_primary_category":0,"footnotes":""},"categories":[2],"tags":[],"class_list":["post-24455","post","type-post","status-publish","format-standard","has-post-thumbnail","hentry","category-noticias"],"_links":{"self":[{"href":"https:\/\/www.muniquintero.cl\/index.php\/wp-json\/wp\/v2\/posts\/24455","targetHints":{"allow":["GET"]}}],"collection":[{"href":"https:\/\/www.muniquintero.cl\/index.php\/wp-json\/wp\/v2\/posts"}],"about":[{"href":"https:\/\/www.muniquintero.cl\/index.php\/wp-json\/wp\/v2\/types\/post"}],"author":[{"embeddable":true,"href":"https:\/\/www.muniquintero.cl\/index.php\/wp-json\/wp\/v2\/users\/7"}],"replies":[{"embeddable":true,"href":"https:\/\/www.muniquintero.cl\/index.php\/wp-json\/wp\/v2\/comments?post=24455"}],"version-history":[{"count":1,"href":"https:\/\/www.muniquintero.cl\/index.php\/wp-json\/wp\/v2\/posts\/24455\/revisions"}],"predecessor-version":[{"id":24461,"href":"https:\/\/www.muniquintero.cl\/index.php\/wp-json\/wp\/v2\/posts\/24455\/revisions\/24461"}],"wp:featuredmedia":[{"embeddable":true,"href":"https:\/\/www.muniquintero.cl\/index.php\/wp-json\/wp\/v2\/media\/24456"}],"wp:attachment":[{"href":"https:\/\/www.muniquintero.cl\/index.php\/wp-json\/wp\/v2\/media?parent=24455"}],"wp:term":[{"taxonomy":"category","embeddable":true,"href":"https:\/\/www.muniquintero.cl\/index.php\/wp-json\/wp\/v2\/categories?post=24455"},{"taxonomy":"post_tag","embeddable":true,"href":"https:\/\/www.muniquintero.cl\/index.php\/wp-json\/wp\/v2\/tags?post=24455"}],"curies":[{"name":"wp","href":"https:\/\/api.w.org\/{rel}","templated":true}]}}