{"id":24439,"date":"2021-02-15T15:19:16","date_gmt":"2021-02-15T18:19:16","guid":{"rendered":"https:\/\/www.muniquintero.cl\/?p=24439"},"modified":"2021-02-15T15:19:17","modified_gmt":"2021-02-15T18:19:17","slug":"corporacion-municipal-de-cultura-y-turismo-llama-a-concurso-publico","status":"publish","type":"post","link":"https:\/\/www.muniquintero.cl\/index.php\/2021\/02\/15\/corporacion-municipal-de-cultura-y-turismo-llama-a-concurso-publico\/","title":{"rendered":"Corporaci\u00f3n Municipal de Cultura y Turismo llama a Concurso P\u00fablico"},"content":{"rendered":"\n<p>La Corporaci\u00f3n Municipal de Cultura y Turismo de Quintero hace un llamado para postular al cargo de Encargado de Turismo y al cargo de Periodista. <\/p>\n\n\n\n<p>Las postulaciones y la documentaci\u00f3n requerida deben enviarse al correo electr\u00f3nico\u00a0<a rel=\"noreferrer noopener\" href=\"mailto:postulacionesculturayturismo@gmail.com\" target=\"_blank\">postulacionesculturayturismo@gmail.com<\/a>\u00a0hasta el d\u00eda 28 de Febrero. Encuentra m\u00e1s informaci\u00f3n en las bases de esta convocatoria.<\/p>\n\n\n\n<figure class=\"wp-block-image size-large\"><img fetchpriority=\"high\" decoding=\"async\" width=\"819\" height=\"1024\" src=\"https:\/\/www.muniquintero.cl\/wp-content\/uploads\/2021\/02\/00001-819x1024.jpg\" alt=\"\" class=\"wp-image-24440\" srcset=\"https:\/\/www.muniquintero.cl\/wp-content\/uploads\/2021\/02\/00001-819x1024.jpg 819w, https:\/\/www.muniquintero.cl\/wp-content\/uploads\/2021\/02\/00001-240x300.jpg 240w, https:\/\/www.muniquintero.cl\/wp-content\/uploads\/2021\/02\/00001-768x960.jpg 768w, https:\/\/www.muniquintero.cl\/wp-content\/uploads\/2021\/02\/00001.jpg 989w\" sizes=\"(max-width: 819px) 100vw, 819px\" \/><\/figure>\n\n\n\n<figure class=\"wp-block-image size-large\"><img decoding=\"async\" width=\"819\" height=\"1024\" src=\"https:\/\/www.muniquintero.cl\/wp-content\/uploads\/2021\/02\/00002-819x1024.jpg\" alt=\"\" class=\"wp-image-24441\" srcset=\"https:\/\/www.muniquintero.cl\/wp-content\/uploads\/2021\/02\/00002-819x1024.jpg 819w, https:\/\/www.muniquintero.cl\/wp-content\/uploads\/2021\/02\/00002-240x300.jpg 240w, https:\/\/www.muniquintero.cl\/wp-content\/uploads\/2021\/02\/00002-768x960.jpg 768w, https:\/\/www.muniquintero.cl\/wp-content\/uploads\/2021\/02\/00002.jpg 989w\" sizes=\"(max-width: 819px) 100vw, 819px\" \/><\/figure>\n\n\n\n<figure class=\"wp-block-image size-large\"><img decoding=\"async\" width=\"819\" height=\"1024\" src=\"https:\/\/www.muniquintero.cl\/wp-content\/uploads\/2021\/02\/00003-819x1024.jpg\" alt=\"\" class=\"wp-image-24442\" srcset=\"https:\/\/www.muniquintero.cl\/wp-content\/uploads\/2021\/02\/00003-819x1024.jpg 819w, https:\/\/www.muniquintero.cl\/wp-content\/uploads\/2021\/02\/00003-240x300.jpg 240w, https:\/\/www.muniquintero.cl\/wp-content\/uploads\/2021\/02\/00003-768x960.jpg 768w, https:\/\/www.muniquintero.cl\/wp-content\/uploads\/2021\/02\/00003.jpg 989w\" sizes=\"(max-width: 819px) 100vw, 819px\" \/><\/figure>\n\n\n\n<figure class=\"wp-block-image size-large\"><img loading=\"lazy\" decoding=\"async\" width=\"819\" height=\"1024\" src=\"https:\/\/www.muniquintero.cl\/wp-content\/uploads\/2021\/02\/00004-819x1024.jpg\" alt=\"\" class=\"wp-image-24443\" srcset=\"https:\/\/www.muniquintero.cl\/wp-content\/uploads\/2021\/02\/00004-819x1024.jpg 819w, https:\/\/www.muniquintero.cl\/wp-content\/uploads\/2021\/02\/00004-240x300.jpg 240w, https:\/\/www.muniquintero.cl\/wp-content\/uploads\/2021\/02\/00004-768x960.jpg 768w, https:\/\/www.muniquintero.cl\/wp-content\/uploads\/2021\/02\/00004.jpg 989w\" sizes=\"(max-width: 819px) 100vw, 819px\" \/><\/figure>\n\n\n\n<p><\/p>\n","protected":false},"excerpt":{"rendered":"<p>La Corporaci\u00f3n Municipal de Cultura y Turismo de Quintero hace un llamado para postular al cargo de Encargado de Turismo y al cargo de Periodista. Las postulaciones y la documentaci\u00f3n requerida deben enviarse al correo electr\u00f3nico\u00a0postulacionesculturayturismo@gmail.com\u00a0hasta el d\u00eda 28 de Febrero. Encuentra m\u00e1s informaci\u00f3n en las bases de esta convocatoria.<\/p>\n","protected":false},"author":7,"featured_media":22372,"comment_status":"closed","ping_status":"closed","sticky":false,"template":"","format":"standard","meta":{"wds_primary_category":0,"footnotes":""},"categories":[2],"tags":[],"class_list":["post-24439","post","type-post","status-publish","format-standard","has-post-thumbnail","hentry","category-noticias"],"_links":{"self":[{"href":"https:\/\/www.muniquintero.cl\/index.php\/wp-json\/wp\/v2\/posts\/24439","targetHints":{"allow":["GET"]}}],"collection":[{"href":"https:\/\/www.muniquintero.cl\/index.php\/wp-json\/wp\/v2\/posts"}],"about":[{"href":"https:\/\/www.muniquintero.cl\/index.php\/wp-json\/wp\/v2\/types\/post"}],"author":[{"embeddable":true,"href":"https:\/\/www.muniquintero.cl\/index.php\/wp-json\/wp\/v2\/users\/7"}],"replies":[{"embeddable":true,"href":"https:\/\/www.muniquintero.cl\/index.php\/wp-json\/wp\/v2\/comments?post=24439"}],"version-history":[{"count":1,"href":"https:\/\/www.muniquintero.cl\/index.php\/wp-json\/wp\/v2\/posts\/24439\/revisions"}],"predecessor-version":[{"id":24444,"href":"https:\/\/www.muniquintero.cl\/index.php\/wp-json\/wp\/v2\/posts\/24439\/revisions\/24444"}],"wp:featuredmedia":[{"embeddable":true,"href":"https:\/\/www.muniquintero.cl\/index.php\/wp-json\/wp\/v2\/media\/22372"}],"wp:attachment":[{"href":"https:\/\/www.muniquintero.cl\/index.php\/wp-json\/wp\/v2\/media?parent=24439"}],"wp:term":[{"taxonomy":"category","embeddable":true,"href":"https:\/\/www.muniquintero.cl\/index.php\/wp-json\/wp\/v2\/categories?post=24439"},{"taxonomy":"post_tag","embeddable":true,"href":"https:\/\/www.muniquintero.cl\/index.php\/wp-json\/wp\/v2\/tags?post=24439"}],"curies":[{"name":"wp","href":"https:\/\/api.w.org\/{rel}","templated":true}]}}