{"id":24371,"date":"2021-02-10T12:17:25","date_gmt":"2021-02-10T15:17:25","guid":{"rendered":"https:\/\/www.muniquintero.cl\/?p=24371"},"modified":"2021-02-10T12:17:26","modified_gmt":"2021-02-10T15:17:26","slug":"clubes-deportivos-de-quintero-contaran-con-sedes-sociales-a-traves-de-proyectos-municipales","status":"publish","type":"post","link":"https:\/\/www.muniquintero.cl\/index.php\/2021\/02\/10\/clubes-deportivos-de-quintero-contaran-con-sedes-sociales-a-traves-de-proyectos-municipales\/","title":{"rendered":"Clubes deportivos de Quintero contar\u00e1n con sedes sociales a trav\u00e9s de proyectos municipales"},"content":{"rendered":"\n<p>En Quintero muy pronto se concretar\u00e1 el sue\u00f1o de la sede propia para varios clubes deportivos de la comuna, gracias a diversos proyectos municipales de construcci\u00f3n o mejoramiento que se est\u00e1n ejecutando el presente a\u00f1o.<\/p>\n\n\n\n<p>As\u00ed lo explic\u00f3 el alcalde Mauricio Carrasco Pardo tras visitar el terreno en donde se emplazar\u00e1 el polideportivo municipal que tambien albergar\u00e1 a organizaciones de la comuna, al se\u00f1alar que es \u201cun compromiso que ten\u00edamos hace a\u00f1os con el Club Deportivo Quintero Unido y con el Club Deportivo Alianza que hoy se est\u00e1 concretando y lo m\u00e1s probable es que aqu\u00ed tambi\u00e9n quede 4el Club Deportivo Alonso\u201d.<\/p>\n\n\n\n<figure class=\"wp-block-image size-large\"><img fetchpriority=\"high\" decoding=\"async\" width=\"1024\" height=\"683\" src=\"https:\/\/www.muniquintero.cl\/wp-content\/uploads\/2021\/02\/IMG_0067-1024x683.jpg\" alt=\"\" class=\"wp-image-24373\" srcset=\"https:\/\/www.muniquintero.cl\/wp-content\/uploads\/2021\/02\/IMG_0067-1024x683.jpg 1024w, https:\/\/www.muniquintero.cl\/wp-content\/uploads\/2021\/02\/IMG_0067-300x200.jpg 300w, https:\/\/www.muniquintero.cl\/wp-content\/uploads\/2021\/02\/IMG_0067-768x512.jpg 768w, https:\/\/www.muniquintero.cl\/wp-content\/uploads\/2021\/02\/IMG_0067-1536x1024.jpg 1536w, https:\/\/www.muniquintero.cl\/wp-content\/uploads\/2021\/02\/IMG_0067-2048x1365.jpg 2048w\" sizes=\"(max-width: 1024px) 100vw, 1024px\" \/><\/figure>\n\n\n\n<p>Ambas sedes tienes las mismas caracter\u00edsticas t\u00e9cnicas, cada una comprende una superficie de 105 metros cuadrados de alba\u00f1iler\u00eda y contar\u00e1n con una terraza de 44 metros cuadrados con vista al Norte para aprovechar la luz natural, la visi\u00f3n hacia las canchas y los futuros recintos deportivos.<\/p>\n\n\n\n<p>Sus espacios interiores se dividen en un sal\u00f3n iluminado de 49 metros cuadrados, dos ba\u00f1os con accesibilidad universal, una cocina espaciosa, una oficina y una bodega de insumos.<\/p>\n\n\n\n<p>Estos proyectos son financiados con recursos municipales y el Fondo Regional de Inversi\u00f3n Local del Gobierno Regi\u00f3n de Valpara\u00edso.<\/p>\n\n\n\n<figure class=\"wp-block-image size-large\"><img decoding=\"async\" width=\"1024\" height=\"683\" src=\"https:\/\/www.muniquintero.cl\/wp-content\/uploads\/2021\/02\/IMG_0074-1024x683.jpg\" alt=\"\" class=\"wp-image-24374\" srcset=\"https:\/\/www.muniquintero.cl\/wp-content\/uploads\/2021\/02\/IMG_0074-1024x683.jpg 1024w, https:\/\/www.muniquintero.cl\/wp-content\/uploads\/2021\/02\/IMG_0074-300x200.jpg 300w, https:\/\/www.muniquintero.cl\/wp-content\/uploads\/2021\/02\/IMG_0074-768x512.jpg 768w, https:\/\/www.muniquintero.cl\/wp-content\/uploads\/2021\/02\/IMG_0074-1536x1024.jpg 1536w, https:\/\/www.muniquintero.cl\/wp-content\/uploads\/2021\/02\/IMG_0074-2048x1365.jpg 2048w\" sizes=\"(max-width: 1024px) 100vw, 1024px\" \/><\/figure>\n\n\n\n<p>El alcalde Carrasco dijo adem\u00e1s que para el presente a\u00f1o \u201cnos queda el compromiso con el mejoramiento de la sede de Maitenes que est\u00e1 en la calle Ignacio Carrera Pinto\u201d y el Club Deportivo Rayo que tiene un terreno en calle Estrella de Chile \u201cy tambi\u00e9n hay un compromiso de construir esa sede\u201d<\/p>\n\n\n\n<p>\u201cNos hemos dado cuenta que en la medida que nosotros construimos sedes, se mejora la calidad de vida, se comparte de mejor manera y con la esperanza de que esta vacuna pueda fianlmente terminar con esta pandemia en Chile y el mundo para que la gente pueda retomar todas las actividades en cada una de las sedes que corresponda a las agrupaciones\u201d, puntualiz\u00f3 la autoridad comunal.<\/p>\n","protected":false},"excerpt":{"rendered":"<p>En Quintero muy pronto se concretar\u00e1 el sue\u00f1o de la sede propia para varios clubes deportivos de la comuna, gracias a diversos proyectos municipales de construcci\u00f3n o mejoramiento que se est\u00e1n ejecutando el presente a\u00f1o. As\u00ed lo explic\u00f3 el alcalde Mauricio Carrasco Pardo tras visitar el terreno en donde se emplazar\u00e1 el polideportivo municipal que [&hellip;]<\/p>\n","protected":false},"author":7,"featured_media":24372,"comment_status":"closed","ping_status":"closed","sticky":false,"template":"","format":"standard","meta":{"wds_primary_category":0,"footnotes":""},"categories":[2],"tags":[],"class_list":["post-24371","post","type-post","status-publish","format-standard","has-post-thumbnail","hentry","category-noticias"],"_links":{"self":[{"href":"https:\/\/www.muniquintero.cl\/index.php\/wp-json\/wp\/v2\/posts\/24371","targetHints":{"allow":["GET"]}}],"collection":[{"href":"https:\/\/www.muniquintero.cl\/index.php\/wp-json\/wp\/v2\/posts"}],"about":[{"href":"https:\/\/www.muniquintero.cl\/index.php\/wp-json\/wp\/v2\/types\/post"}],"author":[{"embeddable":true,"href":"https:\/\/www.muniquintero.cl\/index.php\/wp-json\/wp\/v2\/users\/7"}],"replies":[{"embeddable":true,"href":"https:\/\/www.muniquintero.cl\/index.php\/wp-json\/wp\/v2\/comments?post=24371"}],"version-history":[{"count":1,"href":"https:\/\/www.muniquintero.cl\/index.php\/wp-json\/wp\/v2\/posts\/24371\/revisions"}],"predecessor-version":[{"id":24375,"href":"https:\/\/www.muniquintero.cl\/index.php\/wp-json\/wp\/v2\/posts\/24371\/revisions\/24375"}],"wp:featuredmedia":[{"embeddable":true,"href":"https:\/\/www.muniquintero.cl\/index.php\/wp-json\/wp\/v2\/media\/24372"}],"wp:attachment":[{"href":"https:\/\/www.muniquintero.cl\/index.php\/wp-json\/wp\/v2\/media?parent=24371"}],"wp:term":[{"taxonomy":"category","embeddable":true,"href":"https:\/\/www.muniquintero.cl\/index.php\/wp-json\/wp\/v2\/categories?post=24371"},{"taxonomy":"post_tag","embeddable":true,"href":"https:\/\/www.muniquintero.cl\/index.php\/wp-json\/wp\/v2\/tags?post=24371"}],"curies":[{"name":"wp","href":"https:\/\/api.w.org\/{rel}","templated":true}]}}