{"id":24351,"date":"2021-02-02T17:36:59","date_gmt":"2021-02-02T20:36:59","guid":{"rendered":"https:\/\/www.muniquintero.cl\/?p=24351"},"modified":"2021-02-02T17:37:00","modified_gmt":"2021-02-02T20:37:00","slug":"alcalde-mauricio-carrasco-alista-equipos-municipales-para-proceso-de-vacunacion-contra-el-covid-19","status":"publish","type":"post","link":"https:\/\/www.muniquintero.cl\/index.php\/2021\/02\/02\/alcalde-mauricio-carrasco-alista-equipos-municipales-para-proceso-de-vacunacion-contra-el-covid-19\/","title":{"rendered":"Alcalde Mauricio Carrasco alista equipos municipales para proceso de vacunaci\u00f3n contra el COVID 19"},"content":{"rendered":"\n<p>Durante la ma\u00f1ana del martes 2 de febrero el alcalde Mauricio Carrasco Pardo realiz\u00f3 una inspecci\u00f3n a los recintos municipales de Quintero que se utilizar\u00e1n en el proceso de vacunaci\u00f3n masiva contra el COVID 19.<\/p>\n\n\n\n<p>El jefe comunal inform\u00f3 que se utilizar\u00e1n las instalaciones del Sal\u00f3n de Eventos Francisco Coloane y se colocar\u00e1n \u201ccarpas en la plaza Padre Pedro Ferrini que funcionar\u00e1 como Sala de Espera, con sombra, asientos y distanciamiento\u201d. En tanto, en el Sal\u00f3n Luis Cousi\u00f1o funcionar\u00e1 el \u201cvacunatorio\u201d y el \u201cSal\u00f3n Coloane\u201d operar\u00e1 como Sala de Observaci\u00f3n de Pacientes.<\/p>\n\n\n\n<figure class=\"wp-block-image size-large\"><img fetchpriority=\"high\" decoding=\"async\" width=\"1024\" height=\"683\" src=\"https:\/\/www.muniquintero.cl\/wp-content\/uploads\/2021\/02\/IMG_5915-1024x683.jpg\" alt=\"\" class=\"wp-image-24353\" srcset=\"https:\/\/www.muniquintero.cl\/wp-content\/uploads\/2021\/02\/IMG_5915-1024x683.jpg 1024w, https:\/\/www.muniquintero.cl\/wp-content\/uploads\/2021\/02\/IMG_5915-300x200.jpg 300w, https:\/\/www.muniquintero.cl\/wp-content\/uploads\/2021\/02\/IMG_5915-768x512.jpg 768w, https:\/\/www.muniquintero.cl\/wp-content\/uploads\/2021\/02\/IMG_5915-1536x1024.jpg 1536w, https:\/\/www.muniquintero.cl\/wp-content\/uploads\/2021\/02\/IMG_5915-2048x1365.jpg 2048w\" sizes=\"(max-width: 1024px) 100vw, 1024px\" \/><\/figure>\n\n\n\n<p>Mauricio Carrasco junto con invitar a la comunidad a sumarse a este proceso, coment\u00f3 que adem\u00e1s se realizar\u00e1n operativos de vacunaci\u00f3n contra el COVID 19 en Loncura y las localidades rurales de la comuna, para evitar el traslado y las aglomeraciones de personas.<\/p>\n\n\n\n<p>A su vez Ania Guajardo, Directora del Departamento de Salud Municipal, dijo que el proceso de vacunaci\u00f3n iniciar\u00e1 el mi\u00e9rcoles 3 de Febrero con los funcionarios de la salud del Hospital Adriana Cousi\u00f1o y la Posta Rural de Loncura. Luego a partir \u201cdel jueves 4 los adultos mayores entre 85 y 90 a\u00f1os se van a vacunar en el Sal\u00f3n Coloane y la poblaci\u00f3n entre 80 y 84 a\u00f1os lo har\u00e1 el d\u00eda viernes\u201d.<\/p>\n\n\n\n<figure class=\"wp-block-image size-large\"><img decoding=\"async\" width=\"1024\" height=\"683\" src=\"https:\/\/www.muniquintero.cl\/wp-content\/uploads\/2021\/02\/IMG_5883-1024x683.jpg\" alt=\"\" class=\"wp-image-24354\" srcset=\"https:\/\/www.muniquintero.cl\/wp-content\/uploads\/2021\/02\/IMG_5883-1024x683.jpg 1024w, https:\/\/www.muniquintero.cl\/wp-content\/uploads\/2021\/02\/IMG_5883-300x200.jpg 300w, https:\/\/www.muniquintero.cl\/wp-content\/uploads\/2021\/02\/IMG_5883-768x512.jpg 768w, https:\/\/www.muniquintero.cl\/wp-content\/uploads\/2021\/02\/IMG_5883-1536x1024.jpg 1536w, https:\/\/www.muniquintero.cl\/wp-content\/uploads\/2021\/02\/IMG_5883-2048x1365.jpg 2048w\" sizes=\"(max-width: 1024px) 100vw, 1024px\" \/><\/figure>\n\n\n\n<p>Guajardo tambi\u00e9n destac\u00f3 que cada persona debe concurrir a vacunarse con su c\u00e9dula de identidad y llevar un certificado m\u00e9dico \u201csi presenta alguna patolog\u00eda en especial, principalmente alteraci\u00f3n de la coagulaci\u00f3n o epilepsia sin control, entre otras\u201d.<\/p>\n\n\n\n<p>\u201cLos pacientes que est\u00e1n dentro del Programa de Postrado Severo, tanto del hospital como de la Posta de Loncura, los vamos a contactar para ir a vacunar a su domicilio, tanto al paciente como a su cuidador\u201d, concluy\u00f3 la directora de la salud municipalizada. <\/p>\n\n\n\n<p>El proceso de vacunaci\u00f3n masiva contra el COVID 19 est\u00e1 dividido en tres etapas, la primera atender\u00e1 a los pacientes cr\u00edticos, luego a los pacientes de alto riesgo y finalmente se inocular\u00e1 a la poblaci\u00f3n sana. \u00a0<\/p>\n","protected":false},"excerpt":{"rendered":"<p>Durante la ma\u00f1ana del martes 2 de febrero el alcalde Mauricio Carrasco Pardo realiz\u00f3 una inspecci\u00f3n a los recintos municipales de Quintero que se utilizar\u00e1n en el proceso de vacunaci\u00f3n masiva contra el COVID 19. El jefe comunal inform\u00f3 que se utilizar\u00e1n las instalaciones del Sal\u00f3n de Eventos Francisco Coloane y se colocar\u00e1n \u201ccarpas en [&hellip;]<\/p>\n","protected":false},"author":7,"featured_media":24352,"comment_status":"closed","ping_status":"closed","sticky":false,"template":"","format":"standard","meta":{"wds_primary_category":0,"footnotes":""},"categories":[2],"tags":[],"class_list":["post-24351","post","type-post","status-publish","format-standard","has-post-thumbnail","hentry","category-noticias"],"_links":{"self":[{"href":"https:\/\/www.muniquintero.cl\/index.php\/wp-json\/wp\/v2\/posts\/24351","targetHints":{"allow":["GET"]}}],"collection":[{"href":"https:\/\/www.muniquintero.cl\/index.php\/wp-json\/wp\/v2\/posts"}],"about":[{"href":"https:\/\/www.muniquintero.cl\/index.php\/wp-json\/wp\/v2\/types\/post"}],"author":[{"embeddable":true,"href":"https:\/\/www.muniquintero.cl\/index.php\/wp-json\/wp\/v2\/users\/7"}],"replies":[{"embeddable":true,"href":"https:\/\/www.muniquintero.cl\/index.php\/wp-json\/wp\/v2\/comments?post=24351"}],"version-history":[{"count":1,"href":"https:\/\/www.muniquintero.cl\/index.php\/wp-json\/wp\/v2\/posts\/24351\/revisions"}],"predecessor-version":[{"id":24355,"href":"https:\/\/www.muniquintero.cl\/index.php\/wp-json\/wp\/v2\/posts\/24351\/revisions\/24355"}],"wp:featuredmedia":[{"embeddable":true,"href":"https:\/\/www.muniquintero.cl\/index.php\/wp-json\/wp\/v2\/media\/24352"}],"wp:attachment":[{"href":"https:\/\/www.muniquintero.cl\/index.php\/wp-json\/wp\/v2\/media?parent=24351"}],"wp:term":[{"taxonomy":"category","embeddable":true,"href":"https:\/\/www.muniquintero.cl\/index.php\/wp-json\/wp\/v2\/categories?post=24351"},{"taxonomy":"post_tag","embeddable":true,"href":"https:\/\/www.muniquintero.cl\/index.php\/wp-json\/wp\/v2\/tags?post=24351"}],"curies":[{"name":"wp","href":"https:\/\/api.w.org\/{rel}","templated":true}]}}