{"id":24253,"date":"2020-12-29T16:52:41","date_gmt":"2020-12-29T19:52:41","guid":{"rendered":"https:\/\/www.muniquintero.cl\/?p=24253"},"modified":"2020-12-29T16:52:42","modified_gmt":"2020-12-29T19:52:42","slug":"junta-de-vecinos-felix-sanfuentes-se-reunio-con-el-alcalde-mauricio-carrasco","status":"publish","type":"post","link":"https:\/\/www.muniquintero.cl\/index.php\/2020\/12\/29\/junta-de-vecinos-felix-sanfuentes-se-reunio-con-el-alcalde-mauricio-carrasco\/","title":{"rendered":"Junta de Vecinos F\u00e9lix Sanfuentes se reuni\u00f3 con el alcalde Mauricio Carrasco"},"content":{"rendered":"\n<p>Una positiva reuni\u00f3n sostuvieron los vecinos y dirigentes del barrio F\u00e9lix Sanfuentes de Quintero, con el alcade Mauricio Carrasco Pardo, a quien le expusieron diferentes temas relacionados con seguridad, alcantarillado y recuperaci\u00f3n de espacios p\u00fablicos &nbsp;que le urgen a la comunidad.<\/p>\n\n\n\n<p>La cita que se desarroll\u00f3 en el patio de la empresa Reciclador bajo estrictas medidas sanitarias, cont\u00f3 adem\u00e1s con la participaci\u00f3n de jefes de servicios municipales para la asesor\u00eda y coordinaci\u00f3n de labores.<\/p>\n\n\n\n<p>El alcalde Mauricio Carrasco explic\u00f3 que durante la reuni\u00f3n se abordaron diferentes temas, como por ejemplo la seguridad en el mirador de la Puntilla Sanfuentes, \u201csi bien tenemos un proyecto de recuperaci\u00f3n de espacios patrimoniales donde se va a hacer un estudio y levantamiento, vamos a ver la posibilidad de hacer un cierre provisorio en el verano\u201d, para evitar los ruidos molestos hasta altas horas de la madrugada.<\/p>\n\n\n\n<figure class=\"wp-block-image size-large\"><img fetchpriority=\"high\" decoding=\"async\" width=\"1024\" height=\"683\" src=\"https:\/\/www.muniquintero.cl\/wp-content\/uploads\/2020\/12\/IMG_5032-1024x683.jpg\" alt=\"\" class=\"wp-image-24250\" srcset=\"https:\/\/www.muniquintero.cl\/wp-content\/uploads\/2020\/12\/IMG_5032-1024x683.jpg 1024w, https:\/\/www.muniquintero.cl\/wp-content\/uploads\/2020\/12\/IMG_5032-300x200.jpg 300w, https:\/\/www.muniquintero.cl\/wp-content\/uploads\/2020\/12\/IMG_5032-768x512.jpg 768w, https:\/\/www.muniquintero.cl\/wp-content\/uploads\/2020\/12\/IMG_5032-1536x1024.jpg 1536w, https:\/\/www.muniquintero.cl\/wp-content\/uploads\/2020\/12\/IMG_5032-2048x1365.jpg 2048w\" sizes=\"(max-width: 1024px) 100vw, 1024px\" \/><\/figure>\n\n\n\n<p>&nbsp;Con respecto a la solicitud de una sede social, el jefe comunal dijo que \u201cya buscamos un terreno y lo fuimos a tasar, para el pr\u00f3ximo a\u00f1o postular a una sede con los fondos FRIL (Fondo Regional de Inversi\u00f3n Local)\u201d, informando adem\u00e1s a la comunidad, que ya est\u00e1 en proceso la inversi\u00f3n de fondos p\u00fablicos en la recuperaci\u00f3n de la plaza Diego Portales.<\/p>\n\n\n\n<figure class=\"wp-block-image size-large\"><img decoding=\"async\" width=\"1024\" height=\"683\" src=\"https:\/\/www.muniquintero.cl\/wp-content\/uploads\/2020\/12\/IMG_4990-1024x683.jpg\" alt=\"\" class=\"wp-image-24251\" srcset=\"https:\/\/www.muniquintero.cl\/wp-content\/uploads\/2020\/12\/IMG_4990-1024x683.jpg 1024w, https:\/\/www.muniquintero.cl\/wp-content\/uploads\/2020\/12\/IMG_4990-300x200.jpg 300w, https:\/\/www.muniquintero.cl\/wp-content\/uploads\/2020\/12\/IMG_4990-768x512.jpg 768w, https:\/\/www.muniquintero.cl\/wp-content\/uploads\/2020\/12\/IMG_4990-1536x1024.jpg 1536w, https:\/\/www.muniquintero.cl\/wp-content\/uploads\/2020\/12\/IMG_4990-2048x1365.jpg 2048w\" sizes=\"(max-width: 1024px) 100vw, 1024px\" \/><\/figure>\n\n\n\n<p>Mireya Ahumada Fierro, presidenta de la Junta de Vecinos F\u00e9lix Sanfuentes, junto con valorar la reuni\u00f3n y los anuncios&nbsp; de los proyectos que se ejecutar\u00e1n en el sector, dijo que \u201cuna de las cosas que se le plante\u00f3 al se\u00f1or alcalde es el tema de la seguridad, porque en la Puntilla Sanfuentes llega mucha gente y se han producido algunos hechos no muy buenos\u201d, motivo por el cual el municipio solicitar\u00e1 a las polic\u00edas m\u00e1s patrullajes en la zona.<\/p>\n\n\n\n<p>En el encuentro con la comunidad el alcalde Carrasco se refiri\u00f3 tambi\u00e9n al proyecto de alcantarillado en las casas que aun no lo poseen y la instalaci\u00f3n de \u201clomos de toro\u201d en calles de alto tr\u00e1fico.<\/p>\n","protected":false},"excerpt":{"rendered":"<p>Una positiva reuni\u00f3n sostuvieron los vecinos y dirigentes del barrio F\u00e9lix Sanfuentes de Quintero, con el alcade Mauricio Carrasco Pardo, a quien le expusieron diferentes temas relacionados con seguridad, alcantarillado y recuperaci\u00f3n de espacios p\u00fablicos &nbsp;que le urgen a la comunidad. La cita que se desarroll\u00f3 en el patio de la empresa Reciclador bajo estrictas [&hellip;]<\/p>\n","protected":false},"author":7,"featured_media":24249,"comment_status":"closed","ping_status":"closed","sticky":false,"template":"","format":"standard","meta":{"wds_primary_category":0,"footnotes":""},"categories":[2],"tags":[],"class_list":["post-24253","post","type-post","status-publish","format-standard","has-post-thumbnail","hentry","category-noticias"],"_links":{"self":[{"href":"https:\/\/www.muniquintero.cl\/index.php\/wp-json\/wp\/v2\/posts\/24253","targetHints":{"allow":["GET"]}}],"collection":[{"href":"https:\/\/www.muniquintero.cl\/index.php\/wp-json\/wp\/v2\/posts"}],"about":[{"href":"https:\/\/www.muniquintero.cl\/index.php\/wp-json\/wp\/v2\/types\/post"}],"author":[{"embeddable":true,"href":"https:\/\/www.muniquintero.cl\/index.php\/wp-json\/wp\/v2\/users\/7"}],"replies":[{"embeddable":true,"href":"https:\/\/www.muniquintero.cl\/index.php\/wp-json\/wp\/v2\/comments?post=24253"}],"version-history":[{"count":1,"href":"https:\/\/www.muniquintero.cl\/index.php\/wp-json\/wp\/v2\/posts\/24253\/revisions"}],"predecessor-version":[{"id":24254,"href":"https:\/\/www.muniquintero.cl\/index.php\/wp-json\/wp\/v2\/posts\/24253\/revisions\/24254"}],"wp:featuredmedia":[{"embeddable":true,"href":"https:\/\/www.muniquintero.cl\/index.php\/wp-json\/wp\/v2\/media\/24249"}],"wp:attachment":[{"href":"https:\/\/www.muniquintero.cl\/index.php\/wp-json\/wp\/v2\/media?parent=24253"}],"wp:term":[{"taxonomy":"category","embeddable":true,"href":"https:\/\/www.muniquintero.cl\/index.php\/wp-json\/wp\/v2\/categories?post=24253"},{"taxonomy":"post_tag","embeddable":true,"href":"https:\/\/www.muniquintero.cl\/index.php\/wp-json\/wp\/v2\/tags?post=24253"}],"curies":[{"name":"wp","href":"https:\/\/api.w.org\/{rel}","templated":true}]}}