{"id":24204,"date":"2020-12-16T14:31:09","date_gmt":"2020-12-16T17:31:09","guid":{"rendered":"https:\/\/www.muniquintero.cl\/?p=24204"},"modified":"2020-12-16T14:31:10","modified_gmt":"2020-12-16T17:31:10","slug":"autoridades-dan-a-conocer-plan-verano-seguro-quintero-2021","status":"publish","type":"post","link":"https:\/\/www.muniquintero.cl\/index.php\/2020\/12\/16\/autoridades-dan-a-conocer-plan-verano-seguro-quintero-2021\/","title":{"rendered":"Autoridades dan a conocer Plan Verano Seguro Quintero 2021"},"content":{"rendered":"\n<p>El martes 15 de diciembre se realiz\u00f3 el lanzamiento del \u201cPlan Verano Seguro Quintero 2021\u201d, ocasi\u00f3n en la que se reuni\u00f3 el alcalde Mauricio Carrasco Pardo con el Seremi de Salud Francisco \u00c1lvarez y el Diputado Luis Pardo, para conocer las directrices que regir\u00e1n esta temporada en el contexto de la pandemia.<\/p>\n\n\n\n<p>La autoridad sanitaria, se\u00f1al\u00f3 que la cita tuvo por objetivo reforzar las tres l\u00edneas de acci\u00f3n que se est\u00e1n ejecutando, que son la vigilancia, el cumplimiento de la normativa vigente y la realizaci\u00f3n de operativos PCR gratuitos para la comunidad. Francisco \u00c1lvarez explic\u00f3 que para el cumplimiento de la normativa vigente, se est\u00e1 realizando una campa\u00f1a de educaci\u00f3n, \u201ccon el desplazamiento de las cuadrillas sanitarias, que tienen por objetivo informar y sensibilizar a la poblaci\u00f3n, sobre medidas de autocuidado efectivas, y por otra parte resolver las dudas e inquietudes, incluso derribar algunos mitos sobre el COVID y el Plan Paso a Paso\u201d.<\/p>\n\n\n\n<p>\u201cQuiero destacar el gran trabajo que ha hecho la comuna de Quintero, a trav\u00e9s del liderazgo que ha formado el alcalde con sus equipos de salud\u201d, ya que en los \u00faltimos siete d\u00edas, se ha bajado a la mitad los casos de contagios, manifest\u00f3 el Seremi de Salud.<\/p>\n\n\n\n<p>El alcalde Mauricio Carrasco, dijo que \u201ctodos los a\u00f1os nos reunimos con Carabineros, PDI, para ver como se refuerza la seguridad en Quintero, pero en este a\u00f1o hay una nueva variable que es el COVID\u201d, y por eso ha solicitado al Seremi de Salud, \u201cque nos pueda apoyar con mayor personal, fiscalizaci\u00f3n y que no ocurra lo acontecido en otros balnearios del pa\u00eds\u201d.<\/p>\n\n\n\n<p>La autoridad comunal reiter\u00f3 adem\u00e1s, que en la comuna est\u00e1 vigente una ordenanza aprobada por el Concejo Municipal, que mandata el uso obligatorio de mascarillas. En tanto el diputado Luis Pardo, manifest\u00f3 que \u201cQuintero depende en gran medida de la actividad tur\u00edstica y por lo tanto, en las condiciones en las que estamos viviendo en que el gremio gastron\u00f3mico, el turismo han hecho un gran esfuerzo para adoptar las medidas sanitarias, la poblaci\u00f3n est\u00e1 haciendo el mismo esfuerzo, es fundamental que nos cuidemos\u201d, por lo que agradeci\u00f3 al Seremi de Salud las medidas que refuerzan las fiscalizaciones para tener una temporada segura.<\/p>\n","protected":false},"excerpt":{"rendered":"<p>El martes 15 de diciembre se realiz\u00f3 el lanzamiento del \u201cPlan Verano Seguro Quintero 2021\u201d, ocasi\u00f3n en la que se reuni\u00f3 el alcalde Mauricio Carrasco Pardo con el Seremi de Salud Francisco \u00c1lvarez y el Diputado Luis Pardo, para conocer las directrices que regir\u00e1n esta temporada en el contexto de la pandemia. La autoridad sanitaria, [&hellip;]<\/p>\n","protected":false},"author":7,"featured_media":24205,"comment_status":"closed","ping_status":"closed","sticky":false,"template":"","format":"standard","meta":{"wds_primary_category":0,"footnotes":""},"categories":[2],"tags":[],"class_list":["post-24204","post","type-post","status-publish","format-standard","has-post-thumbnail","hentry","category-noticias"],"_links":{"self":[{"href":"https:\/\/www.muniquintero.cl\/index.php\/wp-json\/wp\/v2\/posts\/24204","targetHints":{"allow":["GET"]}}],"collection":[{"href":"https:\/\/www.muniquintero.cl\/index.php\/wp-json\/wp\/v2\/posts"}],"about":[{"href":"https:\/\/www.muniquintero.cl\/index.php\/wp-json\/wp\/v2\/types\/post"}],"author":[{"embeddable":true,"href":"https:\/\/www.muniquintero.cl\/index.php\/wp-json\/wp\/v2\/users\/7"}],"replies":[{"embeddable":true,"href":"https:\/\/www.muniquintero.cl\/index.php\/wp-json\/wp\/v2\/comments?post=24204"}],"version-history":[{"count":1,"href":"https:\/\/www.muniquintero.cl\/index.php\/wp-json\/wp\/v2\/posts\/24204\/revisions"}],"predecessor-version":[{"id":24206,"href":"https:\/\/www.muniquintero.cl\/index.php\/wp-json\/wp\/v2\/posts\/24204\/revisions\/24206"}],"wp:featuredmedia":[{"embeddable":true,"href":"https:\/\/www.muniquintero.cl\/index.php\/wp-json\/wp\/v2\/media\/24205"}],"wp:attachment":[{"href":"https:\/\/www.muniquintero.cl\/index.php\/wp-json\/wp\/v2\/media?parent=24204"}],"wp:term":[{"taxonomy":"category","embeddable":true,"href":"https:\/\/www.muniquintero.cl\/index.php\/wp-json\/wp\/v2\/categories?post=24204"},{"taxonomy":"post_tag","embeddable":true,"href":"https:\/\/www.muniquintero.cl\/index.php\/wp-json\/wp\/v2\/tags?post=24204"}],"curies":[{"name":"wp","href":"https:\/\/api.w.org\/{rel}","templated":true}]}}