{"id":24196,"date":"2020-12-03T17:31:57","date_gmt":"2020-12-03T20:31:57","guid":{"rendered":"https:\/\/www.muniquintero.cl\/?p=24196"},"modified":"2020-12-03T17:31:59","modified_gmt":"2020-12-03T20:31:59","slug":"colocan-primera-piedra-del-condominio-social-isidora-goyenechea-i","status":"publish","type":"post","link":"https:\/\/www.muniquintero.cl\/index.php\/2020\/12\/03\/colocan-primera-piedra-del-condominio-social-isidora-goyenechea-i\/","title":{"rendered":"Colocan primera piedra del Condominio Social Isidora Goyenechea I"},"content":{"rendered":"\n<p>El martes 1 de diciembre se realiz\u00f3 la ceremonia de colocaci\u00f3n de la primera piedra del Condominio Social Isidora Goyenechea I, soluci\u00f3n habitacional que beneficiar\u00e1 a 150 familias de Quintero.<\/p>\n\n\n\n<p>Arturo Navia, encargado del Departamento Social de la municipalidad de Quintero se\u00f1al\u00f3 que este proyecto nace por una iniciativa del alcalde Mauricio Carrasco Pardo, \u201cque se comunica con la familia Fossati los due\u00f1os de los predios; \u00e9l gestiona con la entidad y la constructora, para desarrollar un proyecto habitacional y cubrir la necesidad de cuatro comit\u00e9s existentes, que son alrededor de 575 familias\u201d, y finalmente obtener los subsidios ante el Servicio de Vivienda y Urbanismo.<\/p>\n\n\n\n<figure class=\"wp-block-image size-large\"><img fetchpriority=\"high\" decoding=\"async\" width=\"1024\" height=\"683\" src=\"https:\/\/www.muniquintero.cl\/wp-content\/uploads\/2020\/12\/IMG_4141-1024x683.jpg\" alt=\"\" class=\"wp-image-24198\" srcset=\"https:\/\/www.muniquintero.cl\/wp-content\/uploads\/2020\/12\/IMG_4141-1024x683.jpg 1024w, https:\/\/www.muniquintero.cl\/wp-content\/uploads\/2020\/12\/IMG_4141-300x200.jpg 300w, https:\/\/www.muniquintero.cl\/wp-content\/uploads\/2020\/12\/IMG_4141-768x512.jpg 768w, https:\/\/www.muniquintero.cl\/wp-content\/uploads\/2020\/12\/IMG_4141-1536x1024.jpg 1536w, https:\/\/www.muniquintero.cl\/wp-content\/uploads\/2020\/12\/IMG_4141-2048x1365.jpg 2048w\" sizes=\"(max-width: 1024px) 100vw, 1024px\" \/><\/figure>\n\n\n\n<p>Tom\u00e1s Ochoa, director Regional del Servicio de Vivienda y Urbanismo, manifest\u00f3 que \u201cestamos contentos porque este es uno de los muchos proyectos que estamos desarrollando ac\u00e1 en Quintero. Est\u00e1 Isidora Goyenechea I que tiene casi un 10 por ciento de avance, despu\u00e9s viene Isidora Goyenechea II, y Francisco Coloane en una tercera etapa\u201d,<\/p>\n\n\n\n<figure class=\"wp-block-image size-large\"><img decoding=\"async\" width=\"1024\" height=\"683\" src=\"https:\/\/www.muniquintero.cl\/wp-content\/uploads\/2020\/12\/IMG_4126-1024x683.jpg\" alt=\"\" class=\"wp-image-24200\" srcset=\"https:\/\/www.muniquintero.cl\/wp-content\/uploads\/2020\/12\/IMG_4126-1024x683.jpg 1024w, https:\/\/www.muniquintero.cl\/wp-content\/uploads\/2020\/12\/IMG_4126-300x200.jpg 300w, https:\/\/www.muniquintero.cl\/wp-content\/uploads\/2020\/12\/IMG_4126-768x512.jpg 768w, https:\/\/www.muniquintero.cl\/wp-content\/uploads\/2020\/12\/IMG_4126-1536x1024.jpg 1536w, https:\/\/www.muniquintero.cl\/wp-content\/uploads\/2020\/12\/IMG_4126-2048x1365.jpg 2048w\" sizes=\"(max-width: 1024px) 100vw, 1024px\" \/><\/figure>\n\n\n\n<p>Marcia Osorio, presidenta del Comit\u00e9 de Vivienda Isidora Goyenechea I plante\u00f3 que \u201cpara nosotros es muy importante esto por tener nuestra casita, les doy la gracias a todos para seguir adelante y no haya complicaciones y podamos tenerla pronto\u201d.<\/p>\n\n\n\n<figure class=\"wp-block-image size-large\"><img decoding=\"async\" width=\"1024\" height=\"683\" src=\"https:\/\/www.muniquintero.cl\/wp-content\/uploads\/2020\/12\/IMG_4163-1024x683.jpg\" alt=\"\" class=\"wp-image-24199\" srcset=\"https:\/\/www.muniquintero.cl\/wp-content\/uploads\/2020\/12\/IMG_4163-1024x683.jpg 1024w, https:\/\/www.muniquintero.cl\/wp-content\/uploads\/2020\/12\/IMG_4163-300x200.jpg 300w, https:\/\/www.muniquintero.cl\/wp-content\/uploads\/2020\/12\/IMG_4163-768x512.jpg 768w, https:\/\/www.muniquintero.cl\/wp-content\/uploads\/2020\/12\/IMG_4163-1536x1024.jpg 1536w, https:\/\/www.muniquintero.cl\/wp-content\/uploads\/2020\/12\/IMG_4163-2048x1365.jpg 2048w\" sizes=\"(max-width: 1024px) 100vw, 1024px\" \/><\/figure>\n\n\n\n<p>En tanto, el concejal Alfonso N\u00fa\u00f1ez destac\u00f3 que \u201ceste tipo de viviendas son mucho m\u00e1s que dignas, que las personas las merecen, felicito a cada una de las familias, que tuvieron la paciencia y la tranquilidad, que no sacan sus ahorros, que creen en los procesos\u201d, que impulsa el municipio concluy\u00f3 el edil.<\/p>\n\n\n\n<figure class=\"wp-block-image size-large\"><img loading=\"lazy\" decoding=\"async\" width=\"1024\" height=\"683\" src=\"https:\/\/www.muniquintero.cl\/wp-content\/uploads\/2020\/12\/IMG_4172-1024x683.jpg\" alt=\"\" class=\"wp-image-24201\" srcset=\"https:\/\/www.muniquintero.cl\/wp-content\/uploads\/2020\/12\/IMG_4172-1024x683.jpg 1024w, https:\/\/www.muniquintero.cl\/wp-content\/uploads\/2020\/12\/IMG_4172-300x200.jpg 300w, https:\/\/www.muniquintero.cl\/wp-content\/uploads\/2020\/12\/IMG_4172-768x512.jpg 768w, https:\/\/www.muniquintero.cl\/wp-content\/uploads\/2020\/12\/IMG_4172-1536x1024.jpg 1536w, https:\/\/www.muniquintero.cl\/wp-content\/uploads\/2020\/12\/IMG_4172-2048x1365.jpg 2048w\" sizes=\"(max-width: 1024px) 100vw, 1024px\" \/><\/figure>\n\n\n\n<p>La concejal Ana Cartes dijo que est\u00e1 feliz por las familias beneficiadas, \u201cyo creo que va a ser un lindo regalo de pascua el que se les acerque su vivienda definitiva\u201d, luego de la colocaci\u00f3n de la primera piedra de esta importante obra.<\/p>\n","protected":false},"excerpt":{"rendered":"<p>El martes 1 de diciembre se realiz\u00f3 la ceremonia de colocaci\u00f3n de la primera piedra del Condominio Social Isidora Goyenechea I, soluci\u00f3n habitacional que beneficiar\u00e1 a 150 familias de Quintero. Arturo Navia, encargado del Departamento Social de la municipalidad de Quintero se\u00f1al\u00f3 que este proyecto nace por una iniciativa del alcalde Mauricio Carrasco Pardo, \u201cque [&hellip;]<\/p>\n","protected":false},"author":7,"featured_media":24197,"comment_status":"closed","ping_status":"closed","sticky":false,"template":"","format":"standard","meta":{"wds_primary_category":0,"footnotes":""},"categories":[2],"tags":[],"class_list":["post-24196","post","type-post","status-publish","format-standard","has-post-thumbnail","hentry","category-noticias"],"_links":{"self":[{"href":"https:\/\/www.muniquintero.cl\/index.php\/wp-json\/wp\/v2\/posts\/24196","targetHints":{"allow":["GET"]}}],"collection":[{"href":"https:\/\/www.muniquintero.cl\/index.php\/wp-json\/wp\/v2\/posts"}],"about":[{"href":"https:\/\/www.muniquintero.cl\/index.php\/wp-json\/wp\/v2\/types\/post"}],"author":[{"embeddable":true,"href":"https:\/\/www.muniquintero.cl\/index.php\/wp-json\/wp\/v2\/users\/7"}],"replies":[{"embeddable":true,"href":"https:\/\/www.muniquintero.cl\/index.php\/wp-json\/wp\/v2\/comments?post=24196"}],"version-history":[{"count":1,"href":"https:\/\/www.muniquintero.cl\/index.php\/wp-json\/wp\/v2\/posts\/24196\/revisions"}],"predecessor-version":[{"id":24202,"href":"https:\/\/www.muniquintero.cl\/index.php\/wp-json\/wp\/v2\/posts\/24196\/revisions\/24202"}],"wp:featuredmedia":[{"embeddable":true,"href":"https:\/\/www.muniquintero.cl\/index.php\/wp-json\/wp\/v2\/media\/24197"}],"wp:attachment":[{"href":"https:\/\/www.muniquintero.cl\/index.php\/wp-json\/wp\/v2\/media?parent=24196"}],"wp:term":[{"taxonomy":"category","embeddable":true,"href":"https:\/\/www.muniquintero.cl\/index.php\/wp-json\/wp\/v2\/categories?post=24196"},{"taxonomy":"post_tag","embeddable":true,"href":"https:\/\/www.muniquintero.cl\/index.php\/wp-json\/wp\/v2\/tags?post=24196"}],"curies":[{"name":"wp","href":"https:\/\/api.w.org\/{rel}","templated":true}]}}