{"id":24164,"date":"2020-11-17T17:48:26","date_gmt":"2020-11-17T20:48:26","guid":{"rendered":"https:\/\/www.muniquintero.cl\/?p=24164"},"modified":"2020-11-17T17:48:27","modified_gmt":"2020-11-17T20:48:27","slug":"oficina-de-proteccion-de-derechos-presenta-diagnostico-comunal-quintero-2020","status":"publish","type":"post","link":"https:\/\/www.muniquintero.cl\/index.php\/2020\/11\/17\/oficina-de-proteccion-de-derechos-presenta-diagnostico-comunal-quintero-2020\/","title":{"rendered":"Oficina de Protecci\u00f3n de Derechos presenta diagn\u00f3stico comunal Quintero 2020"},"content":{"rendered":"\n<p>Durante la ma\u00f1ana del martes 17 de noviembre, se realiz\u00f3 en el auditorio Lidia Iratchet, la presentaci\u00f3n del \u201cDiagn\u00f3stico Local de Infancia y Adolescencia\u201d, una aproximaci\u00f3n a la realidad de ni\u00f1os, ni\u00f1as y adolescentes de la comuna de Quintero, durante el a\u00f1o 2020.<\/p>\n\n\n\n<p>La actividad organizada por la Oficina de Protecci\u00f3n de Derechos -OPD- cont\u00f3 con la participaci\u00f3n del alcalde Mauricio Carrasco Pardo, Concejo Municipal, adem\u00e1s de directores y jefaturas del municipio.<\/p>\n\n\n\n<p>&nbsp;Felipe Godoy, trabajador social de la OPD de Quintero y autor del diagn\u00f3stico comunal, explic\u00f3 que este trabajo levantado en contexto de pandemia, cont\u00f3 con la participaci\u00f3n de \u201cm\u00e1s de cien personas, ni\u00f1os, ni\u00f1as y adolescentes -NNA-\u201d, instancia en la que tambi\u00e9n se hizo entrevistas en profundidad, a dirigentes sociales y funcionarios municipales.<\/p>\n\n\n\n<figure class=\"wp-block-image size-large\"><img fetchpriority=\"high\" decoding=\"async\" width=\"1024\" height=\"576\" src=\"https:\/\/www.muniquintero.cl\/wp-content\/uploads\/2020\/11\/vlcsnap-2020-11-17-13h31m45s192-1024x576.png\" alt=\"\" class=\"wp-image-24166\" srcset=\"https:\/\/www.muniquintero.cl\/wp-content\/uploads\/2020\/11\/vlcsnap-2020-11-17-13h31m45s192-1024x576.png 1024w, https:\/\/www.muniquintero.cl\/wp-content\/uploads\/2020\/11\/vlcsnap-2020-11-17-13h31m45s192-300x169.png 300w, https:\/\/www.muniquintero.cl\/wp-content\/uploads\/2020\/11\/vlcsnap-2020-11-17-13h31m45s192-768x432.png 768w, https:\/\/www.muniquintero.cl\/wp-content\/uploads\/2020\/11\/vlcsnap-2020-11-17-13h31m45s192-1536x864.png 1536w, https:\/\/www.muniquintero.cl\/wp-content\/uploads\/2020\/11\/vlcsnap-2020-11-17-13h31m45s192.png 1920w\" sizes=\"(max-width: 1024px) 100vw, 1024px\" \/><\/figure>\n\n\n\n<p>El estudio que fue sistematizado recientemente, devel\u00f3 tres ejes principales, que dicen relaci\u00f3n con m\u00e1s participaci\u00f3n, protecci\u00f3n del medioambiente y mayor \u00e9nfasis en la interculturalidad ligada a la inclusi\u00f3n.<\/p>\n\n\n\n<p>\u201cPudimos indagar que los ni\u00f1os est\u00e1n demandando m\u00e1s espacios de participaci\u00f3n, segundo que el medioambiente es una tem\u00e1tica trascendental y fundamental desde el punto de vista de NNA, no s\u00f3lo de sentirse aquejados o v\u00edctimas de una situaci\u00f3n en espec\u00edfico, sino que, tambi\u00e9n proponiendo soluciones a esa problem\u00e1tica y en tercera instancia, los NNA est\u00e1n demandando m\u00e1s espacio de inclusi\u00f3n e interculturalidad en la comuna\u201d, asever\u00f3 Felipe Godoy.<\/p>\n\n\n\n<p>En tanto el Concejal Alfonso N\u00fa\u00f1ez, que preside la Comisi\u00f3n de Desarrollo Social, adem\u00e1s de valorar el estudio realizado, dijo que \u201ceste es un diagn\u00f3stico s\u00faper importante y potente, que nos permite primero que todo, entender de que el ni\u00f1o debe estar con nosotros en la decisi\u00f3n, ellos quieren su espacio, quieren ser parte del hacer comuna y eso sin lugar a dudas, queda m\u00e1s que claro\u201d.<\/p>\n\n\n\n<p>\u201cEstos datos son muy importantes, porque a nosotros nos permiten hoy d\u00eda tomar decisiones. Desde el Concejo Municipal estamos muy al pendiente de esto, estamos haciendo muchas cosas, pero necesitamos una amalgama entre ellas\u201d, concluy\u00f3 el edil.<\/p>\n","protected":false},"excerpt":{"rendered":"<p>Durante la ma\u00f1ana del martes 17 de noviembre, se realiz\u00f3 en el auditorio Lidia Iratchet, la presentaci\u00f3n del \u201cDiagn\u00f3stico Local de Infancia y Adolescencia\u201d, una aproximaci\u00f3n a la realidad de ni\u00f1os, ni\u00f1as y adolescentes de la comuna de Quintero, durante el a\u00f1o 2020. La actividad organizada por la Oficina de Protecci\u00f3n de Derechos -OPD- cont\u00f3 [&hellip;]<\/p>\n","protected":false},"author":7,"featured_media":24165,"comment_status":"closed","ping_status":"closed","sticky":false,"template":"","format":"standard","meta":{"wds_primary_category":0,"footnotes":""},"categories":[1],"tags":[],"class_list":["post-24164","post","type-post","status-publish","format-standard","has-post-thumbnail","hentry","category-municipalidad"],"_links":{"self":[{"href":"https:\/\/www.muniquintero.cl\/index.php\/wp-json\/wp\/v2\/posts\/24164","targetHints":{"allow":["GET"]}}],"collection":[{"href":"https:\/\/www.muniquintero.cl\/index.php\/wp-json\/wp\/v2\/posts"}],"about":[{"href":"https:\/\/www.muniquintero.cl\/index.php\/wp-json\/wp\/v2\/types\/post"}],"author":[{"embeddable":true,"href":"https:\/\/www.muniquintero.cl\/index.php\/wp-json\/wp\/v2\/users\/7"}],"replies":[{"embeddable":true,"href":"https:\/\/www.muniquintero.cl\/index.php\/wp-json\/wp\/v2\/comments?post=24164"}],"version-history":[{"count":1,"href":"https:\/\/www.muniquintero.cl\/index.php\/wp-json\/wp\/v2\/posts\/24164\/revisions"}],"predecessor-version":[{"id":24167,"href":"https:\/\/www.muniquintero.cl\/index.php\/wp-json\/wp\/v2\/posts\/24164\/revisions\/24167"}],"wp:featuredmedia":[{"embeddable":true,"href":"https:\/\/www.muniquintero.cl\/index.php\/wp-json\/wp\/v2\/media\/24165"}],"wp:attachment":[{"href":"https:\/\/www.muniquintero.cl\/index.php\/wp-json\/wp\/v2\/media?parent=24164"}],"wp:term":[{"taxonomy":"category","embeddable":true,"href":"https:\/\/www.muniquintero.cl\/index.php\/wp-json\/wp\/v2\/categories?post=24164"},{"taxonomy":"post_tag","embeddable":true,"href":"https:\/\/www.muniquintero.cl\/index.php\/wp-json\/wp\/v2\/tags?post=24164"}],"curies":[{"name":"wp","href":"https:\/\/api.w.org\/{rel}","templated":true}]}}