{"id":24056,"date":"2020-10-30T15:36:56","date_gmt":"2020-10-30T18:36:56","guid":{"rendered":"https:\/\/www.muniquintero.cl\/?p=24056"},"modified":"2020-10-30T15:36:57","modified_gmt":"2020-10-30T18:36:57","slug":"alcalde-carrasco-entrega-nueva-sede-comunitaria-en-santa-luisa","status":"publish","type":"post","link":"https:\/\/www.muniquintero.cl\/index.php\/2020\/10\/30\/alcalde-carrasco-entrega-nueva-sede-comunitaria-en-santa-luisa\/","title":{"rendered":"Alcalde Carrasco entrega nueva sede comunitaria en Santa Luisa"},"content":{"rendered":"\n<p>Durante la ma\u00f1ana del viernes 30 de octubre, se realiz\u00f3 la entrega a la comunidad de Santa Luisa, de la nueva sede comunitaria que acoger\u00e1 a las organizaciones sociales del sector.<\/p>\n\n\n\n<p>El alcalde Mauricio Carrasco Pardo que fue acompa\u00f1ado por los concejales Ana Cartes y Rolando Silva, se\u00f1al\u00f3 que &nbsp;\u201cyo quiero saludar y felicitar a la se\u00f1ora Mar\u00eda Torres a su directiva, porque la insistencia, la perseverancia de un dirigente logra estas cosas\u201d.<\/p>\n\n\n\n<p>\u201cToda esa entrega de tiempo gratuito de ella hacia la comunidad de Santa Luisa, finalmente se concreta en &nbsp;una sede de primer nivel, para ellos que se lo merecen\u201d, destac\u00f3 el jefe comunal.<\/p>\n\n\n\n<p>La obra de 86 metros cuadrados construidos, comprende un amplio sal\u00f3n con vigas a la vista, cocina, ba\u00f1os inclusivos y bodega, piso revestido con &nbsp;cer\u00e1mica, puertas, ventanas y pintura, adem\u00e1s de las instalaciones el\u00e9ctricas y la cubierta de techo.<\/p>\n\n\n\n<p>La se\u00f1ora Mar\u00eda Torres, presidenta de la junta de vecinos \u201cEl Mirador de Santa Luisa\u201d, junto con agradecer la gesti\u00f3n explic\u00f3 emocionada, que la nueva sede \u201ces un sue\u00f1o de muchos dirigentes atr\u00e1s que pensaron en este espacio vac\u00edo que hab\u00eda ac\u00e1, y que se logr\u00f3, porque es una maravilla, una cosa muy linda\u201d.<\/p>\n\n\n\n<p>El recinto entregado servir\u00e1 para celebraciones como el d\u00eda del ni\u00f1o, la navidad, aniversarios, reuniones de la junta vecinos, comit\u00e9 del agua o del adulto mayor, coment\u00f3 la dirigenta social.&nbsp;<\/p>\n\n\n\n<p>La nueva sede comunitaria fue construida con recursos del Programa Mejoramiento Urbano de la Subsecretar\u00eda de Desarrollo Regional \u00a0y el aporte de fondos propios de la municipalidad de Quintero.<\/p>\n\n\n\n<p><\/p>\n","protected":false},"excerpt":{"rendered":"<p>Durante la ma\u00f1ana del viernes 30 de octubre, se realiz\u00f3 la entrega a la comunidad de Santa Luisa, de la nueva sede comunitaria que acoger\u00e1 a las organizaciones sociales del sector. El alcalde Mauricio Carrasco Pardo que fue acompa\u00f1ado por los concejales Ana Cartes y Rolando Silva, se\u00f1al\u00f3 que &nbsp;\u201cyo quiero saludar y felicitar a [&hellip;]<\/p>\n","protected":false},"author":7,"featured_media":24057,"comment_status":"closed","ping_status":"closed","sticky":false,"template":"","format":"standard","meta":{"wds_primary_category":0,"footnotes":""},"categories":[2],"tags":[],"class_list":["post-24056","post","type-post","status-publish","format-standard","has-post-thumbnail","hentry","category-noticias"],"_links":{"self":[{"href":"https:\/\/www.muniquintero.cl\/index.php\/wp-json\/wp\/v2\/posts\/24056","targetHints":{"allow":["GET"]}}],"collection":[{"href":"https:\/\/www.muniquintero.cl\/index.php\/wp-json\/wp\/v2\/posts"}],"about":[{"href":"https:\/\/www.muniquintero.cl\/index.php\/wp-json\/wp\/v2\/types\/post"}],"author":[{"embeddable":true,"href":"https:\/\/www.muniquintero.cl\/index.php\/wp-json\/wp\/v2\/users\/7"}],"replies":[{"embeddable":true,"href":"https:\/\/www.muniquintero.cl\/index.php\/wp-json\/wp\/v2\/comments?post=24056"}],"version-history":[{"count":1,"href":"https:\/\/www.muniquintero.cl\/index.php\/wp-json\/wp\/v2\/posts\/24056\/revisions"}],"predecessor-version":[{"id":24058,"href":"https:\/\/www.muniquintero.cl\/index.php\/wp-json\/wp\/v2\/posts\/24056\/revisions\/24058"}],"wp:featuredmedia":[{"embeddable":true,"href":"https:\/\/www.muniquintero.cl\/index.php\/wp-json\/wp\/v2\/media\/24057"}],"wp:attachment":[{"href":"https:\/\/www.muniquintero.cl\/index.php\/wp-json\/wp\/v2\/media?parent=24056"}],"wp:term":[{"taxonomy":"category","embeddable":true,"href":"https:\/\/www.muniquintero.cl\/index.php\/wp-json\/wp\/v2\/categories?post=24056"},{"taxonomy":"post_tag","embeddable":true,"href":"https:\/\/www.muniquintero.cl\/index.php\/wp-json\/wp\/v2\/tags?post=24056"}],"curies":[{"name":"wp","href":"https:\/\/api.w.org\/{rel}","templated":true}]}}