{"id":22337,"date":"2020-07-28T20:44:34","date_gmt":"2020-07-29T00:44:34","guid":{"rendered":"https:\/\/www.muniquintero.cl\/index.php\/2020\/07\/28\/sindicato-de-pescadores-y-buzos-de-quintero-cuentan-con-nueva-sede-social\/"},"modified":"2020-07-28T20:44:34","modified_gmt":"2020-07-29T00:44:34","slug":"sindicato-de-pescadores-y-buzos-de-quintero-cuentan-con-nueva-sede-social","status":"publish","type":"post","link":"https:\/\/www.muniquintero.cl\/index.php\/2020\/07\/28\/sindicato-de-pescadores-y-buzos-de-quintero-cuentan-con-nueva-sede-social\/","title":{"rendered":"Sindicato de Pescadores y Buzos de Quintero cuentan con nueva sede social"},"content":{"rendered":"<p><img fetchpriority=\"high\" decoding=\"async\" class=\" size-full wp-image-22335\" alt=\"IMG_9196.JPG\" src=\"https:\/\/www.muniquintero.cl\/wp-content\/uploads\/2020\/07\/IMG_9196.JPG\" style=\"\" width=\"2000\" height=\"1333\" srcset=\"https:\/\/www.muniquintero.cl\/wp-content\/uploads\/2020\/07\/IMG_9196.JPG 2000w, https:\/\/www.muniquintero.cl\/wp-content\/uploads\/2020\/07\/IMG_9196-300x200.jpg 300w, https:\/\/www.muniquintero.cl\/wp-content\/uploads\/2020\/07\/IMG_9196-1024x682.jpg 1024w, https:\/\/www.muniquintero.cl\/wp-content\/uploads\/2020\/07\/IMG_9196-768x512.jpg 768w, https:\/\/www.muniquintero.cl\/wp-content\/uploads\/2020\/07\/IMG_9196-1536x1024.jpg 1536w\" sizes=\"(max-width: 2000px) 100vw, 2000px\" \/><\/p>\n<p>El Sindicato de Pescadores y Buzos \u201cPor la raz\u00f3n o la fuerza\u201d de Quintero, recibi\u00f3 del alcalde Mauricio Carrasco Pardo las llaves del contenedor que albergar\u00e1 a su organizaci\u00f3n a partir de esta fecha.<\/p>\n<p>En la actividad realizada el martes 28 de julio en el borde costero Loncura, el municipio a trav\u00e9s del jefe comunal, adem\u00e1s hizo entrega de implementos de buceo, que ser\u00e1n utilizados en los talleres que se dictar\u00e1n a los asociados.<\/p>\n<p>El alcalde Carrasco al referirse a la entrega del equipamiento y la nueva sede, dijo \u201cesto va ayudar para hacer clases de buceo, vamos a entregar un contenedor porque ellos no ten\u00edan un espacio fijo, a\u00fan siendo gente de Quintero\u201d, por lo que buzos y pescadores tendr\u00e1n donde reunirse y guardar sus herramientas de trabajo.<\/p>\n<p><img decoding=\"async\" class=\" size-full wp-image-22336\" alt=\"IMG_9214.JPG\" src=\"https:\/\/www.muniquintero.cl\/wp-content\/uploads\/2020\/07\/IMG_9214.JPG\" style=\"\" width=\"2000\" height=\"1333\" srcset=\"https:\/\/www.muniquintero.cl\/wp-content\/uploads\/2020\/07\/IMG_9214.JPG 2000w, https:\/\/www.muniquintero.cl\/wp-content\/uploads\/2020\/07\/IMG_9214-300x200.jpg 300w, https:\/\/www.muniquintero.cl\/wp-content\/uploads\/2020\/07\/IMG_9214-1024x682.jpg 1024w, https:\/\/www.muniquintero.cl\/wp-content\/uploads\/2020\/07\/IMG_9214-768x512.jpg 768w, https:\/\/www.muniquintero.cl\/wp-content\/uploads\/2020\/07\/IMG_9214-1536x1024.jpg 1536w\" sizes=\"(max-width: 2000px) 100vw, 2000px\" \/><\/p>\n<p>&nbsp;\u201cUna vez m\u00e1s yo quiero felicitar la organizaci\u00f3n de los pescadores de Quintero, van a quedar con este espacio y m\u00e1s adelante veremos la f\u00f3rmula para entregar el comodato de manera definitiva\u201d, destac\u00f3 la autoridad comunal.<\/p>\n<p>En tanto el presidente del sindicato \u201cPor la raz\u00f3n o la fuerza\u201d, Cristi\u00e1n Arriaza P\u00e9rez adem\u00e1s de agradecer la entrega del espacio y los equipos, dijo que \u201cnosotros somos pescadores activos, todos con matr\u00edcula, RPA (Registro Pesquero Artesanal), buzos, todos de Quintero, y nos unimos para sacar adelante nuestros sue\u00f1os\u201d.<\/p>\n<p>Arriaza explic\u00f3 que como sindicato esperan tener su \u201cpropia escuela de buceo y cultivos, para no depender tanto del clima y la pesca\u201d, ya que seg\u00fan dijo \u201ctenemos hartos proyectos para trabajar sustentablemente\u201d.<\/p>\n<p>\u201cNosotros estamos ense\u00f1\u00e1ndole a los muchachos, d\u00e1ndole la oportunidad de que todos puedan trabajar en la mar, sacando a la gente a pescar, pues ahora que tenemos un espacio con el container, para seguir luchando y trabajando para todos\u201d concluy\u00f3 el dirigente.<\/p>\n","protected":false},"excerpt":{"rendered":"<p>El Sindicato de Pescadores y Buzos \u201cPor la raz\u00f3n o la fuerza\u201d de Quintero, recibi\u00f3 del alcalde Mauricio Carrasco Pardo las llaves del contenedor que albergar\u00e1 a su organizaci\u00f3n a partir de esta fecha. En la actividad realizada el martes 28 de julio en el borde costero Loncura, el municipio a trav\u00e9s del jefe comunal, [&hellip;]<\/p>\n","protected":false},"author":1,"featured_media":22335,"comment_status":"closed","ping_status":"closed","sticky":false,"template":"","format":"standard","meta":{"wds_primary_category":0,"footnotes":""},"categories":[2],"tags":[],"class_list":["post-22337","post","type-post","status-publish","format-standard","has-post-thumbnail","hentry","category-noticias"],"_links":{"self":[{"href":"https:\/\/www.muniquintero.cl\/index.php\/wp-json\/wp\/v2\/posts\/22337","targetHints":{"allow":["GET"]}}],"collection":[{"href":"https:\/\/www.muniquintero.cl\/index.php\/wp-json\/wp\/v2\/posts"}],"about":[{"href":"https:\/\/www.muniquintero.cl\/index.php\/wp-json\/wp\/v2\/types\/post"}],"author":[{"embeddable":true,"href":"https:\/\/www.muniquintero.cl\/index.php\/wp-json\/wp\/v2\/users\/1"}],"replies":[{"embeddable":true,"href":"https:\/\/www.muniquintero.cl\/index.php\/wp-json\/wp\/v2\/comments?post=22337"}],"version-history":[{"count":0,"href":"https:\/\/www.muniquintero.cl\/index.php\/wp-json\/wp\/v2\/posts\/22337\/revisions"}],"wp:featuredmedia":[{"embeddable":true,"href":"https:\/\/www.muniquintero.cl\/index.php\/wp-json\/wp\/v2\/media\/22335"}],"wp:attachment":[{"href":"https:\/\/www.muniquintero.cl\/index.php\/wp-json\/wp\/v2\/media?parent=22337"}],"wp:term":[{"taxonomy":"category","embeddable":true,"href":"https:\/\/www.muniquintero.cl\/index.php\/wp-json\/wp\/v2\/categories?post=22337"},{"taxonomy":"post_tag","embeddable":true,"href":"https:\/\/www.muniquintero.cl\/index.php\/wp-json\/wp\/v2\/tags?post=22337"}],"curies":[{"name":"wp","href":"https:\/\/api.w.org\/{rel}","templated":true}]}}