{"id":22334,"date":"2020-07-28T18:56:56","date_gmt":"2020-07-28T22:56:56","guid":{"rendered":"https:\/\/www.muniquintero.cl\/index.php\/2020\/07\/28\/instalan-nuevo-punto-verde-en-poblacion-teniente-goni\/"},"modified":"2020-07-28T18:56:56","modified_gmt":"2020-07-28T22:56:56","slug":"instalan-nuevo-punto-verde-en-poblacion-teniente-goni","status":"publish","type":"post","link":"https:\/\/www.muniquintero.cl\/index.php\/2020\/07\/28\/instalan-nuevo-punto-verde-en-poblacion-teniente-goni\/","title":{"rendered":"Instalan nuevo punto verde en poblaci\u00f3n Teniente Go\u00f1i"},"content":{"rendered":"<p><img fetchpriority=\"high\" decoding=\"async\" class=\" size-full wp-image-22332\" alt=\"PUNTO VERDE.jpg\" src=\"https:\/\/www.muniquintero.cl\/wp-content\/uploads\/2020\/07\/PUNTO-VERDE.jpg\" style=\"\" width=\"1280\" height=\"853\" srcset=\"https:\/\/www.muniquintero.cl\/wp-content\/uploads\/2020\/07\/PUNTO-VERDE.jpg 1280w, https:\/\/www.muniquintero.cl\/wp-content\/uploads\/2020\/07\/PUNTO-VERDE-300x200.jpg 300w, https:\/\/www.muniquintero.cl\/wp-content\/uploads\/2020\/07\/PUNTO-VERDE-1024x682.jpg 1024w, https:\/\/www.muniquintero.cl\/wp-content\/uploads\/2020\/07\/PUNTO-VERDE-768x512.jpg 768w\" sizes=\"(max-width: 1280px) 100vw, 1280px\" \/><\/p>\n<p>El viernes 24 de julio la empresa \u201cReciclador Limitada\u201d instal\u00f3 un nuevo punto de reciclaje de envases, en la intersecci\u00f3n de las calles Luis de la Cruz con Vicu\u00f1a, en la ciudad de Quintero.<\/p>\n<p>Alvaro Marabol\u00ed profesional de la Unidad de Medioambiente de la municipalidad y encargado del \u00e1rea de residuos, se\u00f1al\u00f3 \u201cque este es el decimoctavo punto verde instalado en la comuna y se hizo a solicitud de la junta de vecinos del sector\u201d.<\/p>\n<p>Marabol\u00ed explic\u00f3 que \u201cel objetivo de este servicio, es reducir la cantidad de residuos que se generan en Quintero\u201d, y que se proyecta culminar el a\u00f1o 2020 con 26 puntos de reciclaje en la comuna.<\/p>\n<p><img decoding=\"async\" class=\" size-full wp-image-22333\" alt=\"PUNTO VERDE2.jpg\" src=\"https:\/\/www.muniquintero.cl\/wp-content\/uploads\/2020\/07\/PUNTO-VERDE2.jpg\" style=\"\" width=\"1280\" height=\"853\" srcset=\"https:\/\/www.muniquintero.cl\/wp-content\/uploads\/2020\/07\/PUNTO-VERDE2.jpg 1280w, https:\/\/www.muniquintero.cl\/wp-content\/uploads\/2020\/07\/PUNTO-VERDE2-300x200.jpg 300w, https:\/\/www.muniquintero.cl\/wp-content\/uploads\/2020\/07\/PUNTO-VERDE2-1024x682.jpg 1024w, https:\/\/www.muniquintero.cl\/wp-content\/uploads\/2020\/07\/PUNTO-VERDE2-768x512.jpg 768w\" sizes=\"(max-width: 1280px) 100vw, 1280px\" \/><\/p>\n<p>La empresa Reciclador Limitada, a trav\u00e9s de su colaboradora Paulina Weishaupt, se\u00f1al\u00f3 que con este nuevo punto verde se busca acercar el reciclaje a las personas, puesto que su ubicaci\u00f3n ser\u00e1 de gran utilidad para todos lo vecinos y quienes transiten por el lugar.<\/p>\n<p>Weishaupt, dijo que a partir del dise\u00f1o y la materialidad de los puntos verdes, se busca embellecer el lugar y no transformarlo en un microbasural, \u201cnosotros aseguramos que a diario se va a pasar revisando para retirar lo que la gente ha dispuesto\u201d.<\/p>\n<p>Desde la empresa Reciclador solicitan a la comunidad cuidar estos espacios de reciclaje, pues algunos han sufrido da\u00f1os. Quienes deseen conocer la ubicaci\u00f3n de los puntos verdes en la comuna s\u00f3lo deben ingresar a <a href=\"https:\/\/www.facebook.com\/RECICLADOR.CHILE\/\">www.facebook.com\/RECICLADOR.CHILE\/<\/a><\/p>\n","protected":false},"excerpt":{"rendered":"<p>El viernes 24 de julio la empresa \u201cReciclador Limitada\u201d instal\u00f3 un nuevo punto de reciclaje de envases, en la intersecci\u00f3n de las calles Luis de la Cruz con Vicu\u00f1a, en la ciudad de Quintero. Alvaro Marabol\u00ed profesional de la Unidad de Medioambiente de la municipalidad y encargado del \u00e1rea de residuos, se\u00f1al\u00f3 \u201cque este es [&hellip;]<\/p>\n","protected":false},"author":1,"featured_media":22332,"comment_status":"closed","ping_status":"closed","sticky":false,"template":"","format":"standard","meta":{"wds_primary_category":0,"footnotes":""},"categories":[2],"tags":[],"class_list":["post-22334","post","type-post","status-publish","format-standard","has-post-thumbnail","hentry","category-noticias"],"_links":{"self":[{"href":"https:\/\/www.muniquintero.cl\/index.php\/wp-json\/wp\/v2\/posts\/22334","targetHints":{"allow":["GET"]}}],"collection":[{"href":"https:\/\/www.muniquintero.cl\/index.php\/wp-json\/wp\/v2\/posts"}],"about":[{"href":"https:\/\/www.muniquintero.cl\/index.php\/wp-json\/wp\/v2\/types\/post"}],"author":[{"embeddable":true,"href":"https:\/\/www.muniquintero.cl\/index.php\/wp-json\/wp\/v2\/users\/1"}],"replies":[{"embeddable":true,"href":"https:\/\/www.muniquintero.cl\/index.php\/wp-json\/wp\/v2\/comments?post=22334"}],"version-history":[{"count":0,"href":"https:\/\/www.muniquintero.cl\/index.php\/wp-json\/wp\/v2\/posts\/22334\/revisions"}],"wp:featuredmedia":[{"embeddable":true,"href":"https:\/\/www.muniquintero.cl\/index.php\/wp-json\/wp\/v2\/media\/22332"}],"wp:attachment":[{"href":"https:\/\/www.muniquintero.cl\/index.php\/wp-json\/wp\/v2\/media?parent=22334"}],"wp:term":[{"taxonomy":"category","embeddable":true,"href":"https:\/\/www.muniquintero.cl\/index.php\/wp-json\/wp\/v2\/categories?post=22334"},{"taxonomy":"post_tag","embeddable":true,"href":"https:\/\/www.muniquintero.cl\/index.php\/wp-json\/wp\/v2\/tags?post=22334"}],"curies":[{"name":"wp","href":"https:\/\/api.w.org\/{rel}","templated":true}]}}