{"id":22325,"date":"2020-07-17T19:27:22","date_gmt":"2020-07-17T23:27:22","guid":{"rendered":"https:\/\/www.muniquintero.cl\/index.php\/2020\/07\/17\/alcalde-mauricio-carrasco-entrega-balance-comunal-por-covid19\/"},"modified":"2020-07-17T19:27:22","modified_gmt":"2020-07-17T23:27:22","slug":"alcalde-mauricio-carrasco-entrega-balance-comunal-por-covid19","status":"publish","type":"post","link":"https:\/\/www.muniquintero.cl\/index.php\/2020\/07\/17\/alcalde-mauricio-carrasco-entrega-balance-comunal-por-covid19\/","title":{"rendered":"Alcalde Mauricio Carrasco entrega balance comunal por Covid19"},"content":{"rendered":"<p><img fetchpriority=\"high\" decoding=\"async\" class=\" size-full wp-image-22324\" alt=\"IMG_8248.JPG\" src=\"https:\/\/www.muniquintero.cl\/wp-content\/uploads\/2020\/07\/IMG_8248.JPG\" style=\"\" width=\"2000\" height=\"1333\" \/><\/p>\n<p>A cuatro meses de declararse la pandemia por el avance de los contagios de Covid19, el alcalde Mauricio Carrasco Pardo entreg\u00f3 el martes 14 de julio, un balance comunal en el que se detallan las principales acciones preventivas impulsadas por el municipio.<\/p>\n<p>El jefe comunal, se\u00f1al\u00f3 que, tras cruzar datos manejados por el Departamento de Salud Municipal, el Hospital Adriana Cousi\u00f1o y Secretar\u00eda Regional Ministerial de Salud, regi\u00f3n Valpara\u00edso, actualmente habr\u00eda 323 personas contagiadas, 6 personas fallecidas a causa del Covid19 y cerca de 30 casos activos, por lo que se estima en 255 los pacientes recuperados.<\/p>\n<p>Mauricio Carrasco tambi\u00e9n se refiri\u00f3 a las restricciones de funcionamiento que ha sufrido la Feria Libre y Feria de las Pulgas, por lo que agradeci\u00f3 la comprensi\u00f3n de sus trabajadores, pues est\u00e1n haciendo un gran esfuerzo econ\u00f3mico al desarrollar sus actividades en el estadio municipal, que cuenta con el espacio y la infraestructura sanitaria necesaria para atender al p\u00fablico. En esta misma l\u00ednea, adelant\u00f3 que durante el mes de julio se aprovechar\u00e1 de renovar el techo de la feria libre.<\/p>\n<p>Respecto a las solicitudes de confinamiento o cuarentena comunal, el alcalde Carrasco llam\u00f3 a la cautela en la invocaci\u00f3n de esta medida, \u201cporque genera mucha pobreza, al verse las personas impedidas de trabajar\u201d, destacando que la adopci\u00f3n de medidas de autocuidado personal, permitir\u00e1 proteger las fuentes laborales y evitar el encierro. La autoridad comunal valor\u00f3 tambi\u00e9n la disposici\u00f3n de los pescadores artesanales, conductores de locomoci\u00f3n colectiva y el comercio local que se han sumado a la implementaci\u00f3n de medidas preventivas.<\/p>\n<p>El alcalde Carrasco concluy\u00f3 se\u00f1alando que las barreras sanitarias se mantendr\u00e1n operando, as\u00ed como los dem\u00e1s servicios y programas municipales, con \u00e9nfasis en la atenci\u00f3n social, de adulto mayores y personas en situaci\u00f3n de discapacidad, a trav\u00e9s de los canales de atenci\u00f3n a la comunidad que se han dispuesto p\u00fablicamente. &nbsp;&nbsp;<\/p>\n","protected":false},"excerpt":{"rendered":"<p>A cuatro meses de declararse la pandemia por el avance de los contagios de Covid19, el alcalde Mauricio Carrasco Pardo entreg\u00f3 el martes 14 de julio, un balance comunal en el que se detallan las principales acciones preventivas impulsadas por el municipio. El jefe comunal, se\u00f1al\u00f3 que, tras cruzar datos manejados por el Departamento de [&hellip;]<\/p>\n","protected":false},"author":1,"featured_media":22324,"comment_status":"closed","ping_status":"closed","sticky":false,"template":"","format":"standard","meta":{"wds_primary_category":0,"footnotes":""},"categories":[2],"tags":[],"class_list":["post-22325","post","type-post","status-publish","format-standard","has-post-thumbnail","hentry","category-noticias"],"_links":{"self":[{"href":"https:\/\/www.muniquintero.cl\/index.php\/wp-json\/wp\/v2\/posts\/22325","targetHints":{"allow":["GET"]}}],"collection":[{"href":"https:\/\/www.muniquintero.cl\/index.php\/wp-json\/wp\/v2\/posts"}],"about":[{"href":"https:\/\/www.muniquintero.cl\/index.php\/wp-json\/wp\/v2\/types\/post"}],"author":[{"embeddable":true,"href":"https:\/\/www.muniquintero.cl\/index.php\/wp-json\/wp\/v2\/users\/1"}],"replies":[{"embeddable":true,"href":"https:\/\/www.muniquintero.cl\/index.php\/wp-json\/wp\/v2\/comments?post=22325"}],"version-history":[{"count":0,"href":"https:\/\/www.muniquintero.cl\/index.php\/wp-json\/wp\/v2\/posts\/22325\/revisions"}],"wp:featuredmedia":[{"embeddable":true,"href":"https:\/\/www.muniquintero.cl\/index.php\/wp-json\/wp\/v2\/media\/22324"}],"wp:attachment":[{"href":"https:\/\/www.muniquintero.cl\/index.php\/wp-json\/wp\/v2\/media?parent=22325"}],"wp:term":[{"taxonomy":"category","embeddable":true,"href":"https:\/\/www.muniquintero.cl\/index.php\/wp-json\/wp\/v2\/categories?post=22325"},{"taxonomy":"post_tag","embeddable":true,"href":"https:\/\/www.muniquintero.cl\/index.php\/wp-json\/wp\/v2\/tags?post=22325"}],"curies":[{"name":"wp","href":"https:\/\/api.w.org\/{rel}","templated":true}]}}