{"id":22321,"date":"2020-07-14T18:46:48","date_gmt":"2020-07-14T22:46:48","guid":{"rendered":"https:\/\/www.muniquintero.cl\/index.php\/2020\/07\/14\/hotel-bahia-tambien-acogera-a-funcionarios-de-la-salud-de-puchuncavi\/"},"modified":"2020-07-14T18:46:48","modified_gmt":"2020-07-14T22:46:48","slug":"hotel-bahia-tambien-acogera-a-funcionarios-de-la-salud-de-puchuncavi","status":"publish","type":"post","link":"https:\/\/www.muniquintero.cl\/index.php\/2020\/07\/14\/hotel-bahia-tambien-acogera-a-funcionarios-de-la-salud-de-puchuncavi\/","title":{"rendered":"Hotel Bah\u00eda tambi\u00e9n acoger\u00e1 a funcionarios de la salud de Puchuncav\u00ed"},"content":{"rendered":"<p><img fetchpriority=\"high\" decoding=\"async\" class=\" size-full wp-image-22320\" alt=\"IMG_7706.JPG\" src=\"https:\/\/www.muniquintero.cl\/wp-content\/uploads\/2020\/07\/IMG_7706.JPG\" style=\"\" width=\"2000\" height=\"1333\" srcset=\"https:\/\/www.muniquintero.cl\/wp-content\/uploads\/2020\/07\/IMG_7706.JPG 2000w, https:\/\/www.muniquintero.cl\/wp-content\/uploads\/2020\/07\/IMG_7706-300x200.jpg 300w, https:\/\/www.muniquintero.cl\/wp-content\/uploads\/2020\/07\/IMG_7706-1024x682.jpg 1024w, https:\/\/www.muniquintero.cl\/wp-content\/uploads\/2020\/07\/IMG_7706-768x512.jpg 768w, https:\/\/www.muniquintero.cl\/wp-content\/uploads\/2020\/07\/IMG_7706-1536x1024.jpg 1536w\" sizes=\"(max-width: 2000px) 100vw, 2000px\" \/><\/p>\n<p>Los funcionarios de la salud que laboran en la comuna de Puchuncav\u00ed, podr\u00e1n ocupar como residencia sanitaria y de descanso las instalaciones del Hotel Bah\u00eda a partir del mes de julio.<\/p>\n<p>As\u00ed lo anunci\u00f3 Ania Guajardo, encargada del Departamento de Salud Municipal, quien explic\u00f3 que, el alcalde Mauricio Carrasco, autoriz\u00f3 el uso de estas instalaciones para los trabajadores de la salud que laboran en Puchuncav\u00ed y que tienen problemas de acceso o dificultades para llegar hasta sus hogares en el contexto de esta pandemia.<\/p>\n<p>La encargada del Departamento de Salud inform\u00f3 adem\u00e1s, que actualmente el Hotel Bah\u00eda de Quintero acoge como residencia sanitaria a 10 funcionarios de la Base SAMU -Servicio de Atenci\u00f3n M\u00e9dico de Urgencias-, 9 funcionarios del Hospital de Quintero entre administrativos, m\u00e9dicos, enfermeros y param\u00e9dicos, y 2 funcionarios de la Posta de Salud de Loncura.<\/p>\n<p>La residencia sanitaria Hotel Bah\u00eda, no acoge a pacientes en recuperaci\u00f3n de Covid 19, pues el Servicio de Salud Vi\u00f1a del Mar- Quillota, ha dispuesto en la regi\u00f3n otras instalaciones en la regi\u00f3n para este efecto.<\/p>\n","protected":false},"excerpt":{"rendered":"<p>Los funcionarios de la salud que laboran en la comuna de Puchuncav\u00ed, podr\u00e1n ocupar como residencia sanitaria y de descanso las instalaciones del Hotel Bah\u00eda a partir del mes de julio. As\u00ed lo anunci\u00f3 Ania Guajardo, encargada del Departamento de Salud Municipal, quien explic\u00f3 que, el alcalde Mauricio Carrasco, autoriz\u00f3 el uso de estas instalaciones [&hellip;]<\/p>\n","protected":false},"author":1,"featured_media":22320,"comment_status":"closed","ping_status":"closed","sticky":false,"template":"","format":"standard","meta":{"wds_primary_category":0,"footnotes":""},"categories":[2],"tags":[],"class_list":["post-22321","post","type-post","status-publish","format-standard","has-post-thumbnail","hentry","category-noticias"],"_links":{"self":[{"href":"https:\/\/www.muniquintero.cl\/index.php\/wp-json\/wp\/v2\/posts\/22321","targetHints":{"allow":["GET"]}}],"collection":[{"href":"https:\/\/www.muniquintero.cl\/index.php\/wp-json\/wp\/v2\/posts"}],"about":[{"href":"https:\/\/www.muniquintero.cl\/index.php\/wp-json\/wp\/v2\/types\/post"}],"author":[{"embeddable":true,"href":"https:\/\/www.muniquintero.cl\/index.php\/wp-json\/wp\/v2\/users\/1"}],"replies":[{"embeddable":true,"href":"https:\/\/www.muniquintero.cl\/index.php\/wp-json\/wp\/v2\/comments?post=22321"}],"version-history":[{"count":0,"href":"https:\/\/www.muniquintero.cl\/index.php\/wp-json\/wp\/v2\/posts\/22321\/revisions"}],"wp:featuredmedia":[{"embeddable":true,"href":"https:\/\/www.muniquintero.cl\/index.php\/wp-json\/wp\/v2\/media\/22320"}],"wp:attachment":[{"href":"https:\/\/www.muniquintero.cl\/index.php\/wp-json\/wp\/v2\/media?parent=22321"}],"wp:term":[{"taxonomy":"category","embeddable":true,"href":"https:\/\/www.muniquintero.cl\/index.php\/wp-json\/wp\/v2\/categories?post=22321"},{"taxonomy":"post_tag","embeddable":true,"href":"https:\/\/www.muniquintero.cl\/index.php\/wp-json\/wp\/v2\/tags?post=22321"}],"curies":[{"name":"wp","href":"https:\/\/api.w.org\/{rel}","templated":true}]}}