{"id":22245,"date":"2020-05-15T21:04:52","date_gmt":"2020-05-16T01:04:52","guid":{"rendered":"https:\/\/www.muniquintero.cl\/index.php\/2020\/05\/15\/alcalde-mauricio-carrasco-inspecciona-funcionamiento-de-feria-libre-en-el-estadio\/"},"modified":"2020-05-15T21:04:52","modified_gmt":"2020-05-16T01:04:52","slug":"alcalde-mauricio-carrasco-inspecciona-funcionamiento-de-feria-libre-en-el-estadio","status":"publish","type":"post","link":"https:\/\/www.muniquintero.cl\/index.php\/2020\/05\/15\/alcalde-mauricio-carrasco-inspecciona-funcionamiento-de-feria-libre-en-el-estadio\/","title":{"rendered":"Alcalde Mauricio Carrasco inspecciona funcionamiento de feria libre en el estadio"},"content":{"rendered":"<p><img fetchpriority=\"high\" decoding=\"async\" class=\" size-full wp-image-22241\" alt=\"FER1.JPG\" src=\"https:\/\/www.muniquintero.cl\/wp-content\/uploads\/2020\/05\/FER1.JPG\" width=\"2000\" height=\"1333\" srcset=\"https:\/\/www.muniquintero.cl\/wp-content\/uploads\/2020\/05\/FER1.JPG 2000w, https:\/\/www.muniquintero.cl\/wp-content\/uploads\/2020\/05\/FER1-300x200.jpg 300w, https:\/\/www.muniquintero.cl\/wp-content\/uploads\/2020\/05\/FER1-1024x682.jpg 1024w, https:\/\/www.muniquintero.cl\/wp-content\/uploads\/2020\/05\/FER1-768x512.jpg 768w, https:\/\/www.muniquintero.cl\/wp-content\/uploads\/2020\/05\/FER1-1536x1024.jpg 1536w\" sizes=\"(max-width: 2000px) 100vw, 2000px\" \/><\/p>\n<p>Durante la ma\u00f1ana del jueves 14 de mayo el alcalde Mauricio Carrasco realiz\u00f3 una visita inspectiva, a las instalaciones de la Feria Libre, que con motivo de la emergencia sanitaria, actualmente funciona en el estadio municipal de Quintero.<\/p>\n<p>El jefe comunal junto con supervisar el funcionamiento de la feria libre, entreg\u00f3 protectores faciales y convers\u00f3 con los locatarios para conocer su opini\u00f3n respecto de las medidas adoptadas en el estadio Ra\u00fal Vargas Verdejo, que al d\u00eda de hoy ofrece un espacio seguro para la venta de productos frescos, tanto agr\u00edcolas como marinos.<\/p>\n<p>Mauricio Carrasco, explic\u00f3 que la reubicaci\u00f3n de la feria por temas de seguridad sanitaria, \u201cofrece un espacio mucho m\u00e1s amplio, ya que no es lo mismo tener doscientas personas en mil metros cuadrados, que doscientas, en cinco mil metros cuadrados\u201d, como sucede actualmente en el principal recinto deportivo de la comuna.<\/p>\n<p>Dentro de las conversaciones sostenidas con los \u201cferiantes\u201d, el alcalde Carrasco se comprometi\u00f3 en la b\u00fasqueda de una soluci\u00f3n a los problemas originados por el funcionamiento ilegal de una feria en Loncura, que no cumple con las medidas de seguridad en el contexto de esta pandemia.<\/p>\n<p><img decoding=\"async\" class=\" size-full wp-image-22242\" alt=\"FER2.JPG\" src=\"https:\/\/www.muniquintero.cl\/wp-content\/uploads\/2020\/05\/FER2.JPG\" width=\"2000\" height=\"1333\" srcset=\"https:\/\/www.muniquintero.cl\/wp-content\/uploads\/2020\/05\/FER2.JPG 2000w, https:\/\/www.muniquintero.cl\/wp-content\/uploads\/2020\/05\/FER2-300x200.jpg 300w, https:\/\/www.muniquintero.cl\/wp-content\/uploads\/2020\/05\/FER2-1024x682.jpg 1024w, https:\/\/www.muniquintero.cl\/wp-content\/uploads\/2020\/05\/FER2-768x512.jpg 768w, https:\/\/www.muniquintero.cl\/wp-content\/uploads\/2020\/05\/FER2-1536x1024.jpg 1536w\" sizes=\"(max-width: 2000px) 100vw, 2000px\" \/><\/p>\n<p><img decoding=\"async\" class=\" size-full wp-image-22243\" alt=\"FER3.JPG\" src=\"https:\/\/www.muniquintero.cl\/wp-content\/uploads\/2020\/05\/FER3.JPG\" width=\"2000\" height=\"1333\" srcset=\"https:\/\/www.muniquintero.cl\/wp-content\/uploads\/2020\/05\/FER3.JPG 2000w, https:\/\/www.muniquintero.cl\/wp-content\/uploads\/2020\/05\/FER3-300x200.jpg 300w, https:\/\/www.muniquintero.cl\/wp-content\/uploads\/2020\/05\/FER3-1024x682.jpg 1024w, https:\/\/www.muniquintero.cl\/wp-content\/uploads\/2020\/05\/FER3-768x512.jpg 768w, https:\/\/www.muniquintero.cl\/wp-content\/uploads\/2020\/05\/FER3-1536x1024.jpg 1536w\" sizes=\"(max-width: 2000px) 100vw, 2000px\" \/><\/p>\n<p>&nbsp;<\/p>\n<p><img loading=\"lazy\" decoding=\"async\" class=\" size-full wp-image-22244\" alt=\"FER4.JPG\" src=\"https:\/\/www.muniquintero.cl\/wp-content\/uploads\/2020\/05\/FER4.JPG\" width=\"2000\" height=\"1333\" srcset=\"https:\/\/www.muniquintero.cl\/wp-content\/uploads\/2020\/05\/FER4.JPG 2000w, https:\/\/www.muniquintero.cl\/wp-content\/uploads\/2020\/05\/FER4-300x200.jpg 300w, https:\/\/www.muniquintero.cl\/wp-content\/uploads\/2020\/05\/FER4-1024x682.jpg 1024w, https:\/\/www.muniquintero.cl\/wp-content\/uploads\/2020\/05\/FER4-768x512.jpg 768w, https:\/\/www.muniquintero.cl\/wp-content\/uploads\/2020\/05\/FER4-1536x1024.jpg 1536w\" sizes=\"(max-width: 2000px) 100vw, 2000px\" \/><\/p>\n","protected":false},"excerpt":{"rendered":"<p>Durante la ma\u00f1ana del jueves 14 de mayo el alcalde Mauricio Carrasco realiz\u00f3 una visita inspectiva, a las instalaciones de la Feria Libre, que con motivo de la emergencia sanitaria, actualmente funciona en el estadio municipal de Quintero. El jefe comunal junto con supervisar el funcionamiento de la feria libre, entreg\u00f3 protectores faciales y convers\u00f3 [&hellip;]<\/p>\n","protected":false},"author":1,"featured_media":22241,"comment_status":"closed","ping_status":"closed","sticky":false,"template":"","format":"standard","meta":{"wds_primary_category":0,"footnotes":""},"categories":[2],"tags":[],"class_list":["post-22245","post","type-post","status-publish","format-standard","has-post-thumbnail","hentry","category-noticias"],"_links":{"self":[{"href":"https:\/\/www.muniquintero.cl\/index.php\/wp-json\/wp\/v2\/posts\/22245","targetHints":{"allow":["GET"]}}],"collection":[{"href":"https:\/\/www.muniquintero.cl\/index.php\/wp-json\/wp\/v2\/posts"}],"about":[{"href":"https:\/\/www.muniquintero.cl\/index.php\/wp-json\/wp\/v2\/types\/post"}],"author":[{"embeddable":true,"href":"https:\/\/www.muniquintero.cl\/index.php\/wp-json\/wp\/v2\/users\/1"}],"replies":[{"embeddable":true,"href":"https:\/\/www.muniquintero.cl\/index.php\/wp-json\/wp\/v2\/comments?post=22245"}],"version-history":[{"count":0,"href":"https:\/\/www.muniquintero.cl\/index.php\/wp-json\/wp\/v2\/posts\/22245\/revisions"}],"wp:featuredmedia":[{"embeddable":true,"href":"https:\/\/www.muniquintero.cl\/index.php\/wp-json\/wp\/v2\/media\/22241"}],"wp:attachment":[{"href":"https:\/\/www.muniquintero.cl\/index.php\/wp-json\/wp\/v2\/media?parent=22245"}],"wp:term":[{"taxonomy":"category","embeddable":true,"href":"https:\/\/www.muniquintero.cl\/index.php\/wp-json\/wp\/v2\/categories?post=22245"},{"taxonomy":"post_tag","embeddable":true,"href":"https:\/\/www.muniquintero.cl\/index.php\/wp-json\/wp\/v2\/tags?post=22245"}],"curies":[{"name":"wp","href":"https:\/\/api.w.org\/{rel}","templated":true}]}}