{"id":22190,"date":"2020-03-12T20:03:15","date_gmt":"2020-03-13T00:03:15","guid":{"rendered":"https:\/\/www.muniquintero.cl\/index.php\/2020\/03\/12\/cuenta-del-alcalde-en-la-sesion-no-118-del-concejo-municipal\/"},"modified":"2020-03-12T20:03:15","modified_gmt":"2020-03-13T00:03:15","slug":"cuenta-del-alcalde-en-la-sesion-no-118-del-concejo-municipal","status":"publish","type":"post","link":"https:\/\/www.muniquintero.cl\/index.php\/2020\/03\/12\/cuenta-del-alcalde-en-la-sesion-no-118-del-concejo-municipal\/","title":{"rendered":"Cuenta del Alcalde en la Sesi\u00f3n No 118 del Concejo Municipal"},"content":{"rendered":"<p><img fetchpriority=\"high\" decoding=\"async\" class=\" size-full wp-image-22188\" alt=\"CONCEJO 110320.jpg\" src=\"https:\/\/www.muniquintero.cl\/wp-content\/uploads\/2020\/03\/CONCEJO-110320.jpg\" width=\"2000\" height=\"1123\" srcset=\"https:\/\/www.muniquintero.cl\/wp-content\/uploads\/2020\/03\/CONCEJO-110320.jpg 2000w, https:\/\/www.muniquintero.cl\/wp-content\/uploads\/2020\/03\/CONCEJO-110320-300x168.jpg 300w, https:\/\/www.muniquintero.cl\/wp-content\/uploads\/2020\/03\/CONCEJO-110320-1024x575.jpg 1024w, https:\/\/www.muniquintero.cl\/wp-content\/uploads\/2020\/03\/CONCEJO-110320-768x431.jpg 768w, https:\/\/www.muniquintero.cl\/wp-content\/uploads\/2020\/03\/CONCEJO-110320-1536x862.jpg 1536w\" sizes=\"(max-width: 2000px) 100vw, 2000px\" \/><\/p>\n<p>Durante la sesi\u00f3n No 118 del Concejo Municipal, el alcalde dio cuenta acerca de dos importantes reuniones a las que asisti\u00f3 en d\u00edas pasados y que tienen que ver directamente con la calidad de vida de la comunidad de Quintero.<\/p>\n<p>En primer t\u00e9rmino, se refiri\u00f3 a la reuni\u00f3n de la mesa h\u00eddrica, que funciona desde hace un a\u00f1o y que vela por el uso del agua del R\u00edo Aconcagua y la escasez del vital elemento en la regi\u00f3n. En la oportunidad, el alcalde puso en tabla la falta de agua de la localidad de Santa Rosa de Colmo, aunque colinda con este curso de agua. Las causas dicen relaci\u00f3n con que el vital elemento alimenta hasta el territorio en que se encuentran las compuertas uno y dos, ubicada antes de Quillota, dejando las compuertas tres y cuatro sin abastecimiento. Esta situaci\u00f3n se ver\u00eda nuevamente en una reuni\u00f3n de hoy jueves.<\/p>\n<p>La autoridad denunci\u00f3 tambi\u00e9n que, en Valle Alegre, hay pozos que alimentan a una empresa de la bah\u00eda y no el consumo de los habitantes del sector. El alcalde a\u00f1adi\u00f3 que, para abastecer la localidad de San Ram\u00f3n, el municipio entrega 60 mil litros de agua semanales.<\/p>\n<p>Cabe destacar, que la mesa h\u00eddrica es integrada por los alcaldes de las comunas por las que atraviesa el R\u00edo Aconcagua, desde la cordillera hasta el mar, y a la que luego de muchas gestiones logr\u00f3 que se le convocara una vez que demostr\u00f3 que justamente el l\u00edmite sur de Quintero es la ribera norte de este curso de agua.<\/p>\n<p>El alcalde inform\u00f3 tambi\u00e9n acerca de la reuni\u00f3n convocada en la Intendencia de Valpara\u00edso por la Direcci\u00f3n Regional de Onemi, junto al Comit\u00e9 Operativo de Emergencias de Valpara\u00edso, en la que se present\u00f3 el Plan de Emergencia Medioambiental para Quintero y Puchuncav\u00ed.<\/p>\n<p>La autoridad comunal, explic\u00f3 que valoraba la medida para evitar nuevos episodios de contaminaci\u00f3n en la comuna, pero denunci\u00f3 la falta de compromiso del gobierno central al no decretar que las 770 hect\u00e1reas, ubicadas en el \u00e1rea del parque industrial que comparten Quintero y Puchuncav\u00ed, no puedan ser utilizadas para la construcci\u00f3n de empresas contaminantes.<\/p>\n<p><img decoding=\"async\" class=\" size-full wp-image-22189\" alt=\"CONCEJO110320-2.jpg\" src=\"https:\/\/www.muniquintero.cl\/wp-content\/uploads\/2020\/03\/CONCEJO110320-2.jpg\" width=\"2000\" height=\"1123\" srcset=\"https:\/\/www.muniquintero.cl\/wp-content\/uploads\/2020\/03\/CONCEJO110320-2.jpg 2000w, https:\/\/www.muniquintero.cl\/wp-content\/uploads\/2020\/03\/CONCEJO110320-2-300x168.jpg 300w, https:\/\/www.muniquintero.cl\/wp-content\/uploads\/2020\/03\/CONCEJO110320-2-1024x575.jpg 1024w, https:\/\/www.muniquintero.cl\/wp-content\/uploads\/2020\/03\/CONCEJO110320-2-768x431.jpg 768w, https:\/\/www.muniquintero.cl\/wp-content\/uploads\/2020\/03\/CONCEJO110320-2-1536x862.jpg 1536w\" sizes=\"(max-width: 2000px) 100vw, 2000px\" \/><\/p>\n<p>&nbsp;<\/p>\n<p>&nbsp;<\/p>\n<p>&nbsp;<\/p>\n<p>&nbsp;<\/p>\n","protected":false},"excerpt":{"rendered":"<p>Durante la sesi\u00f3n No 118 del Concejo Municipal, el alcalde dio cuenta acerca de dos importantes reuniones a las que asisti\u00f3 en d\u00edas pasados y que tienen que ver directamente con la calidad de vida de la comunidad de Quintero. En primer t\u00e9rmino, se refiri\u00f3 a la reuni\u00f3n de la mesa h\u00eddrica, que funciona desde [&hellip;]<\/p>\n","protected":false},"author":1,"featured_media":22188,"comment_status":"closed","ping_status":"closed","sticky":false,"template":"","format":"standard","meta":{"wds_primary_category":0,"footnotes":""},"categories":[2],"tags":[],"class_list":["post-22190","post","type-post","status-publish","format-standard","has-post-thumbnail","hentry","category-noticias"],"_links":{"self":[{"href":"https:\/\/www.muniquintero.cl\/index.php\/wp-json\/wp\/v2\/posts\/22190","targetHints":{"allow":["GET"]}}],"collection":[{"href":"https:\/\/www.muniquintero.cl\/index.php\/wp-json\/wp\/v2\/posts"}],"about":[{"href":"https:\/\/www.muniquintero.cl\/index.php\/wp-json\/wp\/v2\/types\/post"}],"author":[{"embeddable":true,"href":"https:\/\/www.muniquintero.cl\/index.php\/wp-json\/wp\/v2\/users\/1"}],"replies":[{"embeddable":true,"href":"https:\/\/www.muniquintero.cl\/index.php\/wp-json\/wp\/v2\/comments?post=22190"}],"version-history":[{"count":0,"href":"https:\/\/www.muniquintero.cl\/index.php\/wp-json\/wp\/v2\/posts\/22190\/revisions"}],"wp:featuredmedia":[{"embeddable":true,"href":"https:\/\/www.muniquintero.cl\/index.php\/wp-json\/wp\/v2\/media\/22188"}],"wp:attachment":[{"href":"https:\/\/www.muniquintero.cl\/index.php\/wp-json\/wp\/v2\/media?parent=22190"}],"wp:term":[{"taxonomy":"category","embeddable":true,"href":"https:\/\/www.muniquintero.cl\/index.php\/wp-json\/wp\/v2\/categories?post=22190"},{"taxonomy":"post_tag","embeddable":true,"href":"https:\/\/www.muniquintero.cl\/index.php\/wp-json\/wp\/v2\/tags?post=22190"}],"curies":[{"name":"wp","href":"https:\/\/api.w.org\/{rel}","templated":true}]}}