{"id":21940,"date":"2019-08-14T16:23:27","date_gmt":"2019-08-14T20:23:27","guid":{"rendered":"https:\/\/www.muniquintero.cl\/index.php\/2019\/08\/14\/escuela-francia-cumple-49-anos-de-vida\/"},"modified":"2019-08-14T16:23:27","modified_gmt":"2019-08-14T20:23:27","slug":"escuela-francia-cumple-49-anos-de-vida","status":"publish","type":"post","link":"https:\/\/www.muniquintero.cl\/index.php\/2019\/08\/14\/escuela-francia-cumple-49-anos-de-vida\/","title":{"rendered":"Escuela Francia cumple 49 a\u00f1os de vida"},"content":{"rendered":"<p><img fetchpriority=\"high\" decoding=\"async\" class=\" size-full wp-image-21936\" alt=\"francia2019.jpg\" src=\"https:\/\/www.muniquintero.cl\/wp-content\/uploads\/2019\/08\/francia2019.jpg\" style=\"\" width=\"1152\" height=\"864\" srcset=\"https:\/\/www.muniquintero.cl\/wp-content\/uploads\/2019\/08\/francia2019.jpg 1152w, https:\/\/www.muniquintero.cl\/wp-content\/uploads\/2019\/08\/francia2019-300x225.jpg 300w, https:\/\/www.muniquintero.cl\/wp-content\/uploads\/2019\/08\/francia2019-1024x768.jpg 1024w, https:\/\/www.muniquintero.cl\/wp-content\/uploads\/2019\/08\/francia2019-768x576.jpg 768w\" sizes=\"(max-width: 1152px) 100vw, 1152px\" \/><\/p>\n<p style=\"text-align: left;\"><em><strong>Su lema es \u201cdonde todos pueden aprender\u201d<\/strong><\/em><\/p>\n<p>49 a\u00f1os de su fundaci\u00f3n conmemor\u00f3 hoy, la Escuela Rep\u00fablica de Francia en una emotiva ceremonia que cont\u00f3 con la presencia de la comunidad educativa, de &nbsp;apoderados, y que estuvo encabezada por el alcalde Mauricio Carrasco y el Concejo Municipal en pleno.<\/p>\n<p>La escuela comenz\u00f3 a funcionar el 14 de agosto de 1970, como Escuela No 196 \u201cPorvenir\u201d, y sus instalaciones se ubican en un sector de Quintero, caracterizado por familias antiguas de la comuna que por generaciones han educado a sus hijos en este establecimiento.<\/p>\n<p>En la ceremonia, que fue engalanada por el tr\u00edo que ocup\u00f3 el tercer lugar en Festival de la Canci\u00f3n en ingl\u00e9s celebrado este a\u00f1o en la comuna, el taller infantil de danza y el discurso del presidente del Centro de Estudiantes, se reconoci\u00f3 a profesores y asistentes de la educaci\u00f3n por a\u00f1os de servicio.&nbsp; Por su parte, la directora subrogante, Marcela \u00c1lvarez Gonz\u00e1lez manifest\u00f3: \u201choy d\u00eda orgullosos, como comunidad educativa, celebrando los 49 a\u00f1os de vida de esta escuela, que significan una gran historia detr\u00e1s de las personas que de una u otra manera han aportado en formar personas integrales para la comuna y nuestro pa\u00eds, en lo afectivo, en lo social, y en forma especial en lo pedag\u00f3gico y as\u00ed lograr lo que nos propone el Ministerio de Educaci\u00f3n. Tambi\u00e9n buscamos que nuestros estudiantes se desarrollen en el \u00e1rea f\u00edsica y en la vida saludable\u201d, termin\u00f3 diciendo.<\/p>\n<p>El alcalde, Mauricio Carrasco, felicit\u00f3 la labor realizada, el esfuerzo sostenido de la direcci\u00f3n por entregar una educaci\u00f3n que haga de los ni\u00f1os y ni\u00f1as mejores personas, y record\u00f3 la inversi\u00f3n municipal a trav\u00e9s de recursos propios y del Mineduc para entregar cada d\u00eda m\u00e1s y mejores equipamientos para los estudiantes. Destac\u00f3 tambi\u00e9n el proyecto Beta implementado con PUCV para 30 alumnos escogidos, 10 de los cuales son de la Escuela Rep\u00fablica de Francia, y reiter\u00f3 el compromiso del traslado todos los viernes y s\u00e1bados en un bus municipal, a lo que se agregar\u00e1 ahora colaciones para todos ellos.<\/p>\n<p>Al cierre de la ceremonia, se inauguraron nuevos equipamientos para el&nbsp; Centro de Recursos para el Aprendizaje, CRA, y un sistema de audio que permite comunicar a todo el establecimiento, mantener una radio escolar y facilitar el desarrollo de las clases con puntos de internet y sonido.<\/p>\n<p>Actualmente, la Escuela Rep\u00fablica de Francia tiene educaci\u00f3n pre b\u00e1sica y b\u00e1sica completa dividida en 18 cursos con 89 profesionales de distintas especialidades, junto con ellos a trav\u00e9s del programa de integraci\u00f3n educacional, se cuenta con dos fonoaudi\u00f3logos, dos asistentes sociales y una nutricionista.<\/p>\n<p>Sus sellos educativos se caracterizan por el deporte y el ingl\u00e9s, y en cuanto a sus resultados acad\u00e9micos estos son excelentes por sus buenos puntajes en Simce. En lo deportivo, justamente hoy, el equipo femenino de b\u00e1squetbol de la escuela representa a la comuna en un provincial escolar.<\/p>\n<p><img decoding=\"async\" class=\" size-full wp-image-21937\" alt=\"IMG_9349.JPG\" src=\"https:\/\/www.muniquintero.cl\/wp-content\/uploads\/2019\/08\/IMG_9349.JPG\" style=\"\" width=\"2000\" height=\"1333\" srcset=\"https:\/\/www.muniquintero.cl\/wp-content\/uploads\/2019\/08\/IMG_9349.JPG 2000w, https:\/\/www.muniquintero.cl\/wp-content\/uploads\/2019\/08\/IMG_9349-300x200.jpg 300w, https:\/\/www.muniquintero.cl\/wp-content\/uploads\/2019\/08\/IMG_9349-1024x682.jpg 1024w, https:\/\/www.muniquintero.cl\/wp-content\/uploads\/2019\/08\/IMG_9349-768x512.jpg 768w, https:\/\/www.muniquintero.cl\/wp-content\/uploads\/2019\/08\/IMG_9349-1536x1024.jpg 1536w\" sizes=\"(max-width: 2000px) 100vw, 2000px\" \/><\/p>\n<p>&nbsp;<\/p>\n<p><img decoding=\"async\" class=\" size-full wp-image-21938\" alt=\"IMG_9352.JPG\" src=\"https:\/\/www.muniquintero.cl\/wp-content\/uploads\/2019\/08\/IMG_9352.JPG\" style=\"\" width=\"2000\" height=\"1333\" srcset=\"https:\/\/www.muniquintero.cl\/wp-content\/uploads\/2019\/08\/IMG_9352.JPG 2000w, https:\/\/www.muniquintero.cl\/wp-content\/uploads\/2019\/08\/IMG_9352-300x200.jpg 300w, https:\/\/www.muniquintero.cl\/wp-content\/uploads\/2019\/08\/IMG_9352-1024x682.jpg 1024w, https:\/\/www.muniquintero.cl\/wp-content\/uploads\/2019\/08\/IMG_9352-768x512.jpg 768w, https:\/\/www.muniquintero.cl\/wp-content\/uploads\/2019\/08\/IMG_9352-1536x1024.jpg 1536w\" sizes=\"(max-width: 2000px) 100vw, 2000px\" \/><\/p>\n<p>&nbsp;<\/p>\n<p><img loading=\"lazy\" decoding=\"async\" class=\" size-full wp-image-21939\" alt=\"IMG_9368.JPG\" src=\"https:\/\/www.muniquintero.cl\/wp-content\/uploads\/2019\/08\/IMG_9368.JPG\" style=\"\" width=\"2000\" height=\"1333\" srcset=\"https:\/\/www.muniquintero.cl\/wp-content\/uploads\/2019\/08\/IMG_9368.JPG 2000w, https:\/\/www.muniquintero.cl\/wp-content\/uploads\/2019\/08\/IMG_9368-300x200.jpg 300w, https:\/\/www.muniquintero.cl\/wp-content\/uploads\/2019\/08\/IMG_9368-1024x682.jpg 1024w, https:\/\/www.muniquintero.cl\/wp-content\/uploads\/2019\/08\/IMG_9368-768x512.jpg 768w, https:\/\/www.muniquintero.cl\/wp-content\/uploads\/2019\/08\/IMG_9368-1536x1024.jpg 1536w\" sizes=\"(max-width: 2000px) 100vw, 2000px\" \/><\/p>\n","protected":false},"excerpt":{"rendered":"<p>Su lema es \u201cdonde todos pueden aprender\u201d 49 a\u00f1os de su fundaci\u00f3n conmemor\u00f3 hoy, la Escuela Rep\u00fablica de Francia en una emotiva ceremonia que cont\u00f3 con la presencia de la comunidad educativa, de &nbsp;apoderados, y que estuvo encabezada por el alcalde Mauricio Carrasco y el Concejo Municipal en pleno. La escuela comenz\u00f3 a funcionar el [&hellip;]<\/p>\n","protected":false},"author":1,"featured_media":21936,"comment_status":"closed","ping_status":"closed","sticky":false,"template":"","format":"standard","meta":{"wds_primary_category":0,"footnotes":""},"categories":[2],"tags":[],"class_list":["post-21940","post","type-post","status-publish","format-standard","has-post-thumbnail","hentry","category-noticias"],"_links":{"self":[{"href":"https:\/\/www.muniquintero.cl\/index.php\/wp-json\/wp\/v2\/posts\/21940","targetHints":{"allow":["GET"]}}],"collection":[{"href":"https:\/\/www.muniquintero.cl\/index.php\/wp-json\/wp\/v2\/posts"}],"about":[{"href":"https:\/\/www.muniquintero.cl\/index.php\/wp-json\/wp\/v2\/types\/post"}],"author":[{"embeddable":true,"href":"https:\/\/www.muniquintero.cl\/index.php\/wp-json\/wp\/v2\/users\/1"}],"replies":[{"embeddable":true,"href":"https:\/\/www.muniquintero.cl\/index.php\/wp-json\/wp\/v2\/comments?post=21940"}],"version-history":[{"count":1,"href":"https:\/\/www.muniquintero.cl\/index.php\/wp-json\/wp\/v2\/posts\/21940\/revisions"}],"predecessor-version":[{"id":40179,"href":"https:\/\/www.muniquintero.cl\/index.php\/wp-json\/wp\/v2\/posts\/21940\/revisions\/40179"}],"wp:featuredmedia":[{"embeddable":true,"href":"https:\/\/www.muniquintero.cl\/index.php\/wp-json\/wp\/v2\/media\/21936"}],"wp:attachment":[{"href":"https:\/\/www.muniquintero.cl\/index.php\/wp-json\/wp\/v2\/media?parent=21940"}],"wp:term":[{"taxonomy":"category","embeddable":true,"href":"https:\/\/www.muniquintero.cl\/index.php\/wp-json\/wp\/v2\/categories?post=21940"},{"taxonomy":"post_tag","embeddable":true,"href":"https:\/\/www.muniquintero.cl\/index.php\/wp-json\/wp\/v2\/tags?post=21940"}],"curies":[{"name":"wp","href":"https:\/\/api.w.org\/{rel}","templated":true}]}}