{"id":21817,"date":"2019-04-17T20:59:09","date_gmt":"2019-04-18T00:59:09","guid":{"rendered":"https:\/\/www.muniquintero.cl\/index.php\/2019\/04\/17\/comunicado-i-municipalidad-de-quintero-2\/"},"modified":"2019-04-17T20:59:09","modified_gmt":"2019-04-18T00:59:09","slug":"comunicado-i-municipalidad-de-quintero-2","status":"publish","type":"post","link":"https:\/\/www.muniquintero.cl\/index.php\/2019\/04\/17\/comunicado-i-municipalidad-de-quintero-2\/","title":{"rendered":"Comunicado I. Municipalidad de Quintero"},"content":{"rendered":"<p><img fetchpriority=\"high\" decoding=\"async\" class=\" size-full wp-image-21793\" alt=\"Logo municipalidad horizontal.jpg\" src=\"https:\/\/www.muniquintero.cl\/wp-content\/uploads\/2019\/03\/Logo-municipalidad-horizontal.jpg\" width=\"2000\" height=\"902\" \/><\/p>\n<p>En relaci\u00f3n a informaci\u00f3n dada a conocer en Facebook el d\u00eda mi\u00e9rcoles 17 de abril por el concejal, Felipe Vergara, sobre un posible brote de enfermedades contagiosas en nuestra comuna, los ediles, Ana Cartes, Rolando Silva, Luis Gatica, Antonio Aguayo y&nbsp;Alfonso N\u00fa\u00f1ez, rechazan tajantemente la publicaci\u00f3n del concejal Vergara.<\/p>\n<p>Esto en virtud de que los casos de sarna que se han dado en algunos colegios y jardines infantiles de Quintero, corresponden a un n\u00famero menor de alumnos, no existiendo en ning\u00fan caso una situaci\u00f3n que amerite generar una alarma p\u00fablica. Este tema fue tratado hoy en el Concejo Municipal a trav\u00e9s del presidente de la Comisi\u00f3n de Educaci\u00f3n, concejal Antonio Aguayo, y tanto el DAEM como el Departamento de Salud Municipal, est\u00e1n entregando las indicaciones para el tratamiento adecuado en los sectores y casos focalizados.<\/p>\n","protected":false},"excerpt":{"rendered":"<p>En relaci\u00f3n a informaci\u00f3n dada a conocer en Facebook el d\u00eda mi\u00e9rcoles 17 de abril por el concejal, Felipe Vergara, sobre un posible brote de enfermedades contagiosas en nuestra comuna, los ediles, Ana Cartes, Rolando Silva, Luis Gatica, Antonio Aguayo y&nbsp;Alfonso N\u00fa\u00f1ez, rechazan tajantemente la publicaci\u00f3n del concejal Vergara. Esto en virtud de que los [&hellip;]<\/p>\n","protected":false},"author":1,"featured_media":21793,"comment_status":"closed","ping_status":"closed","sticky":false,"template":"","format":"standard","meta":{"wds_primary_category":0,"footnotes":""},"categories":[2],"tags":[],"class_list":["post-21817","post","type-post","status-publish","format-standard","has-post-thumbnail","hentry","category-noticias"],"_links":{"self":[{"href":"https:\/\/www.muniquintero.cl\/index.php\/wp-json\/wp\/v2\/posts\/21817","targetHints":{"allow":["GET"]}}],"collection":[{"href":"https:\/\/www.muniquintero.cl\/index.php\/wp-json\/wp\/v2\/posts"}],"about":[{"href":"https:\/\/www.muniquintero.cl\/index.php\/wp-json\/wp\/v2\/types\/post"}],"author":[{"embeddable":true,"href":"https:\/\/www.muniquintero.cl\/index.php\/wp-json\/wp\/v2\/users\/1"}],"replies":[{"embeddable":true,"href":"https:\/\/www.muniquintero.cl\/index.php\/wp-json\/wp\/v2\/comments?post=21817"}],"version-history":[{"count":0,"href":"https:\/\/www.muniquintero.cl\/index.php\/wp-json\/wp\/v2\/posts\/21817\/revisions"}],"wp:featuredmedia":[{"embeddable":true,"href":"https:\/\/www.muniquintero.cl\/index.php\/wp-json\/wp\/v2\/media\/21793"}],"wp:attachment":[{"href":"https:\/\/www.muniquintero.cl\/index.php\/wp-json\/wp\/v2\/media?parent=21817"}],"wp:term":[{"taxonomy":"category","embeddable":true,"href":"https:\/\/www.muniquintero.cl\/index.php\/wp-json\/wp\/v2\/categories?post=21817"},{"taxonomy":"post_tag","embeddable":true,"href":"https:\/\/www.muniquintero.cl\/index.php\/wp-json\/wp\/v2\/tags?post=21817"}],"curies":[{"name":"wp","href":"https:\/\/api.w.org\/{rel}","templated":true}]}}