{"id":21548,"date":"2019-02-08T12:59:10","date_gmt":"2019-02-08T16:59:10","guid":{"rendered":"https:\/\/www.muniquintero.cl\/?p=21548"},"modified":"2019-02-08T12:59:18","modified_gmt":"2019-02-08T16:59:18","slug":"mujeres-de-quintero-se-capacitaron-en-gestion-del-emprendimiento","status":"publish","type":"post","link":"https:\/\/www.muniquintero.cl\/index.php\/2019\/02\/08\/mujeres-de-quintero-se-capacitaron-en-gestion-del-emprendimiento\/","title":{"rendered":"Mujeres de Quintero se capacitaron en Gesti\u00f3n del Emprendimiento"},"content":{"rendered":"\n<p>El jueves 07 de Febrero se certificaron 18 vecinas de\nQuintero que participaron del Curso de Gesti\u00f3n del Emprendimiento, facilitado\npor&nbsp; el Servicio Nacional de Capacitaci\u00f3n\ny Empleo, la Municipalidad de Quintero y ejecutado por&nbsp; la Fundaci\u00f3n Luterana de Capacitaci\u00f3n.<\/p>\n\n\n\n<p>Alejandro Villarroel Castillo , Director Regional del Servicio Nacional de Capacitaci\u00f3n y Empleo SENCE, dijo que \u201ccuando el presidente Sebasti\u00e1n Pi\u00f1era indica que tenemos que ir apoyar a la gente que mas lo requiere, o generar programas de capacitaci\u00f3n a\u00a0 los que m\u00e1s lo requieren obviamente que muy bien encauzados est\u00e1n los recursos, (\u2026) aqu\u00ed ascendieron sobre los 15 millones\u00a0 de pesos, en la capacitaci\u00f3n de estas 20 mujeres que hoy recibieron su certificaci\u00f3n y que ojal\u00e1 lo puedan aprovechar en generar negocios y generar empleos, crecer y de alguna manera, que esto se transforme en un beneficio, no solamente para ellas como personas, sino que tambi\u00e9n, como madres, jefas de hogar y que esto se proyecte a su familia\u201d.<\/p>\n\n\n\n<p>En tanto Maritza Verdejo Acu\u00f1a, Directora de\nDesarrollo Comunitario, se\u00f1al\u00f3 que para el desarrollo de las clases, la\nmunicipalidad facilit\u00f3 de manera gratuita el espacio ocupado, &nbsp;destacando que las vecinas que se capacitaron,\npertenecen a un grupo de emprendedoras inscritas en la Unidad de Fomento\nProductivo, por lo que valor\u00f3 \u201cla importancia de estos cursos, para mejorar la\ncapacitaci\u00f3n y empleabilidad de las mujeres de la comuna\u201d.<\/p>\n\n\n\n<p>Erick Gonz\u00e1lez Gamboa, director de administraci\u00f3n de la Fundaci\u00f3n Luterana de Capacitaci\u00f3n, explic\u00f3 que el curso de Gesti\u00f3n del Emprendimiento ejecutado en la comuna de Quintero, certific\u00f3 a 18 de las 20 estudiantes, que cumplieron con las 108 horas de capacitaci\u00f3n en lectiva.<\/p>\n\n\n\n<figure class=\"wp-block-audio\"><audio controls src=\"https:\/\/www.muniquintero.cl\/wp-content\/uploads\/2019\/02\/ALEJANDRO-VILLAROEL-DIR-REG-SENCE.mp3\"><\/audio><figcaption>Alejandro Villarroel \/ Dir. Regional SENCE<\/figcaption><\/figure>\n\n\n\n<figure class=\"wp-block-audio\"><audio controls src=\"https:\/\/www.muniquintero.cl\/wp-content\/uploads\/2019\/02\/MARITZA-VERDEJO-DIDECO.mp3\"><\/audio><figcaption>Maritza Verdejo \/ DIDECO<\/figcaption><\/figure>\n\n\n\n<figure class=\"wp-block-audio\"><audio controls src=\"https:\/\/www.muniquintero.cl\/wp-content\/uploads\/2019\/02\/ERICK-GONZALEZ-OTEC-LUTERANA.mp3\"><\/audio><figcaption>Erick Gonz\u00e1lez \/ Otec Fundaci\u00f3n Luterana<\/figcaption><\/figure>\n\n\n\n<p> <\/p>\n\n\n\n<ul class=\"wp-block-gallery columns-3 is-cropped wp-block-gallery-1 is-layout-flex wp-block-gallery-is-layout-flex\"><li class=\"blocks-gallery-item\"><figure><img fetchpriority=\"high\" decoding=\"async\" width=\"1024\" height=\"681\" src=\"https:\/\/www.muniquintero.cl\/wp-content\/uploads\/2019\/02\/DSC_0004-1024x681.jpg\" alt=\"\" data-id=\"21553\" data-link=\"https:\/\/www.muniquintero.cl\/?attachment_id=21553\" class=\"wp-image-21553\" srcset=\"https:\/\/www.muniquintero.cl\/wp-content\/uploads\/2019\/02\/DSC_0004-1024x681.jpg 1024w, https:\/\/www.muniquintero.cl\/wp-content\/uploads\/2019\/02\/DSC_0004-300x199.jpg 300w, https:\/\/www.muniquintero.cl\/wp-content\/uploads\/2019\/02\/DSC_0004-768x511.jpg 768w\" sizes=\"(max-width: 1024px) 100vw, 1024px\" \/><\/figure><\/li><li class=\"blocks-gallery-item\"><figure><img decoding=\"async\" width=\"1024\" height=\"681\" src=\"https:\/\/www.muniquintero.cl\/wp-content\/uploads\/2019\/02\/DSC_0006-1024x681.jpg\" alt=\"\" data-id=\"21554\" data-link=\"https:\/\/www.muniquintero.cl\/?attachment_id=21554\" class=\"wp-image-21554\" srcset=\"https:\/\/www.muniquintero.cl\/wp-content\/uploads\/2019\/02\/DSC_0006-1024x681.jpg 1024w, https:\/\/www.muniquintero.cl\/wp-content\/uploads\/2019\/02\/DSC_0006-300x199.jpg 300w, https:\/\/www.muniquintero.cl\/wp-content\/uploads\/2019\/02\/DSC_0006-768x511.jpg 768w\" sizes=\"(max-width: 1024px) 100vw, 1024px\" \/><\/figure><\/li><li class=\"blocks-gallery-item\"><figure><img decoding=\"async\" width=\"1024\" height=\"681\" src=\"https:\/\/www.muniquintero.cl\/wp-content\/uploads\/2019\/02\/DSC_0010-1024x681.jpg\" alt=\"\" data-id=\"21555\" data-link=\"https:\/\/www.muniquintero.cl\/?attachment_id=21555\" class=\"wp-image-21555\" srcset=\"https:\/\/www.muniquintero.cl\/wp-content\/uploads\/2019\/02\/DSC_0010-1024x681.jpg 1024w, https:\/\/www.muniquintero.cl\/wp-content\/uploads\/2019\/02\/DSC_0010-300x199.jpg 300w, https:\/\/www.muniquintero.cl\/wp-content\/uploads\/2019\/02\/DSC_0010-768x511.jpg 768w\" sizes=\"(max-width: 1024px) 100vw, 1024px\" \/><\/figure><\/li><li class=\"blocks-gallery-item\"><figure><img loading=\"lazy\" decoding=\"async\" width=\"1024\" height=\"681\" src=\"https:\/\/www.muniquintero.cl\/wp-content\/uploads\/2019\/02\/DSC_0012-1024x681.jpg\" alt=\"\" data-id=\"21556\" data-link=\"https:\/\/www.muniquintero.cl\/?attachment_id=21556\" class=\"wp-image-21556\" srcset=\"https:\/\/www.muniquintero.cl\/wp-content\/uploads\/2019\/02\/DSC_0012-1024x681.jpg 1024w, https:\/\/www.muniquintero.cl\/wp-content\/uploads\/2019\/02\/DSC_0012-300x199.jpg 300w, https:\/\/www.muniquintero.cl\/wp-content\/uploads\/2019\/02\/DSC_0012-768x511.jpg 768w\" sizes=\"(max-width: 1024px) 100vw, 1024px\" \/><\/figure><\/li><li class=\"blocks-gallery-item\"><figure><img loading=\"lazy\" decoding=\"async\" width=\"1024\" height=\"681\" src=\"https:\/\/www.muniquintero.cl\/wp-content\/uploads\/2019\/02\/DSC_0018-1024x681.jpg\" alt=\"\" data-id=\"21557\" data-link=\"https:\/\/www.muniquintero.cl\/?attachment_id=21557\" class=\"wp-image-21557\" srcset=\"https:\/\/www.muniquintero.cl\/wp-content\/uploads\/2019\/02\/DSC_0018-1024x681.jpg 1024w, https:\/\/www.muniquintero.cl\/wp-content\/uploads\/2019\/02\/DSC_0018-300x199.jpg 300w, https:\/\/www.muniquintero.cl\/wp-content\/uploads\/2019\/02\/DSC_0018-768x511.jpg 768w\" sizes=\"(max-width: 1024px) 100vw, 1024px\" \/><\/figure><\/li><li class=\"blocks-gallery-item\"><figure><img loading=\"lazy\" decoding=\"async\" width=\"1024\" height=\"681\" src=\"https:\/\/www.muniquintero.cl\/wp-content\/uploads\/2019\/02\/DSC_0025-1024x681.jpg\" alt=\"\" data-id=\"21558\" data-link=\"https:\/\/www.muniquintero.cl\/?attachment_id=21558\" class=\"wp-image-21558\" srcset=\"https:\/\/www.muniquintero.cl\/wp-content\/uploads\/2019\/02\/DSC_0025-1024x681.jpg 1024w, https:\/\/www.muniquintero.cl\/wp-content\/uploads\/2019\/02\/DSC_0025-300x199.jpg 300w, https:\/\/www.muniquintero.cl\/wp-content\/uploads\/2019\/02\/DSC_0025-768x511.jpg 768w\" sizes=\"(max-width: 1024px) 100vw, 1024px\" \/><\/figure><\/li><li class=\"blocks-gallery-item\"><figure><img loading=\"lazy\" decoding=\"async\" width=\"1024\" height=\"681\" src=\"https:\/\/www.muniquintero.cl\/wp-content\/uploads\/2019\/02\/DSC_0029-1024x681.jpg\" alt=\"\" data-id=\"21559\" data-link=\"https:\/\/www.muniquintero.cl\/?attachment_id=21559\" class=\"wp-image-21559\" srcset=\"https:\/\/www.muniquintero.cl\/wp-content\/uploads\/2019\/02\/DSC_0029-1024x681.jpg 1024w, https:\/\/www.muniquintero.cl\/wp-content\/uploads\/2019\/02\/DSC_0029-300x199.jpg 300w, https:\/\/www.muniquintero.cl\/wp-content\/uploads\/2019\/02\/DSC_0029-768x511.jpg 768w\" sizes=\"(max-width: 1024px) 100vw, 1024px\" \/><\/figure><\/li><li class=\"blocks-gallery-item\"><figure><img loading=\"lazy\" decoding=\"async\" width=\"1024\" height=\"681\" src=\"https:\/\/www.muniquintero.cl\/wp-content\/uploads\/2019\/02\/DSC_0034-1024x681.jpg\" alt=\"\" data-id=\"21560\" data-link=\"https:\/\/www.muniquintero.cl\/?attachment_id=21560\" class=\"wp-image-21560\" srcset=\"https:\/\/www.muniquintero.cl\/wp-content\/uploads\/2019\/02\/DSC_0034-1024x681.jpg 1024w, https:\/\/www.muniquintero.cl\/wp-content\/uploads\/2019\/02\/DSC_0034-300x199.jpg 300w, https:\/\/www.muniquintero.cl\/wp-content\/uploads\/2019\/02\/DSC_0034-768x511.jpg 768w\" sizes=\"(max-width: 1024px) 100vw, 1024px\" \/><\/figure><\/li><\/ul>\n","protected":false},"excerpt":{"rendered":"<p>El jueves 07 de Febrero se certificaron 18 vecinas de Quintero que participaron del Curso de Gesti\u00f3n del Emprendimiento, facilitado por&nbsp; el Servicio Nacional de Capacitaci\u00f3n y Empleo, la Municipalidad de Quintero y ejecutado por&nbsp; la Fundaci\u00f3n Luterana de Capacitaci\u00f3n. Alejandro Villarroel Castillo , Director Regional del Servicio Nacional de Capacitaci\u00f3n y Empleo SENCE, dijo [&hellip;]<\/p>\n","protected":false},"author":4,"featured_media":21552,"comment_status":"closed","ping_status":"closed","sticky":false,"template":"","format":"standard","meta":{"wds_primary_category":0,"footnotes":""},"categories":[1],"tags":[],"class_list":["post-21548","post","type-post","status-publish","format-standard","has-post-thumbnail","hentry","category-municipalidad"],"_links":{"self":[{"href":"https:\/\/www.muniquintero.cl\/index.php\/wp-json\/wp\/v2\/posts\/21548","targetHints":{"allow":["GET"]}}],"collection":[{"href":"https:\/\/www.muniquintero.cl\/index.php\/wp-json\/wp\/v2\/posts"}],"about":[{"href":"https:\/\/www.muniquintero.cl\/index.php\/wp-json\/wp\/v2\/types\/post"}],"author":[{"embeddable":true,"href":"https:\/\/www.muniquintero.cl\/index.php\/wp-json\/wp\/v2\/users\/4"}],"replies":[{"embeddable":true,"href":"https:\/\/www.muniquintero.cl\/index.php\/wp-json\/wp\/v2\/comments?post=21548"}],"version-history":[{"count":1,"href":"https:\/\/www.muniquintero.cl\/index.php\/wp-json\/wp\/v2\/posts\/21548\/revisions"}],"predecessor-version":[{"id":21561,"href":"https:\/\/www.muniquintero.cl\/index.php\/wp-json\/wp\/v2\/posts\/21548\/revisions\/21561"}],"wp:featuredmedia":[{"embeddable":true,"href":"https:\/\/www.muniquintero.cl\/index.php\/wp-json\/wp\/v2\/media\/21552"}],"wp:attachment":[{"href":"https:\/\/www.muniquintero.cl\/index.php\/wp-json\/wp\/v2\/media?parent=21548"}],"wp:term":[{"taxonomy":"category","embeddable":true,"href":"https:\/\/www.muniquintero.cl\/index.php\/wp-json\/wp\/v2\/categories?post=21548"},{"taxonomy":"post_tag","embeddable":true,"href":"https:\/\/www.muniquintero.cl\/index.php\/wp-json\/wp\/v2\/tags?post=21548"}],"curies":[{"name":"wp","href":"https:\/\/api.w.org\/{rel}","templated":true}]}}