{"id":21140,"date":"2018-11-16T11:05:54","date_gmt":"2018-11-16T15:05:54","guid":{"rendered":"https:\/\/www.muniquintero.cl\/?p=21140"},"modified":"2018-11-16T11:05:54","modified_gmt":"2018-11-16T15:05:54","slug":"resultados-beca-deportiva-municipal-2018","status":"publish","type":"post","link":"https:\/\/www.muniquintero.cl\/index.php\/2018\/11\/16\/resultados-beca-deportiva-municipal-2018\/","title":{"rendered":"Resultados Beca Deportiva Municipal 2018"},"content":{"rendered":"<p>Atenci\u00f3n vecinos, compartimos ustedes los resultados de la postulaci\u00f3n a la Beca Deportiva 2018.\u00a0 Este beneficio municipal es una iniciativa del alcalde Mauricio Carrasco Pardo junto al Concejo Municipal y tiene como objetivo respaldar el desarrollo deportivo con miras al alto rendimiento, tanto de ni\u00f1os, ni\u00f1as, adolescentes y adultos, que tengan un desempe\u00f1o destacado o con proyecci\u00f3n en su respectiva disciplina.<\/p>\n<p>Felicitamos a nuestros talentos deportivos y los instamos a seguir dando lo mejor de s\u00ed para poner en alto el nombre de nuestra comuna.<\/p>\n<p>&nbsp;<\/p>\n<p><strong><em><u>Ca<\/u><\/em><\/strong><strong><u>tegor\u00eda de Proyecci\u00f3n<\/u><\/strong><\/p>\n<table width=\"453\">\n<tbody>\n<tr>\n<td width=\"159\">APELLIDOS<\/td>\n<td width=\"159\">NOMBRE<\/td>\n<td width=\"136\">RUT<\/td>\n<\/tr>\n<tr>\n<td width=\"159\">Aro Veliz<\/td>\n<td width=\"159\">Sebasti\u00e1n Nicol\u00e1s<\/td>\n<td width=\"136\">22.186.859-5<\/td>\n<\/tr>\n<tr>\n<td width=\"159\">Bascu\u00f1\u00e1n\u00a0 Valenzuela<\/td>\n<td width=\"159\">Nicol\u00e1s Ignacio<\/td>\n<td width=\"136\">19887914-2<\/td>\n<\/tr>\n<tr>\n<td width=\"159\">Bernal Cisterna<\/td>\n<td width=\"159\">Crist\u00f3bal Sebasti\u00e1n<\/td>\n<td width=\"136\">21.158.238-3<\/td>\n<\/tr>\n<tr>\n<td width=\"159\">Bernal Mart\u00ednez<\/td>\n<td width=\"159\">Maximiliano Antonio<\/td>\n<td width=\"136\">21.921.872-9<\/td>\n<\/tr>\n<tr>\n<td width=\"159\">Carvajal Flores<\/td>\n<td width=\"159\">Amanda Bel\u00e9n<\/td>\n<td width=\"136\">23.092.785-5<\/td>\n<\/tr>\n<tr>\n<td width=\"159\">Carvajal Ligue\u00f1o<\/td>\n<td width=\"159\">Mar\u00eda Jes\u00fas<\/td>\n<td width=\"136\">20.927.956-8<\/td>\n<\/tr>\n<tr>\n<td width=\"159\">D\u00edaz Veas<\/td>\n<td width=\"159\">Nicol\u00e1s Patricio<\/td>\n<td width=\"136\">20.938.526-0<\/td>\n<\/tr>\n<tr>\n<td width=\"159\">Fern\u00e1ndez D\u00edaz<\/td>\n<td width=\"159\">Antonella Iris<\/td>\n<td width=\"136\">22.701.765-1<\/td>\n<\/tr>\n<tr>\n<td width=\"159\">Guzm\u00e1n Pereira<\/td>\n<td width=\"159\">Emily Alejandra<\/td>\n<td width=\"136\">22.589.268-7<\/td>\n<\/tr>\n<tr>\n<td width=\"159\">Iturra Palma<\/td>\n<td width=\"159\">Sergio Andr\u00e9s<\/td>\n<td width=\"136\">18.396.653-7<\/td>\n<\/tr>\n<tr>\n<td width=\"159\">Lizama Prieto<\/td>\n<td width=\"159\">Thomas Adolfo<\/td>\n<td width=\"136\">21.234.485-0<\/td>\n<\/tr>\n<tr>\n<td width=\"159\">Maureira Salda\u00f1a<\/td>\n<td width=\"159\">\u00c1ngela Andrea<\/td>\n<td width=\"136\">21.382.328-0<\/td>\n<\/tr>\n<tr>\n<td width=\"159\">Palma Gonz\u00e1lez<\/td>\n<td width=\"159\">Sandra Del Carmen<\/td>\n<td width=\"136\">11.476.904-5<\/td>\n<\/tr>\n<tr>\n<td width=\"159\">Pardo Venegas<\/td>\n<td width=\"159\">Ayelen Monserrat<\/td>\n<td width=\"136\">22.383.141-9<\/td>\n<\/tr>\n<tr>\n<td width=\"159\">Pedrero Salda\u00f1a<\/td>\n<td width=\"159\">Escandra Karina<\/td>\n<td width=\"136\">20.650.970-8<\/td>\n<\/tr>\n<tr>\n<td width=\"159\">Pinnola Olivares<\/td>\n<td width=\"159\">Basti\u00e1n Francisco<\/td>\n<td width=\"136\">21.646.572-5<\/td>\n<\/tr>\n<tr>\n<td width=\"159\">Pizarro Aguilera<\/td>\n<td width=\"159\">Maximiliano Francisco<\/td>\n<td width=\"136\">22.514.752-3<\/td>\n<\/tr>\n<tr>\n<td width=\"159\">Pizarro Paredes<\/td>\n<td width=\"159\">Alan Benjam\u00edn<\/td>\n<td width=\"136\">23.155.589-7<\/td>\n<\/tr>\n<tr>\n<td width=\"159\">Reyes D\u00edaz<\/td>\n<td width=\"159\">Martina Paz<\/td>\n<td width=\"136\">21.940.096-9<\/td>\n<\/tr>\n<tr>\n<td width=\"159\">Roldan Godoy<\/td>\n<td width=\"159\">Jasmin Rafaela<\/td>\n<td width=\"136\">19.635.020-9<\/td>\n<\/tr>\n<tr>\n<td width=\"159\">Saito Valencia<\/td>\n<td width=\"159\">Naviki Naomi<\/td>\n<td width=\"136\">21.181.202-8<\/td>\n<\/tr>\n<tr>\n<td width=\"159\">Silva Davey<\/td>\n<td width=\"159\">Constanza Krischlayner\u00b4s<\/td>\n<td width=\"136\">22.295.025-2<\/td>\n<\/tr>\n<tr>\n<td width=\"159\">Verdejo Marchant<\/td>\n<td width=\"159\">Sof\u00eda Bel\u00e9n<\/td>\n<td width=\"136\">21.958.825-9<\/td>\n<\/tr>\n<\/tbody>\n<\/table>\n<p><strong><u>\u00a0<\/u><\/strong><\/p>\n<p><strong><em><u>Ca<\/u><\/em><\/strong><strong><u>tegor\u00eda de Alto Rendimiento<\/u><\/strong><\/p>\n<p>&nbsp;<\/p>\n<table width=\"453\">\n<tbody>\n<tr>\n<td width=\"165\">APELLIDOS<\/td>\n<td width=\"152\">NOMBRE<\/td>\n<td width=\"136\">RUT<\/td>\n<\/tr>\n<tr>\n<td width=\"165\">Araya Avil\u00e9s<\/td>\n<td width=\"152\">Antonella Ignacia<\/td>\n<td width=\"136\">22.361.218-0<\/td>\n<\/tr>\n<tr>\n<td width=\"165\">Arellano Gonz\u00e1lez<\/td>\n<td width=\"152\">Franco Marcelo<\/td>\n<td width=\"136\">22.402.664-1<\/td>\n<\/tr>\n<tr>\n<td width=\"165\">Bascu\u00f1\u00e1n Valenzuela<\/td>\n<td width=\"152\">Maximiliano Mat\u00edas<\/td>\n<td width=\"136\">20.745.968-2<\/td>\n<\/tr>\n<tr>\n<td width=\"165\">Beltr\u00e1n Gonz\u00e1lez<\/td>\n<td width=\"152\">Mat\u00edas Eduardo<\/td>\n<td width=\"136\">21.898.057-0<\/td>\n<\/tr>\n<tr>\n<td width=\"165\">Bernal Cisternas<\/td>\n<td width=\"152\">Mat\u00edas Eduardo<\/td>\n<td width=\"136\">19.972.625-0<\/td>\n<\/tr>\n<tr>\n<td width=\"165\">C\u00e1ceres Panes<\/td>\n<td width=\"152\">Sergio Omar<\/td>\n<td width=\"136\">10.469.624-4<\/td>\n<\/tr>\n<tr>\n<td width=\"165\">Cisterna Tapia<\/td>\n<td width=\"152\">Loreto Bel\u00e9n<\/td>\n<td width=\"136\">21.872.716-6<\/td>\n<\/tr>\n<tr>\n<td width=\"165\">Donoso Carrasco<\/td>\n<td width=\"152\">Brando Alejandro<\/td>\n<td width=\"136\">21.038.633-5<\/td>\n<\/tr>\n<tr>\n<td width=\"165\">Estrella Godoy<\/td>\n<td width=\"152\">Alondra Paz<\/td>\n<td width=\"136\">21.457.879-4<\/td>\n<\/tr>\n<tr>\n<td width=\"165\">Fern\u00e1ndez Ibarra<\/td>\n<td width=\"152\">Alexander German<\/td>\n<td width=\"136\">21.761300-0<\/td>\n<\/tr>\n<tr>\n<td width=\"165\">Hurtado Ojeda<\/td>\n<td width=\"152\">Ignacia Natalia<\/td>\n<td width=\"136\">21.645.703-k<\/td>\n<\/tr>\n<tr>\n<td width=\"165\">Aturra Palma<\/td>\n<td width=\"152\">Joaqu\u00edn<\/td>\n<td width=\"136\">20.972780-3<\/td>\n<\/tr>\n<tr>\n<td width=\"165\">Jorquera Ram\u00edrez<\/td>\n<td width=\"152\">Mat\u00edas Ignacio<\/td>\n<td width=\"136\">20.927.955-k<\/td>\n<\/tr>\n<tr>\n<td width=\"165\">L\u00f3pez Rossi<\/td>\n<td width=\"152\">Maximiliano Amaro<\/td>\n<td width=\"136\">22.451.266-k<\/td>\n<\/tr>\n<tr>\n<td width=\"165\">Lucero Roldan<\/td>\n<td width=\"152\">Francisca Ignacia<\/td>\n<td width=\"136\">20.970.986-4<\/td>\n<\/tr>\n<tr>\n<td width=\"165\">Marchant Escobar<\/td>\n<td width=\"152\">Bat\u00edan Alexander<\/td>\n<td width=\"136\">20.941.099-0<\/td>\n<\/tr>\n<tr>\n<td width=\"165\">Mart\u00ednez Vargas<\/td>\n<td width=\"152\">Lisvey Del Pilar<\/td>\n<td width=\"136\">12.377.499-k<\/td>\n<\/tr>\n<tr>\n<td width=\"165\">Medrano Astudillo<\/td>\n<td width=\"152\">Camila Isidora<\/td>\n<td width=\"136\">20.878.004-2<\/td>\n<\/tr>\n<tr>\n<td width=\"165\">Pinnola Olivares<\/td>\n<td width=\"152\">Juan Ignacio<\/td>\n<td width=\"136\">19.193.832-1<\/td>\n<\/tr>\n<tr>\n<td width=\"165\">Rodr\u00edguez Matteo<\/td>\n<td width=\"152\">Juanita In\u00e9s<\/td>\n<td width=\"136\">23.026.435-k<\/td>\n<\/tr>\n<tr>\n<td width=\"165\">Rodr\u00edguez Yeuto<\/td>\n<td width=\"152\">Diego Alexis<\/td>\n<td width=\"136\">21196,470-7<\/td>\n<\/tr>\n<tr>\n<td width=\"165\">Saavedra Urrutia<\/td>\n<td width=\"152\">Catalina de Los \u00c1ngeles<\/td>\n<td width=\"136\">16.065.034-6<\/td>\n<\/tr>\n<tr>\n<td width=\"165\">Sep\u00falveda Fern\u00e1ndez<\/td>\n<td width=\"152\">Janela Ignacia<\/td>\n<td width=\"136\">21.590.120-3<\/td>\n<\/tr>\n<tr>\n<td width=\"165\">Sep\u00falveda Pinto<\/td>\n<td width=\"152\">Daniel Alonso<\/td>\n<td width=\"136\">20.270.580-4<\/td>\n<\/tr>\n<tr>\n<td width=\"165\">Silva Calder\u00f3n<\/td>\n<td width=\"152\">Antonia Camila<\/td>\n<td width=\"136\">22.652.111-9<\/td>\n<\/tr>\n<tr>\n<td width=\"165\">Tchivikov Burgue\u00f1o<\/td>\n<td width=\"152\">Catalina Alexandra<\/td>\n<td width=\"136\">20.482.091-0<\/td>\n<\/tr>\n<tr>\n<td width=\"165\">Toledo Huaman<\/td>\n<td width=\"152\">Constanza Trinidad<\/td>\n<td width=\"136\">22.528.585-3<\/td>\n<\/tr>\n<tr>\n<td width=\"165\">Veliz Arredondo<\/td>\n<td width=\"152\">Iv\u00e1n Adolfo<\/td>\n<td width=\"136\">15.083.741-3<\/td>\n<\/tr>\n<tr>\n<td width=\"165\">Veliz Ortiz<\/td>\n<td width=\"152\">Juan Adolfo<\/td>\n<td width=\"136\">10.626.459-7<\/td>\n<\/tr>\n<tr>\n<td width=\"165\">Zamora Marchant<\/td>\n<td width=\"152\">Stian John<\/td>\n<td width=\"136\">20.946.266-4<\/td>\n<\/tr>\n<\/tbody>\n<\/table>\n<p>&nbsp;<\/p>\n<p><strong><u>Categor\u00eda Internacional <\/u><\/strong><\/p>\n<table width=\"453\">\n<tbody>\n<tr>\n<td width=\"170\">APELLIDOS<\/td>\n<td width=\"151\">NOMBRE<\/td>\n<td width=\"132\">RUT<\/td>\n<\/tr>\n<tr>\n<td width=\"170\">Bernal Coppo<\/td>\n<td width=\"151\">\u00a0Juan Gerardo<\/td>\n<td width=\"132\">8848088-0<\/td>\n<\/tr>\n<\/tbody>\n<\/table>\n<p><strong><u>\u00a0<\/u><\/strong><\/p>\n","protected":false},"excerpt":{"rendered":"<p>Atenci\u00f3n vecinos, compartimos ustedes los resultados de la postulaci\u00f3n a la Beca Deportiva 2018.\u00a0 Este beneficio municipal es una iniciativa del alcalde Mauricio Carrasco Pardo junto al Concejo Municipal y tiene como objetivo respaldar el desarrollo deportivo con miras al alto rendimiento, tanto de ni\u00f1os, ni\u00f1as, adolescentes y adultos, que tengan un desempe\u00f1o destacado o [&hellip;]<\/p>\n","protected":false},"author":4,"featured_media":20957,"comment_status":"closed","ping_status":"closed","sticky":false,"template":"","format":"standard","meta":{"wds_primary_category":0,"footnotes":""},"categories":[1,2],"tags":[],"class_list":["post-21140","post","type-post","status-publish","format-standard","has-post-thumbnail","hentry","category-municipalidad","category-noticias"],"_links":{"self":[{"href":"https:\/\/www.muniquintero.cl\/index.php\/wp-json\/wp\/v2\/posts\/21140","targetHints":{"allow":["GET"]}}],"collection":[{"href":"https:\/\/www.muniquintero.cl\/index.php\/wp-json\/wp\/v2\/posts"}],"about":[{"href":"https:\/\/www.muniquintero.cl\/index.php\/wp-json\/wp\/v2\/types\/post"}],"author":[{"embeddable":true,"href":"https:\/\/www.muniquintero.cl\/index.php\/wp-json\/wp\/v2\/users\/4"}],"replies":[{"embeddable":true,"href":"https:\/\/www.muniquintero.cl\/index.php\/wp-json\/wp\/v2\/comments?post=21140"}],"version-history":[{"count":1,"href":"https:\/\/www.muniquintero.cl\/index.php\/wp-json\/wp\/v2\/posts\/21140\/revisions"}],"predecessor-version":[{"id":21141,"href":"https:\/\/www.muniquintero.cl\/index.php\/wp-json\/wp\/v2\/posts\/21140\/revisions\/21141"}],"wp:featuredmedia":[{"embeddable":true,"href":"https:\/\/www.muniquintero.cl\/index.php\/wp-json\/wp\/v2\/media\/20957"}],"wp:attachment":[{"href":"https:\/\/www.muniquintero.cl\/index.php\/wp-json\/wp\/v2\/media?parent=21140"}],"wp:term":[{"taxonomy":"category","embeddable":true,"href":"https:\/\/www.muniquintero.cl\/index.php\/wp-json\/wp\/v2\/categories?post=21140"},{"taxonomy":"post_tag","embeddable":true,"href":"https:\/\/www.muniquintero.cl\/index.php\/wp-json\/wp\/v2\/tags?post=21140"}],"curies":[{"name":"wp","href":"https:\/\/api.w.org\/{rel}","templated":true}]}}