{"id":21126,"date":"2018-11-14T15:51:38","date_gmt":"2018-11-14T19:51:38","guid":{"rendered":"https:\/\/www.muniquintero.cl\/?p=21126"},"modified":"2018-11-14T15:51:38","modified_gmt":"2018-11-14T19:51:38","slug":"42-organizaciones-sociales-se-adjudicaron-fondo-municipal-2018","status":"publish","type":"post","link":"https:\/\/www.muniquintero.cl\/index.php\/2018\/11\/14\/42-organizaciones-sociales-se-adjudicaron-fondo-municipal-2018\/","title":{"rendered":"42 Organizaciones Sociales se adjudicaron Fondo Municipal 2018"},"content":{"rendered":"<p>La Municipalidad de Quintero a trav\u00e9s del Alcalde Mauricio Carrasco Pardo y el Concejo Municipal, en su permanente compromiso con las organizaciones sociales de la comuna, en el d\u00eda de hoy aprobaron los proyectos que fueron postulados al Fondo Social y Comunitario Municipal 2018.<\/p>\n<p>Estos fondos favorecieron a un total de 42 Organizaciones Funcionales y Territoriales, con un total asignado de $24.054.305 pesos.<\/p>\n<p>Las Organizaciones favorecidas, cumplieron con los requisitos de admisibilidad en documentaci\u00f3n y el puntaje m\u00ednimo de 80 puntos, como se detalla a continuaci\u00f3n:<\/p>\n<p><a href=\"https:\/\/www.muniquintero.cl\/wp-content\/uploads\/2018\/11\/Pauta-Evaluacio\u0301n-Fondo-Social-y-Comunitario-Municipal-2018.-Final_000.jpg\"><img fetchpriority=\"high\" decoding=\"async\" class=\"aligncenter size-large wp-image-21127\" src=\"https:\/\/www.muniquintero.cl\/wp-content\/uploads\/2018\/11\/Pauta-Evaluacio\u0301n-Fondo-Social-y-Comunitario-Municipal-2018.-Final_000-1024x670.jpg\" alt=\"\" width=\"800\" height=\"523\" srcset=\"https:\/\/www.muniquintero.cl\/wp-content\/uploads\/2018\/11\/Pauta-Evaluacio\u0301n-Fondo-Social-y-Comunitario-Municipal-2018.-Final_000-1024x670.jpg 1024w, https:\/\/www.muniquintero.cl\/wp-content\/uploads\/2018\/11\/Pauta-Evaluacio\u0301n-Fondo-Social-y-Comunitario-Municipal-2018.-Final_000-300x196.jpg 300w, https:\/\/www.muniquintero.cl\/wp-content\/uploads\/2018\/11\/Pauta-Evaluacio\u0301n-Fondo-Social-y-Comunitario-Municipal-2018.-Final_000-768x503.jpg 768w\" sizes=\"(max-width: 800px) 100vw, 800px\" \/><\/a> <a href=\"https:\/\/www.muniquintero.cl\/wp-content\/uploads\/2018\/11\/Pauta-Evaluacio\u0301n-Fondo-Social-y-Comunitario-Municipal-2018.-Final_001.jpg\"><img decoding=\"async\" class=\"aligncenter size-large wp-image-21128\" src=\"https:\/\/www.muniquintero.cl\/wp-content\/uploads\/2018\/11\/Pauta-Evaluacio\u0301n-Fondo-Social-y-Comunitario-Municipal-2018.-Final_001-1024x670.jpg\" alt=\"\" width=\"800\" height=\"523\" srcset=\"https:\/\/www.muniquintero.cl\/wp-content\/uploads\/2018\/11\/Pauta-Evaluacio\u0301n-Fondo-Social-y-Comunitario-Municipal-2018.-Final_001-1024x670.jpg 1024w, https:\/\/www.muniquintero.cl\/wp-content\/uploads\/2018\/11\/Pauta-Evaluacio\u0301n-Fondo-Social-y-Comunitario-Municipal-2018.-Final_001-300x196.jpg 300w, https:\/\/www.muniquintero.cl\/wp-content\/uploads\/2018\/11\/Pauta-Evaluacio\u0301n-Fondo-Social-y-Comunitario-Municipal-2018.-Final_001-768x503.jpg 768w\" sizes=\"(max-width: 800px) 100vw, 800px\" \/><\/a> <a href=\"https:\/\/www.muniquintero.cl\/wp-content\/uploads\/2018\/11\/Pauta-Evaluacio\u0301n-Fondo-Social-y-Comunitario-Municipal-2018.-Final_002.jpg\"><img decoding=\"async\" class=\"aligncenter size-large wp-image-21129\" src=\"https:\/\/www.muniquintero.cl\/wp-content\/uploads\/2018\/11\/Pauta-Evaluacio\u0301n-Fondo-Social-y-Comunitario-Municipal-2018.-Final_002-1024x670.jpg\" alt=\"\" width=\"800\" height=\"523\" srcset=\"https:\/\/www.muniquintero.cl\/wp-content\/uploads\/2018\/11\/Pauta-Evaluacio\u0301n-Fondo-Social-y-Comunitario-Municipal-2018.-Final_002-1024x670.jpg 1024w, https:\/\/www.muniquintero.cl\/wp-content\/uploads\/2018\/11\/Pauta-Evaluacio\u0301n-Fondo-Social-y-Comunitario-Municipal-2018.-Final_002-300x196.jpg 300w, https:\/\/www.muniquintero.cl\/wp-content\/uploads\/2018\/11\/Pauta-Evaluacio\u0301n-Fondo-Social-y-Comunitario-Municipal-2018.-Final_002-768x503.jpg 768w\" sizes=\"(max-width: 800px) 100vw, 800px\" \/><\/a> <a href=\"https:\/\/www.muniquintero.cl\/wp-content\/uploads\/2018\/11\/Pauta-Evaluacio\u0301n-Fondo-Social-y-Comunitario-Municipal-2018.-Final_003.jpg\"><img loading=\"lazy\" decoding=\"async\" class=\"aligncenter size-large wp-image-21130\" src=\"https:\/\/www.muniquintero.cl\/wp-content\/uploads\/2018\/11\/Pauta-Evaluacio\u0301n-Fondo-Social-y-Comunitario-Municipal-2018.-Final_003-1024x670.jpg\" alt=\"\" width=\"800\" height=\"523\" srcset=\"https:\/\/www.muniquintero.cl\/wp-content\/uploads\/2018\/11\/Pauta-Evaluacio\u0301n-Fondo-Social-y-Comunitario-Municipal-2018.-Final_003-1024x670.jpg 1024w, https:\/\/www.muniquintero.cl\/wp-content\/uploads\/2018\/11\/Pauta-Evaluacio\u0301n-Fondo-Social-y-Comunitario-Municipal-2018.-Final_003-300x196.jpg 300w, https:\/\/www.muniquintero.cl\/wp-content\/uploads\/2018\/11\/Pauta-Evaluacio\u0301n-Fondo-Social-y-Comunitario-Municipal-2018.-Final_003-768x503.jpg 768w\" sizes=\"(max-width: 800px) 100vw, 800px\" \/><\/a> <a href=\"https:\/\/www.muniquintero.cl\/wp-content\/uploads\/2018\/11\/Pauta-Evaluacio\u0301n-Fondo-Social-y-Comunitario-Municipal-2018.-Final_004.jpg\"><img loading=\"lazy\" decoding=\"async\" class=\"aligncenter size-large wp-image-21131\" src=\"https:\/\/www.muniquintero.cl\/wp-content\/uploads\/2018\/11\/Pauta-Evaluacio\u0301n-Fondo-Social-y-Comunitario-Municipal-2018.-Final_004-1024x670.jpg\" alt=\"\" width=\"800\" height=\"523\" srcset=\"https:\/\/www.muniquintero.cl\/wp-content\/uploads\/2018\/11\/Pauta-Evaluacio\u0301n-Fondo-Social-y-Comunitario-Municipal-2018.-Final_004-1024x670.jpg 1024w, https:\/\/www.muniquintero.cl\/wp-content\/uploads\/2018\/11\/Pauta-Evaluacio\u0301n-Fondo-Social-y-Comunitario-Municipal-2018.-Final_004-300x196.jpg 300w, https:\/\/www.muniquintero.cl\/wp-content\/uploads\/2018\/11\/Pauta-Evaluacio\u0301n-Fondo-Social-y-Comunitario-Municipal-2018.-Final_004-768x503.jpg 768w\" sizes=\"(max-width: 800px) 100vw, 800px\" \/><\/a><\/p>\n<p>&nbsp;<\/p>\n<p>&nbsp;<\/p>\n<p>&nbsp;<\/p>\n<p>&nbsp;<\/p>\n","protected":false},"excerpt":{"rendered":"<p>La Municipalidad de Quintero a trav\u00e9s del Alcalde Mauricio Carrasco Pardo y el Concejo Municipal, en su permanente compromiso con las organizaciones sociales de la comuna, en el d\u00eda de hoy aprobaron los proyectos que fueron postulados al Fondo Social y Comunitario Municipal 2018. Estos fondos favorecieron a un total de 42 Organizaciones Funcionales y [&hellip;]<\/p>\n","protected":false},"author":4,"featured_media":20852,"comment_status":"closed","ping_status":"closed","sticky":false,"template":"","format":"standard","meta":{"wds_primary_category":0,"footnotes":""},"categories":[1,2],"tags":[],"class_list":["post-21126","post","type-post","status-publish","format-standard","has-post-thumbnail","hentry","category-municipalidad","category-noticias"],"_links":{"self":[{"href":"https:\/\/www.muniquintero.cl\/index.php\/wp-json\/wp\/v2\/posts\/21126","targetHints":{"allow":["GET"]}}],"collection":[{"href":"https:\/\/www.muniquintero.cl\/index.php\/wp-json\/wp\/v2\/posts"}],"about":[{"href":"https:\/\/www.muniquintero.cl\/index.php\/wp-json\/wp\/v2\/types\/post"}],"author":[{"embeddable":true,"href":"https:\/\/www.muniquintero.cl\/index.php\/wp-json\/wp\/v2\/users\/4"}],"replies":[{"embeddable":true,"href":"https:\/\/www.muniquintero.cl\/index.php\/wp-json\/wp\/v2\/comments?post=21126"}],"version-history":[{"count":1,"href":"https:\/\/www.muniquintero.cl\/index.php\/wp-json\/wp\/v2\/posts\/21126\/revisions"}],"predecessor-version":[{"id":21132,"href":"https:\/\/www.muniquintero.cl\/index.php\/wp-json\/wp\/v2\/posts\/21126\/revisions\/21132"}],"wp:featuredmedia":[{"embeddable":true,"href":"https:\/\/www.muniquintero.cl\/index.php\/wp-json\/wp\/v2\/media\/20852"}],"wp:attachment":[{"href":"https:\/\/www.muniquintero.cl\/index.php\/wp-json\/wp\/v2\/media?parent=21126"}],"wp:term":[{"taxonomy":"category","embeddable":true,"href":"https:\/\/www.muniquintero.cl\/index.php\/wp-json\/wp\/v2\/categories?post=21126"},{"taxonomy":"post_tag","embeddable":true,"href":"https:\/\/www.muniquintero.cl\/index.php\/wp-json\/wp\/v2\/tags?post=21126"}],"curies":[{"name":"wp","href":"https:\/\/api.w.org\/{rel}","templated":true}]}}