{"id":20987,"date":"2018-10-18T15:12:45","date_gmt":"2018-10-18T19:12:45","guid":{"rendered":"https:\/\/www.muniquintero.cl\/?p=20987"},"modified":"2018-10-18T15:32:13","modified_gmt":"2018-10-18T19:32:13","slug":"vecinos-y-turistas-podran-conocer-la-bahia-de-quintero-desde-el-mar","status":"publish","type":"post","link":"https:\/\/www.muniquintero.cl\/index.php\/2018\/10\/18\/vecinos-y-turistas-podran-conocer-la-bahia-de-quintero-desde-el-mar\/","title":{"rendered":"Vecinos y turistas podr\u00e1n conocer la bah\u00eda de Quintero desde el mar"},"content":{"rendered":"<p class=\"p1\"><span class=\"s1\"><i>Proyecto piloto capacitar\u00e1 a familias de pescadores para realizar paseos en sus embarcaciones para mostrar los diversos atractivos de la comuna<\/i><\/span><\/p>\n<p class=\"p1\"><span class=\"s1\">Con el fin de recuperar las potencialidades que ofrece el turismo en la comuna, la Municipalidad de Quintero, junto a la Capitan\u00eda de Puerto y la Corporaci\u00f3n de Cultura y Turismo de Quintero, implementar\u00e1 el proyecto denominado \u201cPromoci\u00f3n tur\u00edstica para pescadores artesanales de Quintero\u201d, que permitir\u00e1 capacitar a familiares de pescadores para realizar paseos tur\u00edsticos en embarcaciones de pesca artesanal. <\/span><\/p>\n<p class=\"p1\"><span class=\"s1\">Adem\u00e1s, se sumar\u00e1n recorridos tur\u00edsticos terrestres, de manera gratuita, que estar\u00e1n a cargo de la Municipalidad y degustaciones, en todas las caletas de pescadores de la comuna que est\u00e1n participando en el proyecto, con platos t\u00edpicos con productos marinos. <\/span><\/p>\n<p class=\"p1\"><span class=\"s1\">La iniciativa cuenta con el apoyo del alcalde, Mauricio Carrasco Pardo, las unidades municipales de Fomento Productivo, Oficina Municipal de Intermediaci\u00f3n Laboral, Comunicaciones, Patrimonio, la Corporaci\u00f3n Municipal de Cultura y Turismo y la Capitan\u00eda de Puerto de Quintero y ser\u00e1 lanzada el pr\u00f3ximo mi\u00e9rcoles, 24 de octubre, y contempla capacitaciones para que las personas interesadas adquieran las competencias necesarias para prestar los distintos servicios tur\u00edsticos.<\/span><\/p>\n<p class=\"p1\"><span class=\"s1\">La directora de la Direcci\u00f3n de Desarrollo Comunitario de la Municipalidad de Quintero, Maritza Verdejo, realiz\u00f3 un recorrido por la bah\u00eda junto al capit\u00e1n de puerto de dicha comuna, capit\u00e1n de fragata litoral, Dinson Baack y representantes de la Corporaci\u00f3n Municipal de Cultura y Turismo, para afinar los detalles del proyecto.<\/span><\/p>\n<p class=\"p1\"><span class=\"s1\">Tras el viaje marino, la directora municipal coment\u00f3 que <b><i>\u201ca mi me encant\u00f3, ahora nos encontramos ac\u00e1 con toda la gente que est\u00e1 trabajando en nuestro piloto que lo vamos a dar a conocer pronto, estamos con el capit\u00e1n de puerto que es el \u201cdue\u00f1o de casa\u201d, hicimos el recorrido de lo que vamos a presentar en la inauguraci\u00f3n de este piloto que est\u00e1 pensado en los pescadores y especialmente en sus familias. Es algo muy bonito y l\u00fadico, tenemos a tres personas que van hacer la parte hist\u00f3rica, as\u00ed que va a ser algo muy entretenido para hacer nuestros paseos por el borde costero\u201d.<\/i><\/b><\/span><\/p>\n<p class=\"p1\"><span class=\"s1\">Adem\u00e1s, la funcionario explic\u00f3 que <b><i>\u201cla idea es capacitar a la gente para que lo pueda hacer y estoy segura que va a ser muy beneficioso, sobre todo en los momentos que estamos ahora en Quintero. En el recorrido hay varias parte que recuerdan el tema del amor, as\u00ed que las personas que tienen a\u00f1oranzas de Quintero lo van a ver y nuestros relatores lo ir\u00e1n mencionando, queremos que as\u00ed siga siendo y que pasemos este mal momento\u201d.<\/i><\/b><\/span><\/p>\n<p class=\"p1\"><span class=\"s1\">Por su parte, el capit\u00e1n de puerto de Quintero, capit\u00e1n de fragata litoral, Dinson Baack, se\u00f1al\u00f3 que \u201c<b><i>la capitan\u00eda de puerto ve una parte bastante menor a lo que tiene que hacer la municipalidad, el fuerte se lo llevan ellos, sobre todo, lo que es la instrucci\u00f3n a operadores tur\u00edsticos que se van a embarcar en las naves de los pescadores para poder mostrar todas las bondades que tiene Quintero, hay mucho que mostrar, hay muchos atractivos que sin duda deben ser visitados por los turistas y el esp\u00edritu de esto es b\u00e1sicamente, poder darlo a conocer a trav\u00e9s de las familias, de los hijos de los pescadores que quieran trabajar despu\u00e9s de los estudios durante el a\u00f1o y poder embarcarse, sobre todo ya que estamos cerca del verano\u201d<\/i><\/b><\/span><\/p>\n<p class=\"p1\"><span class=\"s1\">Junto a lo anterior, el uniformado hizo un llamado para que los turistas visiten y disfruten los atractivos de Quintero, <b><i>\u201cm\u00e1s que nada, hacer un llamado a que vengan a Quintero, yo creo que las playas m\u00e1s lindas de la Quinta Regi\u00f3n est\u00e1n ac\u00e1, la gastronom\u00eda es de muy buen nivel, hay muchos aspectos que deben ser explorados y lo que est\u00e1 haciendo la autoridad comunal es poder linkear todo lo que es el circuito tur\u00edstico con esta actividad mar\u00edtima que va a mostrar otra cara de Quintero desde el mar\u201d.<\/i><\/b><\/span><\/p>\n<div id='gallery-1' class='gallery galleryid-20987 gallery-columns-3 gallery-size-thumbnail'><figure class='gallery-item'>\n\t\t\t<div class='gallery-icon landscape'>\n\t\t\t\t<a href='https:\/\/www.muniquintero.cl\/index.php\/2018\/10\/18\/vecinos-y-turistas-podran-conocer-la-bahia-de-quintero-desde-el-mar\/dsc_0657\/'><img decoding=\"async\" width=\"150\" height=\"150\" src=\"https:\/\/www.muniquintero.cl\/wp-content\/uploads\/2018\/10\/DSC_0657-150x150.jpg\" class=\"attachment-thumbnail size-thumbnail\" alt=\"\" \/><\/a>\n\t\t\t<\/div><\/figure><figure class='gallery-item'>\n\t\t\t<div class='gallery-icon landscape'>\n\t\t\t\t<a href='https:\/\/www.muniquintero.cl\/index.php\/2018\/10\/18\/vecinos-y-turistas-podran-conocer-la-bahia-de-quintero-desde-el-mar\/dsc_0595-2\/'><img decoding=\"async\" width=\"150\" height=\"150\" src=\"https:\/\/www.muniquintero.cl\/wp-content\/uploads\/2018\/10\/DSC_0595-1-150x150.jpg\" class=\"attachment-thumbnail size-thumbnail\" alt=\"\" \/><\/a>\n\t\t\t<\/div><\/figure><figure class='gallery-item'>\n\t\t\t<div class='gallery-icon landscape'>\n\t\t\t\t<a href='https:\/\/www.muniquintero.cl\/index.php\/2018\/10\/18\/vecinos-y-turistas-podran-conocer-la-bahia-de-quintero-desde-el-mar\/dsc_0463\/'><img decoding=\"async\" width=\"150\" height=\"150\" src=\"https:\/\/www.muniquintero.cl\/wp-content\/uploads\/2018\/10\/DSC_0463-150x150.jpg\" class=\"attachment-thumbnail size-thumbnail\" alt=\"\" \/><\/a>\n\t\t\t<\/div><\/figure><figure class='gallery-item'>\n\t\t\t<div class='gallery-icon landscape'>\n\t\t\t\t<a href='https:\/\/www.muniquintero.cl\/index.php\/2018\/10\/18\/vecinos-y-turistas-podran-conocer-la-bahia-de-quintero-desde-el-mar\/dsc_0456-2\/'><img loading=\"lazy\" decoding=\"async\" width=\"150\" height=\"150\" src=\"https:\/\/www.muniquintero.cl\/wp-content\/uploads\/2018\/10\/DSC_0456-1-150x150.jpg\" class=\"attachment-thumbnail size-thumbnail\" alt=\"\" \/><\/a>\n\t\t\t<\/div><\/figure><figure class='gallery-item'>\n\t\t\t<div class='gallery-icon landscape'>\n\t\t\t\t<a href='https:\/\/www.muniquintero.cl\/index.php\/2018\/10\/18\/vecinos-y-turistas-podran-conocer-la-bahia-de-quintero-desde-el-mar\/dsc_0427\/'><img loading=\"lazy\" decoding=\"async\" width=\"150\" height=\"150\" src=\"https:\/\/www.muniquintero.cl\/wp-content\/uploads\/2018\/10\/DSC_0427-150x150.jpg\" class=\"attachment-thumbnail size-thumbnail\" alt=\"\" \/><\/a>\n\t\t\t<\/div><\/figure><figure class='gallery-item'>\n\t\t\t<div class='gallery-icon landscape'>\n\t\t\t\t<a href='https:\/\/www.muniquintero.cl\/index.php\/2018\/10\/18\/vecinos-y-turistas-podran-conocer-la-bahia-de-quintero-desde-el-mar\/dsc_0408\/'><img loading=\"lazy\" decoding=\"async\" width=\"150\" height=\"150\" src=\"https:\/\/www.muniquintero.cl\/wp-content\/uploads\/2018\/10\/DSC_0408-150x150.jpg\" class=\"attachment-thumbnail size-thumbnail\" alt=\"\" \/><\/a>\n\t\t\t<\/div><\/figure><figure class='gallery-item'>\n\t\t\t<div class='gallery-icon landscape'>\n\t\t\t\t<a href='https:\/\/www.muniquintero.cl\/index.php\/2018\/10\/18\/vecinos-y-turistas-podran-conocer-la-bahia-de-quintero-desde-el-mar\/dsc_0394\/'><img loading=\"lazy\" decoding=\"async\" width=\"150\" height=\"150\" src=\"https:\/\/www.muniquintero.cl\/wp-content\/uploads\/2018\/10\/DSC_0394-150x150.jpg\" class=\"attachment-thumbnail size-thumbnail\" alt=\"\" \/><\/a>\n\t\t\t<\/div><\/figure><figure class='gallery-item'>\n\t\t\t<div class='gallery-icon landscape'>\n\t\t\t\t<a href='https:\/\/www.muniquintero.cl\/index.php\/2018\/10\/18\/vecinos-y-turistas-podran-conocer-la-bahia-de-quintero-desde-el-mar\/dsc_0380\/'><img loading=\"lazy\" decoding=\"async\" width=\"150\" height=\"150\" src=\"https:\/\/www.muniquintero.cl\/wp-content\/uploads\/2018\/10\/DSC_0380-150x150.jpg\" class=\"attachment-thumbnail size-thumbnail\" alt=\"\" \/><\/a>\n\t\t\t<\/div><\/figure>\n\t\t<\/div>\n\n","protected":false},"excerpt":{"rendered":"<p>Proyecto piloto capacitar\u00e1 a familias de pescadores para realizar paseos en sus embarcaciones para mostrar los diversos atractivos de la comuna Con el fin de recuperar las potencialidades que ofrece el turismo en la comuna, la Municipalidad de Quintero, junto a la Capitan\u00eda de Puerto y la Corporaci\u00f3n de Cultura y Turismo de Quintero, implementar\u00e1 [&hellip;]<\/p>\n","protected":false},"author":4,"featured_media":20989,"comment_status":"closed","ping_status":"closed","sticky":false,"template":"","format":"standard","meta":{"wds_primary_category":0,"footnotes":""},"categories":[1,2],"tags":[],"class_list":["post-20987","post","type-post","status-publish","format-standard","has-post-thumbnail","hentry","category-municipalidad","category-noticias"],"_links":{"self":[{"href":"https:\/\/www.muniquintero.cl\/index.php\/wp-json\/wp\/v2\/posts\/20987","targetHints":{"allow":["GET"]}}],"collection":[{"href":"https:\/\/www.muniquintero.cl\/index.php\/wp-json\/wp\/v2\/posts"}],"about":[{"href":"https:\/\/www.muniquintero.cl\/index.php\/wp-json\/wp\/v2\/types\/post"}],"author":[{"embeddable":true,"href":"https:\/\/www.muniquintero.cl\/index.php\/wp-json\/wp\/v2\/users\/4"}],"replies":[{"embeddable":true,"href":"https:\/\/www.muniquintero.cl\/index.php\/wp-json\/wp\/v2\/comments?post=20987"}],"version-history":[{"count":3,"href":"https:\/\/www.muniquintero.cl\/index.php\/wp-json\/wp\/v2\/posts\/20987\/revisions"}],"predecessor-version":[{"id":21000,"href":"https:\/\/www.muniquintero.cl\/index.php\/wp-json\/wp\/v2\/posts\/20987\/revisions\/21000"}],"wp:featuredmedia":[{"embeddable":true,"href":"https:\/\/www.muniquintero.cl\/index.php\/wp-json\/wp\/v2\/media\/20989"}],"wp:attachment":[{"href":"https:\/\/www.muniquintero.cl\/index.php\/wp-json\/wp\/v2\/media?parent=20987"}],"wp:term":[{"taxonomy":"category","embeddable":true,"href":"https:\/\/www.muniquintero.cl\/index.php\/wp-json\/wp\/v2\/categories?post=20987"},{"taxonomy":"post_tag","embeddable":true,"href":"https:\/\/www.muniquintero.cl\/index.php\/wp-json\/wp\/v2\/tags?post=20987"}],"curies":[{"name":"wp","href":"https:\/\/api.w.org\/{rel}","templated":true}]}}