{"id":20978,"date":"2018-10-16T17:17:28","date_gmt":"2018-10-16T21:17:28","guid":{"rendered":"https:\/\/www.muniquintero.cl\/?p=20978"},"modified":"2018-10-16T17:22:11","modified_gmt":"2018-10-16T21:22:11","slug":"delegada-de-la-onu-se-reunio-con-alcalde-carrasco-por-contaminacion-en-quintero","status":"publish","type":"post","link":"https:\/\/www.muniquintero.cl\/index.php\/2018\/10\/16\/delegada-de-la-onu-se-reunio-con-alcalde-carrasco-por-contaminacion-en-quintero\/","title":{"rendered":"Delegada de la ONU se reuni\u00f3 con alcalde  Carrasco por contaminaci\u00f3n en Quintero"},"content":{"rendered":"<p>Birgit Gerstenberg, representante del Alto Comisionado de las Naciones Unidas para los Derechos Humanos del Cono Sur, junto a Fernando Mart\u00ednez Jefe de la sede regional del INDH, se reunieron el viernes 12 de Octubre con el alcalde Mauricio Carrasco Pardo para conocer su perspectiva en el marco de la crisis ambiental que afecta a la comuna.<\/p>\n<p>Gerstenberg, dijo que tras leer el informe de la situaci\u00f3n de Derechos Humanos en Quintero y Puchucav\u00ed, que fue elaborado por el INDH, dijo que este es \u201cun informe anal\u00edtico que establece los hechos que considera los vac\u00edos de la informaci\u00f3n y que hace recomendaciones razonables y necesarias que deben ser atendidas por las autoridades\u201d, recalc\u00f3.<\/p>\n<p>Fernando Mart\u00ednez, explic\u00f3 que en la devoluci\u00f3n de este informe elaborado tras la misi\u00f3n de observaci\u00f3n realizada en septiembre, los antecedentes recabados indican la afectaci\u00f3n de una serie de derechos, como vivir en un ambiente libre de contaminaci\u00f3n, derecho a la integridad f\u00edsica, s\u00edquica, educaci\u00f3n, trabajo y adicionalmente el derecho a la informaci\u00f3n a la comunidad.<\/p>\n<p>El alcalde Mauricio Carrasco Pardo en tanto, valor\u00f3 la visita de la Delegada de la ONU y la entrega del informe elaborado por el INDH, manifestando adem\u00e1s su compromiso a seguir salvaguardando los derechos esenciales de la comunidad, prestando todo su apoyo para tal efecto.<\/p>\n<p><em><strong>Birgit Gerstenberg:<\/strong><\/em><\/p>\n<audio class=\"wp-audio-shortcode\" id=\"audio-20978-1\" preload=\"none\" style=\"width: 100%;\" controls=\"controls\"><source type=\"audio\/mpeg\" src=\"https:\/\/www.muniquintero.cl\/wp-content\/uploads\/2018\/10\/02-Birgit-Gerstenberg.mp3?_=1\" \/><a href=\"https:\/\/www.muniquintero.cl\/wp-content\/uploads\/2018\/10\/02-Birgit-Gerstenberg.mp3\">https:\/\/www.muniquintero.cl\/wp-content\/uploads\/2018\/10\/02-Birgit-Gerstenberg.mp3<\/a><\/audio>\n<p>&nbsp;<\/p>\n","protected":false},"excerpt":{"rendered":"<p>Birgit Gerstenberg, representante del Alto Comisionado de las Naciones Unidas para los Derechos Humanos del Cono Sur, junto a Fernando Mart\u00ednez Jefe de la sede regional del INDH, se reunieron el viernes 12 de Octubre con el alcalde Mauricio Carrasco Pardo para conocer su perspectiva en el marco de la crisis ambiental que afecta a [&hellip;]<\/p>\n","protected":false},"author":4,"featured_media":20980,"comment_status":"closed","ping_status":"closed","sticky":false,"template":"","format":"standard","meta":{"wds_primary_category":0,"footnotes":""},"categories":[1,2],"tags":[],"class_list":["post-20978","post","type-post","status-publish","format-standard","has-post-thumbnail","hentry","category-municipalidad","category-noticias"],"_links":{"self":[{"href":"https:\/\/www.muniquintero.cl\/index.php\/wp-json\/wp\/v2\/posts\/20978","targetHints":{"allow":["GET"]}}],"collection":[{"href":"https:\/\/www.muniquintero.cl\/index.php\/wp-json\/wp\/v2\/posts"}],"about":[{"href":"https:\/\/www.muniquintero.cl\/index.php\/wp-json\/wp\/v2\/types\/post"}],"author":[{"embeddable":true,"href":"https:\/\/www.muniquintero.cl\/index.php\/wp-json\/wp\/v2\/users\/4"}],"replies":[{"embeddable":true,"href":"https:\/\/www.muniquintero.cl\/index.php\/wp-json\/wp\/v2\/comments?post=20978"}],"version-history":[{"count":2,"href":"https:\/\/www.muniquintero.cl\/index.php\/wp-json\/wp\/v2\/posts\/20978\/revisions"}],"predecessor-version":[{"id":20982,"href":"https:\/\/www.muniquintero.cl\/index.php\/wp-json\/wp\/v2\/posts\/20978\/revisions\/20982"}],"wp:featuredmedia":[{"embeddable":true,"href":"https:\/\/www.muniquintero.cl\/index.php\/wp-json\/wp\/v2\/media\/20980"}],"wp:attachment":[{"href":"https:\/\/www.muniquintero.cl\/index.php\/wp-json\/wp\/v2\/media?parent=20978"}],"wp:term":[{"taxonomy":"category","embeddable":true,"href":"https:\/\/www.muniquintero.cl\/index.php\/wp-json\/wp\/v2\/categories?post=20978"},{"taxonomy":"post_tag","embeddable":true,"href":"https:\/\/www.muniquintero.cl\/index.php\/wp-json\/wp\/v2\/tags?post=20978"}],"curies":[{"name":"wp","href":"https:\/\/api.w.org\/{rel}","templated":true}]}}