{"id":20963,"date":"2018-10-12T17:32:12","date_gmt":"2018-10-12T21:32:12","guid":{"rendered":"https:\/\/www.muniquintero.cl\/?p=20963"},"modified":"2018-10-12T17:32:12","modified_gmt":"2018-10-12T21:32:12","slug":"fiesta-costumbrista-quintero-2018","status":"publish","type":"post","link":"https:\/\/www.muniquintero.cl\/index.php\/2018\/10\/12\/fiesta-costumbrista-quintero-2018\/","title":{"rendered":"Fiesta Costumbrista Quintero 2018"},"content":{"rendered":"<p>El alcalde Mauricio Carrasco Pardo junto al Concejo Municipal tienen el agrado de invitar a las y los vecinos de la comuna de Quintero, as\u00ed como tambi\u00e9n a los visitantes, a ser parte de la \u201cFiesta Costumbrista Quintero 2018 Recuperando Tradiciones\u201d.<\/p>\n<p>El espect\u00e1culo familiar que en una primera instancia se realizar\u00eda en el mes de Septiembre, hoy ya ha sido confirmado para desarrollarse en el Estadio Municipal Ra\u00fal Vargas Verdejo, entre los d\u00edas 01 y el 04 de Noviembre de 2018.<\/p>\n<p>Las puertas del recinto deportivo se abrir\u00e1n a las 10 horas de la ma\u00f1ana para que los ni\u00f1os y ni\u00f1as puedan disfrutar de los juegos t\u00edpicos, inflables y mec\u00e1nicos. Adem\u00e1s estar\u00e1n funcionando los puestos de artesan\u00eda y venta de comida al p\u00fablico en general.<\/p>\n<p>La Fiesta Costumbrista contar\u00e1 con artistas locales como, La Ruta, Banda Casino, Sombras del Valle, San Francisco, Sonora la Gozadora, Viento en Contra, Byron Fire. El folclor estar\u00e1 a cargo de Tradiciones y el Grupo la Trilla.<\/p>\n<p>Adem\u00e1s se presentar\u00e1n en el escenario de Quintero los Rumberos del 900, la Sonora de Hugo Palacios Jr, Noche de Brujas, Tomo como Rey, la Gran Sonora de Valpara\u00edso y la Cubanac\u00e1n.<\/p>\n<p>Les esperamos.<\/p>\n<p><a href=\"https:\/\/www.muniquintero.cl\/index.php\/2018\/10\/12\/fiesta-costumbrista-quintero-2018\/001-6\/\" rel=\"attachment wp-att-20967\"><img fetchpriority=\"high\" decoding=\"async\" class=\"aligncenter size-large wp-image-20967\" src=\"https:\/\/www.muniquintero.cl\/wp-content\/uploads\/2018\/10\/001-3-614x1024.jpg\" alt=\"\" width=\"614\" height=\"1024\" srcset=\"https:\/\/www.muniquintero.cl\/wp-content\/uploads\/2018\/10\/001-3-614x1024.jpg 614w, https:\/\/www.muniquintero.cl\/wp-content\/uploads\/2018\/10\/001-3-180x300.jpg 180w, https:\/\/www.muniquintero.cl\/wp-content\/uploads\/2018\/10\/001-3-768x1280.jpg 768w, https:\/\/www.muniquintero.cl\/wp-content\/uploads\/2018\/10\/001-3.jpg 1000w\" sizes=\"(max-width: 614px) 100vw, 614px\" \/><\/a><\/p>\n","protected":false},"excerpt":{"rendered":"<p>El alcalde Mauricio Carrasco Pardo junto al Concejo Municipal tienen el agrado de invitar a las y los vecinos de la comuna de Quintero, as\u00ed como tambi\u00e9n a los visitantes, a ser parte de la \u201cFiesta Costumbrista Quintero 2018 Recuperando Tradiciones\u201d. El espect\u00e1culo familiar que en una primera instancia se realizar\u00eda en el mes de [&hellip;]<\/p>\n","protected":false},"author":4,"featured_media":20964,"comment_status":"closed","ping_status":"closed","sticky":false,"template":"","format":"standard","meta":{"wds_primary_category":0,"footnotes":""},"categories":[1,2],"tags":[],"class_list":["post-20963","post","type-post","status-publish","format-standard","has-post-thumbnail","hentry","category-municipalidad","category-noticias"],"_links":{"self":[{"href":"https:\/\/www.muniquintero.cl\/index.php\/wp-json\/wp\/v2\/posts\/20963","targetHints":{"allow":["GET"]}}],"collection":[{"href":"https:\/\/www.muniquintero.cl\/index.php\/wp-json\/wp\/v2\/posts"}],"about":[{"href":"https:\/\/www.muniquintero.cl\/index.php\/wp-json\/wp\/v2\/types\/post"}],"author":[{"embeddable":true,"href":"https:\/\/www.muniquintero.cl\/index.php\/wp-json\/wp\/v2\/users\/4"}],"replies":[{"embeddable":true,"href":"https:\/\/www.muniquintero.cl\/index.php\/wp-json\/wp\/v2\/comments?post=20963"}],"version-history":[{"count":2,"href":"https:\/\/www.muniquintero.cl\/index.php\/wp-json\/wp\/v2\/posts\/20963\/revisions"}],"predecessor-version":[{"id":20969,"href":"https:\/\/www.muniquintero.cl\/index.php\/wp-json\/wp\/v2\/posts\/20963\/revisions\/20969"}],"wp:featuredmedia":[{"embeddable":true,"href":"https:\/\/www.muniquintero.cl\/index.php\/wp-json\/wp\/v2\/media\/20964"}],"wp:attachment":[{"href":"https:\/\/www.muniquintero.cl\/index.php\/wp-json\/wp\/v2\/media?parent=20963"}],"wp:term":[{"taxonomy":"category","embeddable":true,"href":"https:\/\/www.muniquintero.cl\/index.php\/wp-json\/wp\/v2\/categories?post=20963"},{"taxonomy":"post_tag","embeddable":true,"href":"https:\/\/www.muniquintero.cl\/index.php\/wp-json\/wp\/v2\/tags?post=20963"}],"curies":[{"name":"wp","href":"https:\/\/api.w.org\/{rel}","templated":true}]}}