{"id":20826,"date":"2018-09-11T18:36:59","date_gmt":"2018-09-11T22:36:59","guid":{"rendered":"https:\/\/www.muniquintero.cl\/?p=20826"},"modified":"2018-09-11T18:38:35","modified_gmt":"2018-09-11T22:38:35","slug":"alcalde-carrasco-ojala-sigan-inspeccionando-y-que-no-se-diluya-en-el-tiempo-como-ha-pasado-en-otras-emergencias","status":"publish","type":"post","link":"https:\/\/www.muniquintero.cl\/index.php\/2018\/09\/11\/alcalde-carrasco-ojala-sigan-inspeccionando-y-que-no-se-diluya-en-el-tiempo-como-ha-pasado-en-otras-emergencias\/","title":{"rendered":"Alcalde Carrasco: \u201cOjal\u00e1 sigan inspeccionando y que no se diluya en el tiempo como ha pasado en otras emergencias\u201d"},"content":{"rendered":"<p><strong><em>Autoridad comunal se\u00f1al\u00f3 que \u201c<\/em><\/strong><strong><em>la Superintendencia de Medioambiente, as\u00ed como fue tan acuciosa con Enap debe ser igual con todas y cada una de las otras empresas\u201d. Adem\u00e1s, valor\u00f3 la visita de la subsecretaria de Salud.<\/em><\/strong><\/p>\n<p>Tras la visita de la subsecretar\u00eda de Salud, Paula Daza a la zona, donde se reuni\u00f3 con autoridades regionales y locales, el alcalde Quintero Mauricio Carrasco Pardo, junto con valorar la visita de la autoridad estatal, asegur\u00f3 que se debe mantener con el monitoreo en la zona para encontrar a los responsables de la nube t\u00f3xica que afect\u00f3 a los vecinos de la comuna hace dos semanas.<\/p>\n<p>El alcalde Carrasco afirm\u00f3 que \u201cen cada reuni\u00f3n con la Superintendencia de Medioambiente, as\u00ed como fue tan acuciosa con Enap debe ser igual con todas y cada una de las otras empresas\u201d.<\/p>\n<p>\u201cLo que hemos dicho es que nosotros no tenemos los instrumentos, ni las facultades de poder entrar a estas empresas, pero si la SMA tiene el personal y los equipos para hacerlo, y en la medida que siga esta inspecci\u00f3n acuciosa podremos saber si hay m\u00e1s involucrados, no cabe la menor duda que la superintendencia no va a bajar la guardia para que aparezcan los responsables de lo que ha ido ocurriendo por tanto tiempo\u201d, a\u00f1adi\u00f3.<\/p>\n<p>\u201cAdem\u00e1s, es imprescindible que se mantengan las revisiones exhaustivas para as\u00ed poder esclarecer si hay m\u00e1s empresas involucradas, porque como Quinterano no permitir\u00e9 que se siga jugando con la salud de los habitantes de nuestra comuna\u201d. Recalc\u00f3<\/p>\n<p>La m\u00e1xima autoridad de Quintero record\u00f3 que \u201cpersonalmente, he podido participar en varios comit\u00e9s de emergencia, que son de car\u00e1cter privados, y que est\u00e1n dirigidos por el intendente, el cual es el vocero oficial de estas reuniones; pero la verdad que, en cada asamblea, la superintendencia ha mostrado responsablemente cada uno de los antecedentes. Y si formalizaron es porque tienen las competencias y los antecedentes necesarios para poder determinar estos resultados.<\/p>\n<p>Es importante que se siga inspeccionando y que no se diluya en el tiempo como ha pasado en otras ocasiones en donde hemos tenido otras emergencias\u201d.<\/p>\n<p>El alcalde Carrasco Pardo agreg\u00f3 que \u201chay varios incumplimientos porque hay que recordar que se pasaron algunos sumarios administrativos y de salud por unos elementos t\u00f3xicos que no est\u00e1n guardados como corresponde en otras empresas; trabajadores que se desmayaron y no fueron derivados a la mutual como corresponde; hay varios casos de esos, pero ninguno de esos antecedentes apunta al \u00faltimo episodio que nos tiene bastante complicados, con esta nube que entr\u00f3 y que afect\u00f3 a 95 personas\u201d.<\/p>\n<p>A su turno, la subsecretaria de Salud, Paula Daza, junto con reiterar el compromiso del ministerio con la comuna para solucionar los problemas derivados de la intoxicaci\u00f3n, se\u00f1al\u00f3 que junto a los profesionales de la OMS que llegaron a nuestro pa\u00eds, se encuentran realizando mediciones.<\/p>\n<p>\u00abEn general ha habido m\u00e1s de 700 consultas y podemos decir que son m\u00e1s de 600 pacientes que han consultado con diversos grados de sintomatolog\u00eda. Afortunadamente la sintomatolog\u00eda no ha sido tan grave en la mayor\u00eda de ellos para requerir hospitalizaci\u00f3n, pero s\u00ed es una sintomatolog\u00eda que se ha relacionado con algunos niveles m\u00e1s altos de estos gases\u00bb, dijo la autoridad.<\/p>\n<p>Adem\u00e1s, precis\u00f3 que \u00abse ha hecho un seguimiento en forma progresiva para permitir ver la evoluci\u00f3n de ellos\u00bb.<\/p>\n<audio class=\"wp-audio-shortcode\" id=\"audio-20826-1\" preload=\"none\" style=\"width: 100%;\" controls=\"controls\"><source type=\"audio\/mpeg\" src=\"https:\/\/www.muniquintero.cl\/wp-content\/uploads\/2018\/09\/ALCALDE-100918.mp3?_=1\" \/><a href=\"https:\/\/www.muniquintero.cl\/wp-content\/uploads\/2018\/09\/ALCALDE-100918.mp3\">https:\/\/www.muniquintero.cl\/wp-content\/uploads\/2018\/09\/ALCALDE-100918.mp3<\/a><\/audio>\n<p>&nbsp;<\/p>\n<audio class=\"wp-audio-shortcode\" id=\"audio-20826-2\" preload=\"none\" style=\"width: 100%;\" controls=\"controls\"><source type=\"audio\/mpeg\" src=\"https:\/\/www.muniquintero.cl\/wp-content\/uploads\/2018\/09\/subsecretari\u0301a-de-Salud-Paula-Daza.mp3?_=2\" \/><a href=\"https:\/\/www.muniquintero.cl\/wp-content\/uploads\/2018\/09\/subsecretari\u0301a-de-Salud-Paula-Daza.mp3\">https:\/\/www.muniquintero.cl\/wp-content\/uploads\/2018\/09\/subsecretari\u0301a-de-Salud-Paula-Daza.mp3<\/a><\/audio>\n<p>&nbsp;<\/p>\n<p>&nbsp;<\/p>\n","protected":false},"excerpt":{"rendered":"<p>Autoridad comunal se\u00f1al\u00f3 que \u201cla Superintendencia de Medioambiente, as\u00ed como fue tan acuciosa con Enap debe ser igual con todas y cada una de las otras empresas\u201d. Adem\u00e1s, valor\u00f3 la visita de la subsecretaria de Salud. Tras la visita de la subsecretar\u00eda de Salud, Paula Daza a la zona, donde se reuni\u00f3 con autoridades regionales [&hellip;]<\/p>\n","protected":false},"author":4,"featured_media":20830,"comment_status":"closed","ping_status":"closed","sticky":false,"template":"","format":"standard","meta":{"wds_primary_category":0,"footnotes":""},"categories":[1],"tags":[],"class_list":["post-20826","post","type-post","status-publish","format-standard","has-post-thumbnail","hentry","category-municipalidad"],"_links":{"self":[{"href":"https:\/\/www.muniquintero.cl\/index.php\/wp-json\/wp\/v2\/posts\/20826","targetHints":{"allow":["GET"]}}],"collection":[{"href":"https:\/\/www.muniquintero.cl\/index.php\/wp-json\/wp\/v2\/posts"}],"about":[{"href":"https:\/\/www.muniquintero.cl\/index.php\/wp-json\/wp\/v2\/types\/post"}],"author":[{"embeddable":true,"href":"https:\/\/www.muniquintero.cl\/index.php\/wp-json\/wp\/v2\/users\/4"}],"replies":[{"embeddable":true,"href":"https:\/\/www.muniquintero.cl\/index.php\/wp-json\/wp\/v2\/comments?post=20826"}],"version-history":[{"count":3,"href":"https:\/\/www.muniquintero.cl\/index.php\/wp-json\/wp\/v2\/posts\/20826\/revisions"}],"predecessor-version":[{"id":20832,"href":"https:\/\/www.muniquintero.cl\/index.php\/wp-json\/wp\/v2\/posts\/20826\/revisions\/20832"}],"wp:featuredmedia":[{"embeddable":true,"href":"https:\/\/www.muniquintero.cl\/index.php\/wp-json\/wp\/v2\/media\/20830"}],"wp:attachment":[{"href":"https:\/\/www.muniquintero.cl\/index.php\/wp-json\/wp\/v2\/media?parent=20826"}],"wp:term":[{"taxonomy":"category","embeddable":true,"href":"https:\/\/www.muniquintero.cl\/index.php\/wp-json\/wp\/v2\/categories?post=20826"},{"taxonomy":"post_tag","embeddable":true,"href":"https:\/\/www.muniquintero.cl\/index.php\/wp-json\/wp\/v2\/tags?post=20826"}],"curies":[{"name":"wp","href":"https:\/\/api.w.org\/{rel}","templated":true}]}}