{"id":20806,"date":"2018-09-06T15:10:28","date_gmt":"2018-09-06T19:10:28","guid":{"rendered":"https:\/\/www.muniquintero.cl\/?p=20806"},"modified":"2018-09-06T15:10:28","modified_gmt":"2018-09-06T19:10:28","slug":"ministro-santelices-ratifica-compromisos-de-salud-en-reunion-con-alcalde-de-quintero","status":"publish","type":"post","link":"https:\/\/www.muniquintero.cl\/index.php\/2018\/09\/06\/ministro-santelices-ratifica-compromisos-de-salud-en-reunion-con-alcalde-de-quintero\/","title":{"rendered":"Ministro Santelices ratifica compromisos de Salud en reuni\u00f3n con alcalde de Quintero"},"content":{"rendered":"<p><em>La adquisici<\/em><em>\u00f3<\/em><em>n de nuevos equipos de medici<\/em><em>\u00f3<\/em><em>n, la construcci<\/em><em>\u00f3<\/em><em>n de un Cesfam y la ampliaci<\/em><em>\u00f3<\/em><em>n de la complejidad del hospital de la comuna fueron abordado en cita realizada en Santiago.<\/em><\/p>\n<p><em>\u00a0<\/em><\/p>\n<p>El alcalde de Quintero, Mauricio Carrasco Pardo, junto a parte del Concejo Municipal, se reuni\u00f3 con el ministro de Salud, Emilio Santelices, para abordar los compromisos que el titular de dicha cartera adquiri\u00f3 con la comunidad, tras su visita al territorio afectado por la crisis medioambiental.<\/p>\n<p>&nbsp;<\/p>\n<p>En la ocasi\u00f3n, el ministro ratific\u00f3 la implementaci\u00f3n de las medidas que est\u00e1n orientadas a superar la situaci\u00f3n, tanto en el corto, mediano y largo plazo. En ese sentido, la autoridad comprometi\u00f3 la adquisici\u00f3n de nuevos equipos de monitoreos, la construcci\u00f3n de un Cesfam en el sector sur de la comuna y el aumento de la complejidad del actual hospital, Adriana Cousi\u00f1o.<\/p>\n<p>&nbsp;<\/p>\n<p>El alcalde de Quintero, Mauricio Carrasco Pardo, expres\u00f3 que <strong><em>\u201c<\/em><\/strong><strong><em>esta reuni<\/em><\/strong><strong><em>\u00f3<\/em><\/strong><strong><em>n fue enmarcada en los compromisos que hizo el ministro de Salud, cuando fue a las comunas de Quintero y Puchuncav<\/em><\/strong><strong><em>\u00ed<\/em><\/strong><strong><em> a ratificar los plazos y ver, efectivamente, qu<\/em><\/strong><strong><em>\u00e9<\/em><\/strong><strong><em> se va a hacer en temas de salud, tanto en nuestra comuna y como en Puchuncav<\/em><\/strong><strong><em>\u00ed\u201d<\/em><\/strong><strong><em>. <\/em><\/strong><\/p>\n<p><strong><em>\u00a0<\/em><\/strong><\/p>\n<p>La autoridad comunal detall\u00f3 que <strong>\u201c<\/strong><strong><em>nos vamos con algo muy interesante, que es instalar, no en dos semanas, porque estos equipos hay que importarlos, pero tambi<\/em><\/strong><strong><em>\u00e9<\/em><\/strong><strong><em>n, as<\/em><\/strong><strong><em>\u00ed<\/em><\/strong><strong><em> como el Ministerio de Medio Ambiente comprometi<\/em><\/strong><strong><em>\u00f3<\/em><\/strong><strong><em> un equipo para quedar en la comuna de Quintero, uno en Puchuncav<\/em><\/strong><strong><em>\u00ed<\/em><\/strong><strong><em> y otro en Conc<\/em><\/strong><strong><em>\u00f3<\/em><\/strong><strong><em>n, el ministro nos cont<\/em><\/strong><strong><em>\u00f3<\/em><\/strong><strong><em> que tambi<\/em><\/strong><strong><em>\u00e9<\/em><\/strong><strong><em>n, el Ministerio de Salud va a adquirir algunos equipos para tener sus mediciones para compararlas con las que arrojen las dem<\/em><\/strong><strong><em>\u00e1<\/em><\/strong><strong><em>s instalaciones<\/em><\/strong><strong><em>\u201d<\/em><\/strong><strong><em>.<\/em><\/strong><\/p>\n<p><strong><em>\u00a0<\/em><\/strong><\/p>\n<p>Adem\u00e1s, a\u00f1adi\u00f3 que <strong><em>\u201c<\/em><\/strong><strong><em>no nos vamos tranquilo porque todav<\/em><\/strong><strong><em>\u00ed<\/em><\/strong><strong><em>a no superamos estos eventos, pero nos vamos muy esperanzados en que estos compromisos se van a cumplir, en que vamos a tener el Cesfam y una vez instalado, poder cambiar la complejidad del Hospital, pero mientras tanto, van a permanecer los especialistas que la comunidad ha solicitado. Nos devolvemos a Quintero para seguir trabajando<\/em><\/strong><strong><em>\u201d<\/em><\/strong><strong><em>.<\/em><\/strong><\/p>\n<p><strong><em>\u00a0<\/em><\/strong><\/p>\n<p>Por su parte, el ministro de Salud, Emilio Santelices, reiter\u00f3 su compromiso irrestricto con la comunidad y, al mismo tiempo, indic\u00f3 que <strong><em>\u201c<\/em><\/strong><strong><em>una vez superada esta crisis, seguiremos trabajando juntos, con objeto de poder resolver todos los temas que a ellos les preocupan. Devolverles la tranquilidad, quitarles la incertidumbre y hacerles sentir que, como Ministerio de Salud, vamos a estar acompa<\/em><\/strong><strong><em>\u00f1\u00e1<\/em><\/strong><strong><em>ndolos, poni<\/em><\/strong><strong><em>\u00e9<\/em><\/strong><strong><em>ndonos en el lugar de cada familia y vamos a estar cuidando a cada uno de sus ni<\/em><\/strong><strong><em>\u00f1<\/em><\/strong><strong><em>os para que, las situaciones que han vivido en estos d<\/em><\/strong><strong><em>\u00ed<\/em><\/strong><strong><em>as no vuelvan a ocurrir y para que, frente a cualquier eventualidad de cualquier tipo, sepan que el equipo de Salud, desde el ministro, van a estar mancomunadamente trabajando con ustedes y para ustedes<\/em><\/strong><strong><em>\u201d<\/em><\/strong><strong><em>.<\/em><\/strong><\/p>\n<p><strong><em>\u00a0<\/em><\/strong><\/p>\n<p>Por \u00faltimo, el concejal Luis Gatica coment\u00f3 que en la cita con el ministro <strong><em>\u201c<\/em><\/strong><strong><em>le reiter<\/em><\/strong><strong><em>\u00e9<\/em><\/strong><strong><em> la inquietud de la comunidad de Quintero, de tener un hospital de mayor complejidad, y nos vamos con una idea muy fuerte, el Hospital de Quintero va a ser de nivel 3, vamos a tener un Cesfam en el sector sur de Quintero, que se va a licitar a principio de a<\/em><\/strong><strong><em>\u00f1<\/em><\/strong><strong><em>o y el primer trimestre ya lo vamos a tener en construcci<\/em><\/strong><strong><em>\u00f3<\/em><\/strong><strong><em>n pero, adem<\/em><\/strong><strong><em>\u00e1<\/em><\/strong><strong><em>s, esto es un sue<\/em><\/strong><strong><em>\u00f1<\/em><\/strong><strong><em>o en el que tenemos que trabajar todos, habr<\/em><\/strong><strong><em>\u00e1<\/em><\/strong><strong><em> un\u00a0 nuevo hospital para Quintero<\/em><\/strong><strong><em>\u201d<\/em><\/strong><strong><em>.<\/em><\/strong><\/p>\n<audio class=\"wp-audio-shortcode\" id=\"audio-20806-1\" preload=\"none\" style=\"width: 100%;\" controls=\"controls\"><source type=\"audio\/mpeg\" src=\"https:\/\/www.muniquintero.cl\/wp-content\/uploads\/2018\/09\/alcalde-Mauricio-Carrasco-Pardo.mp3?_=1\" \/><a href=\"https:\/\/www.muniquintero.cl\/wp-content\/uploads\/2018\/09\/alcalde-Mauricio-Carrasco-Pardo.mp3\">https:\/\/www.muniquintero.cl\/wp-content\/uploads\/2018\/09\/alcalde-Mauricio-Carrasco-Pardo.mp3<\/a><\/audio>\n<audio class=\"wp-audio-shortcode\" id=\"audio-20806-2\" preload=\"none\" style=\"width: 100%;\" controls=\"controls\"><source type=\"audio\/mpeg\" src=\"https:\/\/www.muniquintero.cl\/wp-content\/uploads\/2018\/09\/Emilio-Santelices-ministro-de-Salud.mp3?_=2\" \/><a href=\"https:\/\/www.muniquintero.cl\/wp-content\/uploads\/2018\/09\/Emilio-Santelices-ministro-de-Salud.mp3\">https:\/\/www.muniquintero.cl\/wp-content\/uploads\/2018\/09\/Emilio-Santelices-ministro-de-Salud.mp3<\/a><\/audio>\n<audio class=\"wp-audio-shortcode\" id=\"audio-20806-3\" preload=\"none\" style=\"width: 100%;\" controls=\"controls\"><source type=\"audio\/mpeg\" src=\"https:\/\/www.muniquintero.cl\/wp-content\/uploads\/2018\/09\/Luis-Gatica-concejal.mp3?_=3\" \/><a href=\"https:\/\/www.muniquintero.cl\/wp-content\/uploads\/2018\/09\/Luis-Gatica-concejal.mp3\">https:\/\/www.muniquintero.cl\/wp-content\/uploads\/2018\/09\/Luis-Gatica-concejal.mp3<\/a><\/audio>\n","protected":false},"excerpt":{"rendered":"<p>La adquisici\u00f3n de nuevos equipos de medici\u00f3n, la construcci\u00f3n de un Cesfam y la ampliaci\u00f3n de la complejidad del hospital de la comuna fueron abordado en cita realizada en Santiago. \u00a0 El alcalde de Quintero, Mauricio Carrasco Pardo, junto a parte del Concejo Municipal, se reuni\u00f3 con el ministro de Salud, Emilio Santelices, para abordar [&hellip;]<\/p>\n","protected":false},"author":4,"featured_media":20807,"comment_status":"closed","ping_status":"closed","sticky":false,"template":"","format":"standard","meta":{"wds_primary_category":0,"footnotes":""},"categories":[1,2],"tags":[],"class_list":["post-20806","post","type-post","status-publish","format-standard","has-post-thumbnail","hentry","category-municipalidad","category-noticias"],"_links":{"self":[{"href":"https:\/\/www.muniquintero.cl\/index.php\/wp-json\/wp\/v2\/posts\/20806","targetHints":{"allow":["GET"]}}],"collection":[{"href":"https:\/\/www.muniquintero.cl\/index.php\/wp-json\/wp\/v2\/posts"}],"about":[{"href":"https:\/\/www.muniquintero.cl\/index.php\/wp-json\/wp\/v2\/types\/post"}],"author":[{"embeddable":true,"href":"https:\/\/www.muniquintero.cl\/index.php\/wp-json\/wp\/v2\/users\/4"}],"replies":[{"embeddable":true,"href":"https:\/\/www.muniquintero.cl\/index.php\/wp-json\/wp\/v2\/comments?post=20806"}],"version-history":[{"count":1,"href":"https:\/\/www.muniquintero.cl\/index.php\/wp-json\/wp\/v2\/posts\/20806\/revisions"}],"predecessor-version":[{"id":20811,"href":"https:\/\/www.muniquintero.cl\/index.php\/wp-json\/wp\/v2\/posts\/20806\/revisions\/20811"}],"wp:featuredmedia":[{"embeddable":true,"href":"https:\/\/www.muniquintero.cl\/index.php\/wp-json\/wp\/v2\/media\/20807"}],"wp:attachment":[{"href":"https:\/\/www.muniquintero.cl\/index.php\/wp-json\/wp\/v2\/media?parent=20806"}],"wp:term":[{"taxonomy":"category","embeddable":true,"href":"https:\/\/www.muniquintero.cl\/index.php\/wp-json\/wp\/v2\/categories?post=20806"},{"taxonomy":"post_tag","embeddable":true,"href":"https:\/\/www.muniquintero.cl\/index.php\/wp-json\/wp\/v2\/tags?post=20806"}],"curies":[{"name":"wp","href":"https:\/\/api.w.org\/{rel}","templated":true}]}}