{"id":20749,"date":"2018-09-01T11:55:07","date_gmt":"2018-09-01T15:55:07","guid":{"rendered":"https:\/\/www.muniquintero.cl\/?p=20749"},"modified":"2018-09-01T12:00:55","modified_gmt":"2018-09-01T16:00:55","slug":"declaracion-publica-3","status":"publish","type":"post","link":"https:\/\/www.muniquintero.cl\/index.php\/2018\/09\/01\/declaracion-publica-3\/","title":{"rendered":"Declaraci\u00f3n P\u00fablica"},"content":{"rendered":"<p>La Ilustre Municipalidad de Quintero informa lo siguiente, ante las declaraciones del se\u00f1or ministro de Salud, Emilio Santelices a un medio capitalino:<\/p>\n<p>Nos parece muy irresponsable las declaraciones, toda vez que a\u00fan no se tiene claridad de cu\u00e1les podr\u00edan ser los efectos de la nube contaminante que intoxic\u00f3 a los vecinos de la comuna de Quintero, siendo principalmente ni\u00f1os y adultos mayores los m\u00e1s afectados.<\/p>\n<p>Sus lamentables palabras, van en desmedro de todo el trabajo mancomunado que se ha venido realizando con todas las autoridades regionales, con el Intendente Regional, la Gobernadora Provincial y Seremi de Medioambiente, para poder establecer y clarificar estos episodios de contaminaci\u00f3n.<\/p>\n<p>Es necesario precisar adem\u00e1s, que el \u201cEquipo de Medici\u00f3n de Gases\u201d proporcionado por el Ministerio de Medioambiente, es un instrumento digital moderno, manipulado por personal municipal capacitado por el mismo ministerio, cuya informaci\u00f3n es monitoreada en tiempo real (on line) por las autoridades de esta cartera, quienes pueden descargar los archivos inmediatamente, lo que permite analizar los datos y conocer los agentes qu\u00edmicos que se est\u00e1n identificando.<\/p>\n<p>Por lo tanto creemos en que son muy desafortunadas las palabras del ministro Santelices, que pretenden bajarle el perfil a una situaci\u00f3n grave, que est\u00e1 afectando a la comuna desde hace d\u00e9cadas y que esperamos no se vuelva a repetir.<\/p>\n<p>&nbsp;<\/p>\n<p>Quintero, 01 de Septiembre de 2018<\/p>\n","protected":false},"excerpt":{"rendered":"<p>La Ilustre Municipalidad de Quintero informa lo siguiente, ante las declaraciones del se\u00f1or ministro de Salud, Emilio Santelices a un medio capitalino: Nos parece muy irresponsable las declaraciones, toda vez que a\u00fan no se tiene claridad de cu\u00e1les podr\u00edan ser los efectos de la nube contaminante que intoxic\u00f3 a los vecinos de la comuna de [&hellip;]<\/p>\n","protected":false},"author":4,"featured_media":20751,"comment_status":"closed","ping_status":"closed","sticky":false,"template":"","format":"standard","meta":{"wds_primary_category":0,"footnotes":""},"categories":[1],"tags":[],"class_list":["post-20749","post","type-post","status-publish","format-standard","has-post-thumbnail","hentry","category-municipalidad"],"_links":{"self":[{"href":"https:\/\/www.muniquintero.cl\/index.php\/wp-json\/wp\/v2\/posts\/20749","targetHints":{"allow":["GET"]}}],"collection":[{"href":"https:\/\/www.muniquintero.cl\/index.php\/wp-json\/wp\/v2\/posts"}],"about":[{"href":"https:\/\/www.muniquintero.cl\/index.php\/wp-json\/wp\/v2\/types\/post"}],"author":[{"embeddable":true,"href":"https:\/\/www.muniquintero.cl\/index.php\/wp-json\/wp\/v2\/users\/4"}],"replies":[{"embeddable":true,"href":"https:\/\/www.muniquintero.cl\/index.php\/wp-json\/wp\/v2\/comments?post=20749"}],"version-history":[{"count":1,"href":"https:\/\/www.muniquintero.cl\/index.php\/wp-json\/wp\/v2\/posts\/20749\/revisions"}],"predecessor-version":[{"id":20750,"href":"https:\/\/www.muniquintero.cl\/index.php\/wp-json\/wp\/v2\/posts\/20749\/revisions\/20750"}],"wp:featuredmedia":[{"embeddable":true,"href":"https:\/\/www.muniquintero.cl\/index.php\/wp-json\/wp\/v2\/media\/20751"}],"wp:attachment":[{"href":"https:\/\/www.muniquintero.cl\/index.php\/wp-json\/wp\/v2\/media?parent=20749"}],"wp:term":[{"taxonomy":"category","embeddable":true,"href":"https:\/\/www.muniquintero.cl\/index.php\/wp-json\/wp\/v2\/categories?post=20749"},{"taxonomy":"post_tag","embeddable":true,"href":"https:\/\/www.muniquintero.cl\/index.php\/wp-json\/wp\/v2\/tags?post=20749"}],"curies":[{"name":"wp","href":"https:\/\/api.w.org\/{rel}","templated":true}]}}