{"id":20693,"date":"2018-08-24T12:24:58","date_gmt":"2018-08-24T16:24:58","guid":{"rendered":"https:\/\/www.muniquintero.cl\/?p=20693"},"modified":"2018-08-24T12:24:58","modified_gmt":"2018-08-24T16:24:58","slug":"coloquio-agendado-para-el-domingo-26-de-agosto-fue-suspendido-por-emergencia-ambiental","status":"publish","type":"post","link":"https:\/\/www.muniquintero.cl\/index.php\/2018\/08\/24\/coloquio-agendado-para-el-domingo-26-de-agosto-fue-suspendido-por-emergencia-ambiental\/","title":{"rendered":"Coloquio agendado para el domingo, 26 de agosto, fue suspendido por emergencia ambiental"},"content":{"rendered":"<p>Comunicamos la SUSPENSI\u00d3N del Coloquio \u201cCaracter\u00edsticas del desembarco en la bah\u00eda de Quintero, agosto de 1981\u201d, organizado por la unidad de Patrimonio de la Municipalidad de Quintero.<\/p>\n<p>La decisi\u00f3n fue tomada tras el decreto de ALERTA AMARILLA AMBIENTAL por los episodios de contaminaci\u00f3n.<\/p>\n<p>El evento estaba programado para el pr\u00f3ximo domingo, 26 de agosto, en el Parque Municipal, Luisa Sebire de Cousi\u00f1o.<\/p>\n<p>&nbsp;<\/p>\n","protected":false},"excerpt":{"rendered":"<p>Comunicamos la SUSPENSI\u00d3N del Coloquio \u201cCaracter\u00edsticas del desembarco en la bah\u00eda de Quintero, agosto de 1981\u201d, organizado por la unidad de Patrimonio de la Municipalidad de Quintero. La decisi\u00f3n fue tomada tras el decreto de ALERTA AMARILLA AMBIENTAL por los episodios de contaminaci\u00f3n. El evento estaba programado para el pr\u00f3ximo domingo, 26 de agosto, en [&hellip;]<\/p>\n","protected":false},"author":4,"featured_media":20694,"comment_status":"closed","ping_status":"closed","sticky":false,"template":"","format":"standard","meta":{"wds_primary_category":0,"footnotes":""},"categories":[1,2],"tags":[],"class_list":["post-20693","post","type-post","status-publish","format-standard","has-post-thumbnail","hentry","category-municipalidad","category-noticias"],"_links":{"self":[{"href":"https:\/\/www.muniquintero.cl\/index.php\/wp-json\/wp\/v2\/posts\/20693","targetHints":{"allow":["GET"]}}],"collection":[{"href":"https:\/\/www.muniquintero.cl\/index.php\/wp-json\/wp\/v2\/posts"}],"about":[{"href":"https:\/\/www.muniquintero.cl\/index.php\/wp-json\/wp\/v2\/types\/post"}],"author":[{"embeddable":true,"href":"https:\/\/www.muniquintero.cl\/index.php\/wp-json\/wp\/v2\/users\/4"}],"replies":[{"embeddable":true,"href":"https:\/\/www.muniquintero.cl\/index.php\/wp-json\/wp\/v2\/comments?post=20693"}],"version-history":[{"count":2,"href":"https:\/\/www.muniquintero.cl\/index.php\/wp-json\/wp\/v2\/posts\/20693\/revisions"}],"predecessor-version":[{"id":20696,"href":"https:\/\/www.muniquintero.cl\/index.php\/wp-json\/wp\/v2\/posts\/20693\/revisions\/20696"}],"wp:featuredmedia":[{"embeddable":true,"href":"https:\/\/www.muniquintero.cl\/index.php\/wp-json\/wp\/v2\/media\/20694"}],"wp:attachment":[{"href":"https:\/\/www.muniquintero.cl\/index.php\/wp-json\/wp\/v2\/media?parent=20693"}],"wp:term":[{"taxonomy":"category","embeddable":true,"href":"https:\/\/www.muniquintero.cl\/index.php\/wp-json\/wp\/v2\/categories?post=20693"},{"taxonomy":"post_tag","embeddable":true,"href":"https:\/\/www.muniquintero.cl\/index.php\/wp-json\/wp\/v2\/tags?post=20693"}],"curies":[{"name":"wp","href":"https:\/\/api.w.org\/{rel}","templated":true}]}}