{"id":20335,"date":"2018-02-19T17:32:52","date_gmt":"2018-02-19T21:32:52","guid":{"rendered":"https:\/\/www.muniquintero.cl\/?p=20335"},"modified":"2018-02-19T17:32:52","modified_gmt":"2018-02-19T21:32:52","slug":"victoria-jorquera-es-la-nueva-reina-de-quintero","status":"publish","type":"post","link":"https:\/\/www.muniquintero.cl\/index.php\/2018\/02\/19\/victoria-jorquera-es-la-nueva-reina-de-quintero\/","title":{"rendered":"Victoria Jorquera es la nueva Reina de Quintero"},"content":{"rendered":"<p>Victoria Jorquera Ortega fue coronada el s\u00e1bado 17 de Febrero, como la nueva Reina del Verano Quintero 2018, en el escenario de la Puntilla de San Fuentes y que tuvo como n\u00famero central la presentaci\u00f3n de la Banda Nacional \u201cJuana Fe\u201d.<\/p>\n<p>M\u00e1s de 5000 personas participaron ayer del evento m\u00e1s importante del Verano y que entre otros premio a Catalina Tchivicov como virreina y a Lissany Tourn en el tercer lugar.<\/p>\n<p>La nueva soberana se\u00f1al\u00f3 estar emocionada con el premio y p\u00fablicamente comprometi\u00f3 su tiempo y dedicaci\u00f3n a ser un aporte en todas las instancias a las que fuese congregada.<\/p>\n<p>Finalmente, destacamos la presentaci\u00f3n de la banda tropical de nuestra comuna \u201cViento en Contra\u201d los que sorprendieron con su talento y su m\u00fasica.<\/p>\n<p>&nbsp;<\/p>\n<p>&nbsp;<\/p>\n","protected":false},"excerpt":{"rendered":"<p>Victoria Jorquera Ortega fue coronada el s\u00e1bado 17 de Febrero, como la nueva Reina del Verano Quintero 2018, en el escenario de la Puntilla de San Fuentes y que tuvo como n\u00famero central la presentaci\u00f3n de la Banda Nacional \u201cJuana Fe\u201d. M\u00e1s de 5000 personas participaron ayer del evento m\u00e1s importante del Verano y que [&hellip;]<\/p>\n","protected":false},"author":4,"featured_media":20337,"comment_status":"closed","ping_status":"closed","sticky":false,"template":"","format":"standard","meta":{"wds_primary_category":0,"footnotes":""},"categories":[1,2],"tags":[],"class_list":["post-20335","post","type-post","status-publish","format-standard","has-post-thumbnail","hentry","category-municipalidad","category-noticias"],"_links":{"self":[{"href":"https:\/\/www.muniquintero.cl\/index.php\/wp-json\/wp\/v2\/posts\/20335","targetHints":{"allow":["GET"]}}],"collection":[{"href":"https:\/\/www.muniquintero.cl\/index.php\/wp-json\/wp\/v2\/posts"}],"about":[{"href":"https:\/\/www.muniquintero.cl\/index.php\/wp-json\/wp\/v2\/types\/post"}],"author":[{"embeddable":true,"href":"https:\/\/www.muniquintero.cl\/index.php\/wp-json\/wp\/v2\/users\/4"}],"replies":[{"embeddable":true,"href":"https:\/\/www.muniquintero.cl\/index.php\/wp-json\/wp\/v2\/comments?post=20335"}],"version-history":[{"count":1,"href":"https:\/\/www.muniquintero.cl\/index.php\/wp-json\/wp\/v2\/posts\/20335\/revisions"}],"predecessor-version":[{"id":20338,"href":"https:\/\/www.muniquintero.cl\/index.php\/wp-json\/wp\/v2\/posts\/20335\/revisions\/20338"}],"wp:featuredmedia":[{"embeddable":true,"href":"https:\/\/www.muniquintero.cl\/index.php\/wp-json\/wp\/v2\/media\/20337"}],"wp:attachment":[{"href":"https:\/\/www.muniquintero.cl\/index.php\/wp-json\/wp\/v2\/media?parent=20335"}],"wp:term":[{"taxonomy":"category","embeddable":true,"href":"https:\/\/www.muniquintero.cl\/index.php\/wp-json\/wp\/v2\/categories?post=20335"},{"taxonomy":"post_tag","embeddable":true,"href":"https:\/\/www.muniquintero.cl\/index.php\/wp-json\/wp\/v2\/tags?post=20335"}],"curies":[{"name":"wp","href":"https:\/\/api.w.org\/{rel}","templated":true}]}}